{"id":49568,"date":"2022-06-06T22:29:59","date_gmt":"2022-06-07T01:29:59","guid":{"rendered":"https:\/\/vocesparalelas.com.ar\/sitio\/?p=49568"},"modified":"2022-06-06T22:34:25","modified_gmt":"2022-06-07T01:34:25","slug":"el-gobierno-de-san-juan-convoco-a-sindicatos-docentes-y-autoconvocados-a-una-mesa-de-dialogo","status":"publish","type":"post","link":"https:\/\/vocesparalelas.com.ar\/sitio\/el-gobierno-de-san-juan-convoco-a-sindicatos-docentes-y-autoconvocados-a-una-mesa-de-dialogo\/","title":{"rendered":"El Gobierno de San Juan convoc\u00f3 a sindicatos docentes y autoconvocados a una mesa de di\u00e1logo"},"content":{"rendered":"<p>El Gobierno de San Juan convoc\u00f3 a los sindicatos docentes UDAP, UDA, AMET y tres representantes de los docentes autoconvocados a una mesa de di\u00e1logo que tiene lugar el Lunes, 06 de Junio de 2022, a las 18 horas en el Ministerio de Educaci\u00f3n, 2\u00b0 Piso del Centro C\u00edvico.<\/p>\n<p>El encuentro, que es presidido por las ministros de Hacienda y Finanzas, CPN Marisa L\u00f3pez y de Educaci\u00f3n, Prof. Cecilia Trincado Moncho, se brind\u00f3 despu\u00e9s que el Ejecutivo otorgara una suba del 65 % para el sector docente para el 2022; mismo aumento que se otorg\u00f3 a la Administraci\u00f3n P\u00fablica Provincial.<\/p>\n<p>Pasado el mediod\u00eda de este lunes, el Gobierno recibi\u00f3, a trav\u00e9s del subsecretario de la Unidad Gobernaci\u00f3n, Luis Rueda, un nuevo petitorio por parte de los docentes autoconvocados.<\/p>\n<p>Cabe recordar que con este incremento salarial los docentes de San Juan tienen\u00a0 un salario m\u00ednimo del 30 % superior al nacional, lo que significa una erogaci\u00f3n total para la Provincia de San Juan la suma de $30.494.000.000.<\/p>\n<p>La reuni\u00f3n contin\u00faa y en los jardines del Centro C\u00edvico se encuentra los docentes Autoconvocados de San Juan haciendo una vigilia acompa\u00f1an con Banderas Argentinas, aplausos, cantos y expresiones vocales.<\/p>\n<p><iframe loading=\"lazy\" title=\"DOCENTES AUTOCONVOCADOS  SAN JUAN\" width=\"800\" height=\"450\" src=\"https:\/\/www.youtube.com\/embed\/dQmmy0C4Dr4?feature=oembed\" frameborder=\"0\" allow=\"accelerometer; autoplay; clipboard-write; encrypted-media; gyroscope; picture-in-picture\" allowfullscreen><\/iframe><\/p>\n<p>&nbsp;<\/p>\n<p>Publicado el Lunes, 06 de Junio de 2022<\/p>\n<p>&nbsp;<\/p>\n<p>&nbsp;<\/p>\n<p>&nbsp;<\/p>\n<p>&nbsp;<\/p>\n","protected":false},"excerpt":{"rendered":"<p>El Gobierno de San Juan convoc\u00f3 a los sindicatos docentes UDAP, UDA, AMET y tres representantes de los docentes autoconvocados<\/p>\n","protected":false},"author":3,"featured_media":1245,"comment_status":"closed","ping_status":"closed","sticky":false,"template":"","format":"video","meta":{"_acf_changed":false,"_seopress_robots_primary_cat":"none","_seopress_titles_title":"","_seopress_titles_desc":"","_seopress_robots_index":"","colormag_page_container_layout":"default_layout","colormag_page_sidebar_layout":"default_layout","footnotes":""},"categories":[1,7],"tags":[],"class_list":["post-49568","post","type-post","status-publish","format-video","has-post-thumbnail","hentry","category-destacadas","category-videos","post_format-post-format-video"],"acf":[],"_links":{"self":[{"href":"https:\/\/vocesparalelas.com.ar\/sitio\/wp-json\/wp\/v2\/posts\/49568","targetHints":{"allow":["GET"]}}],"collection":[{"href":"https:\/\/vocesparalelas.com.ar\/sitio\/wp-json\/wp\/v2\/posts"}],"about":[{"href":"https:\/\/vocesparalelas.com.ar\/sitio\/wp-json\/wp\/v2\/types\/post"}],"author":[{"embeddable":true,"href":"https:\/\/vocesparalelas.com.ar\/sitio\/wp-json\/wp\/v2\/users\/3"}],"replies":[{"embeddable":true,"href":"https:\/\/vocesparalelas.com.ar\/sitio\/wp-json\/wp\/v2\/comments?post=49568"}],"version-history":[{"count":5,"href":"https:\/\/vocesparalelas.com.ar\/sitio\/wp-json\/wp\/v2\/posts\/49568\/revisions"}],"predecessor-version":[{"id":49575,"href":"https:\/\/vocesparalelas.com.ar\/sitio\/wp-json\/wp\/v2\/posts\/49568\/revisions\/49575"}],"wp:featuredmedia":[{"embeddable":true,"href":"https:\/\/vocesparalelas.com.ar\/sitio\/wp-json\/wp\/v2\/media\/1245"}],"wp:attachment":[{"href":"https:\/\/vocesparalelas.com.ar\/sitio\/wp-json\/wp\/v2\/media?parent=49568"}],"wp:term":[{"taxonomy":"category","embeddable":true,"href":"https:\/\/vocesparalelas.com.ar\/sitio\/wp-json\/wp\/v2\/categories?post=49568"},{"taxonomy":"post_tag","embeddable":true,"href":"https:\/\/vocesparalelas.com.ar\/sitio\/wp-json\/wp\/v2\/tags?post=49568"}],"curies":[{"name":"wp","href":"https:\/\/api.w.org\/{rel}","templated":true}]}}