{"id":49555,"date":"2022-06-04T13:53:19","date_gmt":"2022-06-04T16:53:19","guid":{"rendered":"https:\/\/vocesparalelas.com.ar\/sitio\/?p=49555"},"modified":"2022-06-07T01:55:01","modified_gmt":"2022-06-07T04:55:01","slug":"inscripcion-a-interinatos-y-suplencias-para-el-ciclo-lectivo-2023-de-la-rama-media-y-superior-de-san-juan","status":"publish","type":"post","link":"https:\/\/vocesparalelas.com.ar\/sitio\/inscripcion-a-interinatos-y-suplencias-para-el-ciclo-lectivo-2023-de-la-rama-media-y-superior-de-san-juan\/","title":{"rendered":"Inscripci\u00f3n a Interinatos y Suplencias para el Ciclo Lectivo 2023 de la Rama Media y Superior de San Juan"},"content":{"rendered":"<div class=\"itemFullText\">\n<p>La Junta de Clasificaci\u00f3n Docente Rama Media y Superior del Ministerio de Educaci\u00f3n del Gobierno de San Juan convoca a inscripciones a docentes interesados en cubrir Interinatos y Suplencias en los distintos establecimientos educativos de la provincia de San Juan para el Ciclo Lectivo 2023.<\/p>\n<p>Los aspirantes deben ingresar a la p\u00e1gina web oficial del Ministerio de Educaci\u00f3n hasta el 30 de Junio de 2022, para obtener un turno para la inscripci\u00f3n.<\/p>\n<p>Los aspirantes deben presentarse el d\u00eda y hora establecido con el comprobante de tuno seg\u00fan la Resoluci\u00f3n 1848-ME-10.<\/p>\n<p>Para la Inscripci\u00f3n Ciclo Lectivo 2023 de docentes residentes en Zonas Alejadas: Calingasta, Iglesia, J\u00e1chal y Valle F\u00e9rtil, la modalidad es similar a la de a\u00f1os anteriores.<\/p>\n<p>Los interesados deben presentarse con el comprobante del turno el d\u00eda y hora establecido, en la Unidad de Gesti\u00f3n respectiva en las planillas habilitadas.<\/p>\n<p>Para consultas o dudas comunicarse en horario de 8 a 16 horas a 4307982 \u2013 4302202 o acudir a la sede de la instituci\u00f3n en Laprida 372 &#8211; E &#8211; Capital.<\/p>\n<p>Tambi\u00e9n pueden ingresar a<\/p>\n<p><a href=\"http:\/\/educaci\u00f3n.sanjuan.gob.ar.\">http:\/\/educaci\u00f3n.sanjuan.gob.ar.<\/a><\/p>\n<\/div>\n<div class=\"clr\"><\/div>\n<div class=\"itemContentFooter\"><span class=\"itemDateModified\">Publicado el S\u00e1bado, 04 de Junio 2022\u00a0<\/span><\/div>\n","protected":false},"excerpt":{"rendered":"<p>La Junta de Clasificaci\u00f3n Docente Rama Media y Superior del Ministerio de Educaci\u00f3n del Gobierno de San Juan convoca a<\/p>\n","protected":false},"author":3,"featured_media":28823,"comment_status":"closed","ping_status":"closed","sticky":false,"template":"","format":"standard","meta":{"_acf_changed":false,"_seopress_robots_primary_cat":"none","_seopress_titles_title":"","_seopress_titles_desc":"","_seopress_robots_index":"","colormag_page_container_layout":"default_layout","colormag_page_sidebar_layout":"default_layout","footnotes":""},"categories":[1],"tags":[],"class_list":["post-49555","post","type-post","status-publish","format-standard","has-post-thumbnail","hentry","category-destacadas"],"acf":[],"_links":{"self":[{"href":"https:\/\/vocesparalelas.com.ar\/sitio\/wp-json\/wp\/v2\/posts\/49555","targetHints":{"allow":["GET"]}}],"collection":[{"href":"https:\/\/vocesparalelas.com.ar\/sitio\/wp-json\/wp\/v2\/posts"}],"about":[{"href":"https:\/\/vocesparalelas.com.ar\/sitio\/wp-json\/wp\/v2\/types\/post"}],"author":[{"embeddable":true,"href":"https:\/\/vocesparalelas.com.ar\/sitio\/wp-json\/wp\/v2\/users\/3"}],"replies":[{"embeddable":true,"href":"https:\/\/vocesparalelas.com.ar\/sitio\/wp-json\/wp\/v2\/comments?post=49555"}],"version-history":[{"count":3,"href":"https:\/\/vocesparalelas.com.ar\/sitio\/wp-json\/wp\/v2\/posts\/49555\/revisions"}],"predecessor-version":[{"id":49559,"href":"https:\/\/vocesparalelas.com.ar\/sitio\/wp-json\/wp\/v2\/posts\/49555\/revisions\/49559"}],"wp:featuredmedia":[{"embeddable":true,"href":"https:\/\/vocesparalelas.com.ar\/sitio\/wp-json\/wp\/v2\/media\/28823"}],"wp:attachment":[{"href":"https:\/\/vocesparalelas.com.ar\/sitio\/wp-json\/wp\/v2\/media?parent=49555"}],"wp:term":[{"taxonomy":"category","embeddable":true,"href":"https:\/\/vocesparalelas.com.ar\/sitio\/wp-json\/wp\/v2\/categories?post=49555"},{"taxonomy":"post_tag","embeddable":true,"href":"https:\/\/vocesparalelas.com.ar\/sitio\/wp-json\/wp\/v2\/tags?post=49555"}],"curies":[{"name":"wp","href":"https:\/\/api.w.org\/{rel}","templated":true}]}}