{"id":49548,"date":"2022-06-04T02:35:55","date_gmt":"2022-06-04T05:35:55","guid":{"rendered":"https:\/\/vocesparalelas.com.ar\/sitio\/?p=49548"},"modified":"2022-06-04T02:37:56","modified_gmt":"2022-06-04T05:37:56","slug":"conclusiones-del-acuerdo-salarial-docente-de-san-juan","status":"publish","type":"post","link":"https:\/\/vocesparalelas.com.ar\/sitio\/conclusiones-del-acuerdo-salarial-docente-de-san-juan\/","title":{"rendered":"Conclusiones del Acuerdo Salarial Docente de San Juan"},"content":{"rendered":"<p>En el marco de la Mesa de Negociaci\u00f3n Salarial, se retom\u00f3 el cuarto intermedio con la presencia de las ministras de Educaci\u00f3n del Gobierno de San Juan, Prof. Cecilia Trincado Moncho y de Hacienda y Finanzas, CPN Marisa L\u00f3pez, el ministro del Gobierno, Dr. Alberto Hensel y los representantes gremiales del sector docente: UDAP, UDA y AMET.<\/p>\n<p><img loading=\"lazy\" decoding=\"async\" class=\"alignnone size-full wp-image-49551\" src=\"https:\/\/vocesparalelas.com.ar\/sitio\/wp-content\/uploads\/2022\/06\/docentes-pari-02.jpg\" alt=\"\" width=\"800\" height=\"576\" srcset=\"https:\/\/vocesparalelas.com.ar\/sitio\/wp-content\/uploads\/2022\/06\/docentes-pari-02.jpg 800w, https:\/\/vocesparalelas.com.ar\/sitio\/wp-content\/uploads\/2022\/06\/docentes-pari-02-300x216.jpg 300w, https:\/\/vocesparalelas.com.ar\/sitio\/wp-content\/uploads\/2022\/06\/docentes-pari-02-768x553.jpg 768w\" sizes=\"auto, (max-width: 800px) 100vw, 800px\" \/><\/p>\n<p>Luego de escuchar y debatir las respuestas del sector sindical, se inici\u00f3 un arduo y largo debate, que concluy\u00f3 en el siguiente acuerdo:<\/p>\n<ul>\n<li><span style=\"color: #339966;\"><strong>DECRETO 155\/2011 <\/strong><\/span><\/li>\n<\/ul>\n<p>En esta primera etapa, se modificaron 57 cargos del decreto 155-ME-2011, un hist\u00f3rico pedido del sector sindical. Entre otros se ver\u00e1n beneficiados:<\/p>\n<ul>\n<li>Maestro de grado de jornada simple<\/li>\n<li>Maestro de grado de jornada completa<\/li>\n<li>Director de jornada completa<\/li>\n<li>Maestro celador de internados<\/li>\n<li>Celador de internados<\/li>\n<li>Preceptor<\/li>\n<li>Director de Educaci\u00f3n Secundaria Orientada y Art\u00edstica<\/li>\n<li>Director de Educaci\u00f3n Secundaria T\u00e9cnica<\/li>\n<\/ul>\n<p>En etapas sucesivas se dar\u00e1 continuidad a la modificaci\u00f3n aludida.<\/p>\n<ul>\n<li><span style=\"color: #339966;\"><strong>RADIO<\/strong>:<\/span><\/li>\n<\/ul>\n<p>Modificaci\u00f3n de los porcentajes de Radio<\/p>\n<p>Radio 1 del 20% al 40%<\/p>\n<p>Radio 2 del 30% al 50%<\/p>\n<p>Radio 3 del 40% al 60%<\/p>\n<p>Radio 4 del 80% al 85%<\/p>\n<p>Radio 5 del 100% al 105%<\/p>\n<p>Radio 6 del 120% al 125%<\/p>\n<p>Radio 7 del 140% al 145%<\/p>\n<ul>\n<li><span style=\"color: #339966;\"><strong>ANTIG\u00dcEDAD<\/strong>:<\/span><\/li>\n<\/ul>\n<p>Se incorporan los tramos de la antig\u00fcedad a partir de los 24 a\u00f1os de servicio, resultando los mismos:<\/p>\n<p>A los 26 a\u00f1os 130%<\/p>\n<p>A los 28 a\u00f1os 140%<\/p>\n<p>A los 30 a\u00f1os 150%<\/p>\n<p>A los 32 a\u00f1os 160%<\/p>\n<p>A los 34 o m\u00e1s a\u00f1os 170%<\/p>\n<p>&nbsp;<\/p>\n<ul>\n<li><span style=\"color: #339966;\"><strong>AUMENTO<\/strong>:<\/span><\/li>\n<\/ul>\n<p>Mejoramiento del acuerdo salarial del mes de marzo 2022:<\/p>\n<p>Al 25% liquidado en mayo se le suma:<\/p>\n<p>En junio: 15% de aumento al valor \u00edndice; acumulando el 40% de aumento<\/p>\n<p>En agosto: 7% de aumento al valor \u00edndice; acumulando el 47% de aumento<\/p>\n<p>En octubre: 12% de aumento al valor \u00edndice; acumulando el 59% de aumento<\/p>\n<p>En noviembre 6% de aumento al valor \u00edndice; completando el 65% de aumento para el 2022.<\/p>\n<ul>\n<li><span style=\"color: #339966;\"><strong>C\u00d3DIGO E66<\/strong>:<\/span><\/li>\n<\/ul>\n<p>Modificaci\u00f3n del c\u00f3digo E66, que fijaba montos seg\u00fan tramos de antig\u00fcedad. Se establece en el valor de $5.000 para todos por igual.<\/p>\n<ul>\n<li><span style=\"color: #339966;\"><strong>SALARIO NETO DOCENTE PROVINCIAL GARANTIZADO<\/strong><\/span><\/li>\n<li>Se ratifica la total garant\u00eda de cumplimiento de todos los puntos de la Paritaria Nacional.<\/li>\n<li>Se Incrementa un 30% sobre el salario m\u00ednimo docente establecido en la Paritaria Nacional, alcanzando un nuevo <strong>SALARIO NETO DOCENTE PROVINCIAL GARANTIZADO<\/strong> para el maestro de grado jornada simple, conforme al siguiente esquema:<\/li>\n<\/ul>\n<p>$70.000 para el mes de junio<\/p>\n<p>$74.000 para el mes de agosto<\/p>\n<p>$78.000 para el mes de septiembre<\/p>\n<ul>\n<li>Para los trabajadores de la educaci\u00f3n que tengan dos cargos y que en ninguno de ellos alcance el Salario Neto Docente Provincial Garantizado, se asegura el mismo en el cargo de menor remuneraci\u00f3n.<\/li>\n<\/ul>\n<p>&nbsp;<\/p>\n<ul>\n<li><strong>NUEVO VALOR INDICE:<\/strong><\/li>\n<\/ul>\n<p>JUNIO 2022: \u00a0\u00a0\u00a0\u00a0\u00a0\u00a0\u00a0\u00a0\u00a0\u00a0\u00a0\u00a0 80,9901<\/p>\n<p>AGOSTO 2022: \u00a0\u00a0\u00a0\u00a0\u00a0\u00a0\u00a0 85,0396<\/p>\n<p>OCTUBRE 2022: \u00a0\u00a0\u00a0\u00a0\u00a0 91,9817<\/p>\n<p>NOVIEMBRE 2022: 95,4527<\/p>\n<p><strong>\u00a0<\/strong><\/p>\n<ul>\n<li><span style=\"color: #339966;\"><strong>RECIBO UNICO:<\/strong><\/span><\/li>\n<\/ul>\n<p>Las partes acuerdan la confecci\u00f3n de un Recibo \u00danico Docente, independientemente de la modalidad de la prestaci\u00f3n del servicio y o de los cargos que detente cada educador.<\/p>\n<p>&nbsp;<\/p>\n<ul>\n<li><span style=\"color: #339966;\"><strong>REVISI\u00d3N:<\/strong><\/span><\/li>\n<\/ul>\n<p>Con la premisa que el salario le gane a la inflaci\u00f3n, se establece que en caso de que la inflaci\u00f3n supere los porcentajes acordados, se realizar\u00e1 una instancia de revisi\u00f3n. Si esa condici\u00f3n no se cumple se establece una reuni\u00f3n de revisi\u00f3n de paritaria para el d\u00eda 15 de septiembre de 2022<\/p>\n<p><strong>\u00a0<\/strong><\/p>\n<ul>\n<li><span style=\"color: #339966;\"><strong>D\u00cdAS NO TRABAJADOS: <\/strong><\/span><\/li>\n<\/ul>\n<p>El sector gremial plantea que los d\u00edas 26 y 27 del mes de mayo del corriente a\u00f1o no sean objeto de descuento. Planteo al que la parte Patronal accede en este acto.<\/p>\n<p>Con relaci\u00f3n a los d\u00edas 2 y 3 del mes de junio de 2022, la patronal dispone que se evaluar\u00e1 oportunamente.<\/p>\n<p>Se deja constancia que a partir del d\u00eda lunes 6 de junio de 2022, en virtud de los acuerdos establecidos en esta paritaria, se aplicar\u00e1 el principio de \u201cd\u00eda trabajado, d\u00eda pagado\u201d.<\/p>\n<p>El presente acuerdo representa el m\u00e1ximo esfuerzo del Gobierno de San Juan.<\/p>\n<p>&nbsp;<\/p>\n<p><img loading=\"lazy\" decoding=\"async\" class=\"alignnone size-full wp-image-49488\" src=\"https:\/\/vocesparalelas.com.ar\/sitio\/wp-content\/uploads\/2022\/06\/PARITARIA-DOCENTE-02.jpg\" alt=\"\" width=\"800\" height=\"450\" srcset=\"https:\/\/vocesparalelas.com.ar\/sitio\/wp-content\/uploads\/2022\/06\/PARITARIA-DOCENTE-02.jpg 800w, https:\/\/vocesparalelas.com.ar\/sitio\/wp-content\/uploads\/2022\/06\/PARITARIA-DOCENTE-02-300x169.jpg 300w, https:\/\/vocesparalelas.com.ar\/sitio\/wp-content\/uploads\/2022\/06\/PARITARIA-DOCENTE-02-768x432.jpg 768w\" sizes=\"auto, (max-width: 800px) 100vw, 800px\" \/><\/p>\n<p>Publicado el Viernes, 03 de Junio de 2022<\/p>\n","protected":false},"excerpt":{"rendered":"<p>En el marco de la Mesa de Negociaci\u00f3n Salarial, se retom\u00f3 el cuarto intermedio con la presencia de las ministras<\/p>\n","protected":false},"author":3,"featured_media":49550,"comment_status":"closed","ping_status":"closed","sticky":false,"template":"","format":"standard","meta":{"_acf_changed":false,"_seopress_robots_primary_cat":"none","_seopress_titles_title":"","_seopress_titles_desc":"","_seopress_robots_index":"","colormag_page_container_layout":"default_layout","colormag_page_sidebar_layout":"default_layout","footnotes":""},"categories":[1],"tags":[],"class_list":["post-49548","post","type-post","status-publish","format-standard","has-post-thumbnail","hentry","category-destacadas"],"acf":[],"_links":{"self":[{"href":"https:\/\/vocesparalelas.com.ar\/sitio\/wp-json\/wp\/v2\/posts\/49548","targetHints":{"allow":["GET"]}}],"collection":[{"href":"https:\/\/vocesparalelas.com.ar\/sitio\/wp-json\/wp\/v2\/posts"}],"about":[{"href":"https:\/\/vocesparalelas.com.ar\/sitio\/wp-json\/wp\/v2\/types\/post"}],"author":[{"embeddable":true,"href":"https:\/\/vocesparalelas.com.ar\/sitio\/wp-json\/wp\/v2\/users\/3"}],"replies":[{"embeddable":true,"href":"https:\/\/vocesparalelas.com.ar\/sitio\/wp-json\/wp\/v2\/comments?post=49548"}],"version-history":[{"count":3,"href":"https:\/\/vocesparalelas.com.ar\/sitio\/wp-json\/wp\/v2\/posts\/49548\/revisions"}],"predecessor-version":[{"id":49554,"href":"https:\/\/vocesparalelas.com.ar\/sitio\/wp-json\/wp\/v2\/posts\/49548\/revisions\/49554"}],"wp:featuredmedia":[{"embeddable":true,"href":"https:\/\/vocesparalelas.com.ar\/sitio\/wp-json\/wp\/v2\/media\/49550"}],"wp:attachment":[{"href":"https:\/\/vocesparalelas.com.ar\/sitio\/wp-json\/wp\/v2\/media?parent=49548"}],"wp:term":[{"taxonomy":"category","embeddable":true,"href":"https:\/\/vocesparalelas.com.ar\/sitio\/wp-json\/wp\/v2\/categories?post=49548"},{"taxonomy":"post_tag","embeddable":true,"href":"https:\/\/vocesparalelas.com.ar\/sitio\/wp-json\/wp\/v2\/tags?post=49548"}],"curies":[{"name":"wp","href":"https:\/\/api.w.org\/{rel}","templated":true}]}}