{"id":49530,"date":"2022-06-03T18:49:03","date_gmt":"2022-06-03T21:49:03","guid":{"rendered":"https:\/\/vocesparalelas.com.ar\/sitio\/?p=49530"},"modified":"2022-06-03T21:49:14","modified_gmt":"2022-06-04T00:49:14","slug":"dia-mundial-del-medio-ambiente-para-disfrutar-en-familia-en-san-juan","status":"publish","type":"post","link":"https:\/\/vocesparalelas.com.ar\/sitio\/dia-mundial-del-medio-ambiente-para-disfrutar-en-familia-en-san-juan\/","title":{"rendered":"D\u00eda Mundial del Medio Ambiente para disfrutar en familia en San Juan"},"content":{"rendered":"<div class=\"itemFullText\">\n<p>Cada 5 de Junio se celebra el D\u00eda Mundial del Medio Ambiente, una de las principales instancias de las Naciones Unidas para impulsar la sensibilizaci\u00f3n sobre el impacto del ser humano en el planeta y la biodiversidad.<\/p>\n<p>En ese marco, la Secretar\u00eda de Estado de Ambiente del Gobierno de San Juan sum\u00f3 diversas acciones durante los d\u00edas previos culminando el Domingo, 05 de Junio. Entre otras, para conmemorar esta fecha, se dispuso el ingreso libre y gratuito para el Centro Ambiental Educativo Anchipurac y el Parque de la Biodiversidad.<\/p>\n<p>Para esto, ambos espacios tienen habilitadas l\u00edneas de Whatsapp para que la familia de San Juan e instituciones puedan reservar turno y solicitar mayor informaci\u00f3n.<\/p>\n<p>Para conocer m\u00e1s, ingresa en las redes de la Secretar\u00eda de Estado de Ambiente, busca en Facebook e Instagram: @ambiente.sanjuan.<\/p>\n<p><span style=\"color: #339966;\"><strong>Parque de la Biodiversidad: WhatsApp al n\u00famero 264 6727832.<\/strong><\/span><\/p>\n<p>El Parque recibe visitas los d\u00edas s\u00e1bados, domingos y feriados de 11 a 18 horas, adem\u00e1s del horario habilitado de lunes a viernes.<\/p>\n<p><span style=\"color: #339966;\"><strong>Anchipurac: WhatsApp 264 4791840 o al fijo 4302912<\/strong><\/span><\/p>\n<p>El Centro de Educaci\u00f3n e Investigaci\u00f3n abre de lunes a viernes desde las 8 hasta las 20:30 y, los fines de semana y feriados, desde las 10 hasta las 19 horas.<\/p>\n<p><span style=\"color: #339966;\"><strong>Todo un d\u00eda para el Eco Canje<\/strong><\/span><\/p>\n<p>Sumando acciones para promover el reciclaje, la Secretar\u00eda de Estado de Ambiente realizar\u00e1 un nuevo ECO CANJE este domingo 5 de junio. La nueva acci\u00f3n promocional tendr\u00e1 lugar en el estacionamiento del Espacio San Juan Shopping, ubicado en Av. Jos\u00e9 Ignacio de la Roza 806, Oeste, departamento de Rivadavia.<\/p>\n<p>El Eco Canje tendr\u00e1 lugar en horario de 16:00 a 20:00 y los sanjuaninos podr\u00e1 intercambiar sus botellas de pl\u00e1stico (PET Cristal, PET Verde, PET Aceite, PET Blanco, PP Tapas, PP Tapitas, PP Bazar, PEAD TUTI, PEBD Film Cristal, PEBD Film Color, PE Film Stretch, ecobotellas) que se encuentren en buen estado, limpias y secas; por compost, lapiceras reciclables, plantines y entradas para el Parque de la Biodiversidad y Anchipurac.<\/p>\n<\/div>\n<div class=\"clr\"><\/div>\n<div class=\"itemContentFooter\"><span class=\"itemDateModified\">Publicado de Viernes, 03 Junio 2022<\/span><\/div>\n","protected":false},"excerpt":{"rendered":"<p>Cada 5 de Junio se celebra el D\u00eda Mundial del Medio Ambiente, una de las principales instancias de las Naciones<\/p>\n","protected":false},"author":3,"featured_media":18375,"comment_status":"closed","ping_status":"closed","sticky":false,"template":"","format":"standard","meta":{"_acf_changed":false,"_seopress_robots_primary_cat":"none","_seopress_titles_title":"","_seopress_titles_desc":"","_seopress_robots_index":"","colormag_page_container_layout":"default_layout","colormag_page_sidebar_layout":"default_layout","footnotes":""},"categories":[1],"tags":[],"class_list":["post-49530","post","type-post","status-publish","format-standard","has-post-thumbnail","hentry","category-destacadas"],"acf":[],"_links":{"self":[{"href":"https:\/\/vocesparalelas.com.ar\/sitio\/wp-json\/wp\/v2\/posts\/49530","targetHints":{"allow":["GET"]}}],"collection":[{"href":"https:\/\/vocesparalelas.com.ar\/sitio\/wp-json\/wp\/v2\/posts"}],"about":[{"href":"https:\/\/vocesparalelas.com.ar\/sitio\/wp-json\/wp\/v2\/types\/post"}],"author":[{"embeddable":true,"href":"https:\/\/vocesparalelas.com.ar\/sitio\/wp-json\/wp\/v2\/users\/3"}],"replies":[{"embeddable":true,"href":"https:\/\/vocesparalelas.com.ar\/sitio\/wp-json\/wp\/v2\/comments?post=49530"}],"version-history":[{"count":1,"href":"https:\/\/vocesparalelas.com.ar\/sitio\/wp-json\/wp\/v2\/posts\/49530\/revisions"}],"predecessor-version":[{"id":49532,"href":"https:\/\/vocesparalelas.com.ar\/sitio\/wp-json\/wp\/v2\/posts\/49530\/revisions\/49532"}],"wp:featuredmedia":[{"embeddable":true,"href":"https:\/\/vocesparalelas.com.ar\/sitio\/wp-json\/wp\/v2\/media\/18375"}],"wp:attachment":[{"href":"https:\/\/vocesparalelas.com.ar\/sitio\/wp-json\/wp\/v2\/media?parent=49530"}],"wp:term":[{"taxonomy":"category","embeddable":true,"href":"https:\/\/vocesparalelas.com.ar\/sitio\/wp-json\/wp\/v2\/categories?post=49530"},{"taxonomy":"post_tag","embeddable":true,"href":"https:\/\/vocesparalelas.com.ar\/sitio\/wp-json\/wp\/v2\/tags?post=49530"}],"curies":[{"name":"wp","href":"https:\/\/api.w.org\/{rel}","templated":true}]}}