{"id":49520,"date":"2022-06-03T15:22:23","date_gmt":"2022-06-03T18:22:23","guid":{"rendered":"https:\/\/vocesparalelas.com.ar\/sitio\/?p=49520"},"modified":"2022-06-03T21:40:58","modified_gmt":"2022-06-04T00:40:58","slug":"reunion-de-revision-de-acuerdo-salarial-2022-en-san-juan","status":"publish","type":"post","link":"https:\/\/vocesparalelas.com.ar\/sitio\/reunion-de-revision-de-acuerdo-salarial-2022-en-san-juan\/","title":{"rendered":"Reuni\u00f3n de revisi\u00f3n de Acuerdo Salarial 2022 en San Juan"},"content":{"rendered":"<p>La reuni\u00f3n est\u00e1 presidida por la ministro de Hacienda y Finanzas del Gobierno de San Juan, CPN Marisa L\u00f3pez y el secretario de Hacienda y Finanzas, CPN Gerardo Torrent y con la presencia de los representantes de los gremios UPCN, ATE, SITRAVIAP, SOEME, Sindicato M\u00e9dico, ATSA y ASPROSA se llev\u00f3 a cabo la reuni\u00f3n de revisi\u00f3n del Acuerdo Salarial 2022.<\/p>\n<p>En la reuni\u00f3n se escucharon los petitorios de cada sector y se trataron fundamentalmente los \u00edtems que afectan a toda la Administraci\u00f3n P\u00fablica en General. Asimismo, se acordaron reuniones para tratar los temas particulares de cada sector al que representan, las cuales se llevar\u00e1n a cabo los d\u00edas Martes, Mi\u00e9rcoles y Jueves de la semana entrante.<\/p>\n<p>El Gobierno Provincial realiz\u00f3 la misma propuesta ofrecida a los gremios docentes que consiste en completar el 61% de aumento para el 2022 con cl\u00e1usula de revisi\u00f3n, a lo que los gremios respondieron solicitando el 65% manteniendo esta cl\u00e1usula.<\/p>\n<p>Los gremios retoman con una respuesta el Viernes, 03 de Junio, a las 19 hs. donde se realiza una reuni\u00f3n simult\u00e1nea.<\/p>\n<p><img loading=\"lazy\" decoding=\"async\" class=\"alignnone size-full wp-image-49524\" src=\"https:\/\/vocesparalelas.com.ar\/sitio\/wp-content\/uploads\/2022\/06\/empleados-publico-03-1.jpg\" alt=\"\" width=\"800\" height=\"450\" srcset=\"https:\/\/vocesparalelas.com.ar\/sitio\/wp-content\/uploads\/2022\/06\/empleados-publico-03-1.jpg 800w, https:\/\/vocesparalelas.com.ar\/sitio\/wp-content\/uploads\/2022\/06\/empleados-publico-03-1-300x169.jpg 300w, https:\/\/vocesparalelas.com.ar\/sitio\/wp-content\/uploads\/2022\/06\/empleados-publico-03-1-768x432.jpg 768w\" sizes=\"auto, (max-width: 800px) 100vw, 800px\" \/><\/p>\n<p>&nbsp;<\/p>\n<p>Publicado el Viernes, 03 de Junio de 2022<\/p>\n","protected":false},"excerpt":{"rendered":"<p>La reuni\u00f3n est\u00e1 presidida por la ministro de Hacienda y Finanzas del Gobierno de San Juan, CPN Marisa L\u00f3pez y<\/p>\n","protected":false},"author":3,"featured_media":49522,"comment_status":"closed","ping_status":"closed","sticky":false,"template":"","format":"standard","meta":{"_acf_changed":false,"_seopress_robots_primary_cat":"none","_seopress_titles_title":"","_seopress_titles_desc":"","_seopress_robots_index":"","colormag_page_container_layout":"default_layout","colormag_page_sidebar_layout":"default_layout","footnotes":""},"categories":[1],"tags":[],"class_list":["post-49520","post","type-post","status-publish","format-standard","has-post-thumbnail","hentry","category-destacadas"],"acf":[],"_links":{"self":[{"href":"https:\/\/vocesparalelas.com.ar\/sitio\/wp-json\/wp\/v2\/posts\/49520","targetHints":{"allow":["GET"]}}],"collection":[{"href":"https:\/\/vocesparalelas.com.ar\/sitio\/wp-json\/wp\/v2\/posts"}],"about":[{"href":"https:\/\/vocesparalelas.com.ar\/sitio\/wp-json\/wp\/v2\/types\/post"}],"author":[{"embeddable":true,"href":"https:\/\/vocesparalelas.com.ar\/sitio\/wp-json\/wp\/v2\/users\/3"}],"replies":[{"embeddable":true,"href":"https:\/\/vocesparalelas.com.ar\/sitio\/wp-json\/wp\/v2\/comments?post=49520"}],"version-history":[{"count":3,"href":"https:\/\/vocesparalelas.com.ar\/sitio\/wp-json\/wp\/v2\/posts\/49520\/revisions"}],"predecessor-version":[{"id":49527,"href":"https:\/\/vocesparalelas.com.ar\/sitio\/wp-json\/wp\/v2\/posts\/49520\/revisions\/49527"}],"wp:featuredmedia":[{"embeddable":true,"href":"https:\/\/vocesparalelas.com.ar\/sitio\/wp-json\/wp\/v2\/media\/49522"}],"wp:attachment":[{"href":"https:\/\/vocesparalelas.com.ar\/sitio\/wp-json\/wp\/v2\/media?parent=49520"}],"wp:term":[{"taxonomy":"category","embeddable":true,"href":"https:\/\/vocesparalelas.com.ar\/sitio\/wp-json\/wp\/v2\/categories?post=49520"},{"taxonomy":"post_tag","embeddable":true,"href":"https:\/\/vocesparalelas.com.ar\/sitio\/wp-json\/wp\/v2\/tags?post=49520"}],"curies":[{"name":"wp","href":"https:\/\/api.w.org\/{rel}","templated":true}]}}