{"id":49495,"date":"2022-06-02T21:58:12","date_gmt":"2022-06-03T00:58:12","guid":{"rendered":"https:\/\/vocesparalelas.com.ar\/sitio\/?p=49495"},"modified":"2022-06-03T02:04:06","modified_gmt":"2022-06-03T05:04:06","slug":"se-convirtio-en-ley-la-reutilizacion-de-aceites-lubricantes-en-desuso-de-residuos-peligrosos-en-san-juan","status":"publish","type":"post","link":"https:\/\/vocesparalelas.com.ar\/sitio\/se-convirtio-en-ley-la-reutilizacion-de-aceites-lubricantes-en-desuso-de-residuos-peligrosos-en-san-juan\/","title":{"rendered":"Se convirti\u00f3 en Ley la reutilizaci\u00f3n de aceites lubricantes en desuso de residuos peligrosos en San Juan"},"content":{"rendered":"<div class=\"itemFullText jbintrotext\">\n<p>La C\u00e1mara de Diputados de San Juan aprob\u00f3 un proyecto de Ley que establece una metodolog\u00eda, recaudos y requisitos para la reutilizaci\u00f3n de aceites lubricantes en desuso corrientes de residuos peligrosos Y8 (desechos de aceites minerales no aptos para el uso para el que estaban destinados) e Y9 (mezclas y emulsiones de desechos de aceite y agua o hidrocarburos y agua).<\/p>\n<\/div>\n<div class=\"itemFullText\">\n<p>Asimismo, la Legislatura ratific\u00f3 una serie de convenios que proponen: pr\u00e1cticas gratuitas en el Ministerio de Turismo y Cultura para estudiantes; actividades de cooperaci\u00f3n entre Hospital Luis C. Lagomaggiore (de Mendoza) y el Instituto Odontol\u00f3gico Dr. Cayetano Torcivia; actividades cient\u00edficas, tecnol\u00f3gicas y de capacitaci\u00f3n de recursos humanos en la problem\u00e1tica de la evaluaci\u00f3n y preservaci\u00f3n del recurso h\u00eddrico. Tambi\u00e9n aprob\u00f3 un Acta Acuerdo de Colaboraci\u00f3n del Cluster Renovable Nacional\u00bb para maximizar el componente nacional de los equipos y tecnolog\u00edas involucrados en la construcci\u00f3n de Parques de Generaci\u00f3n Renovable en materia de energ\u00eda e\u00f3lica, solar y microhidr\u00e1ulica.<\/p>\n<p>Por otro lado, otorg\u00f3 acuerdo a: la imposici\u00f3n del nombre \u201cTiempo de Sol\u201d a una escuela de Rawson; la designaci\u00f3n de Ana Laura Salinas Mut a los fines del estudio de la Cuenta General del Ejercicio a\u00f1o 2021 del Tribunal de Cuentas de la provincia; la donaci\u00f3n de un terreno para la Uni\u00f3n Vecinal Barrio AMED; Programa Nacional Relevamiento Territorial de Comunidades Ind\u00edgenas;\u00a0Contrato de licencia curso Multidisciplinary Center for Cannabls Research (MCCR);\u00a0y la designaci\u00f3n de Roberto Ferrero al cargo de vicepresidente del Directorio del E.P.R.E.<\/p>\n<p>La sesi\u00f3n estuvo presidida en forma alternada por el titular del Poder Legislativo, Roberto Gattoni y el vicepresidente primero, diputado Eduardo Cabello. Acompa\u00f1aron los secretarios Legislativo, Nicol\u00e1s Alvo; y Administrativo, Roberto Iglesias.<\/p>\n<p><span style=\"color: #666699;\"><strong>Reutilizaci\u00f3n de aceites lubricantes en desuso de residuos peligrosos<\/strong><\/span><\/p>\n<p>El cuerpo parlamentario aprob\u00f3 un proyecto de Ley presentado por el Poder Ejecutivo, mediante mensaje N\u00ba 132, que establece una metodolog\u00eda, recaudos y requisitos para la reutilizaci\u00f3n de aceites lubricantes en desuso corrientes de residuos peligrosos Y8 e Y9. Este punto del orden del d\u00eda fue explicado por el diputado Alfredo Sim\u00f3n Ortiz.<\/p>\n<p>Durante su exposici\u00f3n como miembro informante, el legislador dijo que \u201clos Generadores de las corrientes Y8 (desechos de aceites minerales no aptos para el uso para el que estaban destinados) e Y9 (mezclas y emulsiones de desechos de aceite y agua o hidrocarburos y agua) deben aplicar pol\u00edticas de reducci\u00f3n, reutilizaci\u00f3n, reciclado y revalorizaci\u00f3n de los mismos mediante la aplicaci\u00f3n de tratamientos como reciclaje, refinaci\u00f3n, regeneraci\u00f3n, procesos de combusti\u00f3n con recupero de energ\u00eda o valorizaci\u00f3n energ\u00e9tica. Las pol\u00edticas deben ser llevadas a cabo por empresas autorizadas\u201d.<\/p>\n<p>Adem\u00e1s, manifest\u00f3 que \u201cse debe priorizar el tratamiento y posterior reutilizaci\u00f3n de los aceites de las corrientes de residuos peligrosos Y8 e Y9 como insumos o materias primas dentro del territorio de la provincia\u201d.<\/p>\n<p>Por otra parte, inform\u00f3 que \u201clos generadores que ya se encuentran inscriptos en el Registro de Generadores, Transportistas y Operadores de Residuos Peligrosos que lleva la SEAyDS deben declarar si reutilizan las corrientes Y8 e Y9 que generan completando declaraci\u00f3n jurada exclusiva de aceites reutilizables del Anexo III. Los generadores que no se encuentren inscriptos en el Registro de Generadores, Transportistas y Operadores de Residuos Peligrosos que lleva la SEAyDS deben realizar la inscripci\u00f3n correspondiente completando la totalidad de los datos solicitados seg\u00fan la Ley N\u00ba 522-L e incluir adem\u00e1s la nueva declaraci\u00f3n jurada exclusiva para las corrientes Y8 e Y9 en caso de que sean reutilizadas siguiendo el formato del Anexo III de la presente\u201d.<\/p>\n<p>Adem\u00e1s, indic\u00f3 que el art\u00edculo 5\u00ba establece que son \u201cbeneficiados con un descuento en el pago de la Tasa Ambiental, los generadores de las corrientes Y8 e Y9 que las reutilicen seg\u00fan el siguiente detalle:<\/p>\n<p>1) 20 % del monto que arroje el c\u00e1lculo seg\u00fan lo estable la Resoluci\u00f3n N\u00ba 371-SEAyDS-18 si son enviadas a reciclar, refinar, regenerar, siempre que el residuo sea transformado de nuevo en un producto, material o sustancia tanto si es con la finalidad original para la que fue creada, para ser usado como base para la elaboraci\u00f3n de nuevos productos. (en Anexo I se presenta una gu\u00eda orientativa de aceites refinables para uso original), reutilizados (se usan nuevamente para la misma finalidad para la que fueron concebidos).<\/p>\n<p>2) 10 % del monto que arroje el c\u00e1lculo seg\u00fan lo establece la Resoluci\u00f3n N\u00ba 371-SEAyDS-18 para combusti\u00f3n con recupero de energ\u00eda (uso de las corrientes Y8 e Y9 con o sin tratamiento previo, como combustible secundario o sustituto, en condiciones de combusti\u00f3n controlada, para generar energ\u00eda en procesos industriales.<\/p>\n<p>3) 5 % del monto que arroje el c\u00e1lculo seg\u00fan lo estable la Resoluci\u00f3n N\u00ba 371-SEAyDS-18 para valorizaci\u00f3n energ\u00e9tica (uso de las corrientes Y8 e Y9 con o sin tratamiento previo como combustible sustituto de otro material que de otro modo habr\u00eda sido utilizado para cumplir su funci\u00f3n de combustible sin generaci\u00f3n de energ\u00eda adicional)\u201d.<\/p>\n<p>M\u00e1s adelante, el diputado explic\u00f3 que \u201clos aceites usados con o sin tratamiento previo que sean utilizados para combusti\u00f3n con recupero de energ\u00eda deben cumplir con las especificaciones indicadas en el Anexo II que forma parte integrante de la presente norma\u201d.<\/p>\n<p>Tambi\u00e9n hizo referencia al art\u00edculo 7\u00ba que establece que \u201cLos generadores obtienen el Certificado Ambiental seg\u00fan lo estipula la Ley N\u00ba 522-L, Decreto Reglamentario N\u00ba 1211 y tienen una vigencia seg\u00fan lo establece el Decreto 01- SEAyDS-21 la que depende de la categor\u00eda de generaci\u00f3n.<\/p>\n<p>Por \u00faltimo, se\u00f1al\u00f3 que el art\u00edculo 9\u00ba instituye que \u201cLos establecimientos que utilicen las corrientes Y8 e Y9 (operadores) ya sea para reciclar, refinar, regenerar o para combusti\u00f3n con recupero de energ\u00eda o para valorizaci\u00f3n energ\u00e9tica, deben cumplir con todo lo establecido en la Ley N\u00ba 522-L debiendo contar con los siguientes controles espec\u00edficos:<\/p>\n<p>A) Control de Ingreso: Deben realizar un protocolo de an\u00e1lisis de composici\u00f3n fisicoqu\u00edmica y dem\u00e1s par\u00e1metros, que ser\u00e1n funci\u00f3n del tratamiento a aplicar a las corrientes de desecho y se implementar\u00e1n en cada lote de almacenamiento previo al tratamiento y en cada lote despachado de producto. Los costos de dichos an\u00e1lisis quedaran a cargo del operador.<\/p>\n<p>B) Control de emisiones gaseosos (en caso de corresponder): Los programas de monitoreo son los estipulados por la Autoridad de Aplicaci\u00f3n, quien determina la frecuencia y par\u00e1metros a medir seg\u00fan el proceso y tratamiento de que se trate. Los cumplimientos de los par\u00e1metros ser\u00e1n cotejados con las normativas municipales, provinciales, nacionales e internacionales seg\u00fan se estipule y seg\u00fan la disponibilidad o existencia de las mismas.<\/p>\n<p><span style=\"color: #666699;\"><strong>Pr\u00e1cticas gratuitas en el Ministerio de Turismo y Cultura para estudiantes<\/strong><\/span><\/p>\n<p>Luego de la exposici\u00f3n de los fundamentos brindados por la diputada Fernanda Paredes, la Legislatura ratific\u00f3 un convenio marco para actividades acad\u00e9micas, firmado el d\u00eda 27 de julio de 2021 por el Ministerio de Turismo y Cultura de la provincia de San Juan, y la Universidad Empresarial Siglo 21.<\/p>\n<p>En la ocasi\u00f3n, la legisladora sostuvo que el objeto del presente acuerdo procura llevar a cabo pr\u00e1cticas gratuitas en el Ministerio de Turismo y Cultura para los estudiantes sanjuaninos del \u00faltimo a\u00f1o de cursado de las carreras de Licenciatura en Turismo, Gastronom\u00eda y Hoteler\u00eda, entre otras, favoreciendo as\u00ed el proceso de formaci\u00f3n acad\u00e9mica de los alumnos de dicha instituci\u00f3n educativa.<\/p>\n<p><span style=\"color: #666699;\"><strong>Convenio entre Hospital Luis C. Lagomaggiore y el Instituto Odontol\u00f3gico Dr. Cayetano Torcivia<\/strong><\/span><\/p>\n<p>Seguidamente, los legisladores aprobaron el convenio marco de Cooperaci\u00f3n Mutua suscripto el 26 de agosto del 2021 entre el Hospital Luis C. Lagomaggiore, de la provincia de Mendoza, representado por la doctora Roxana Cabrera, directora de dicho nosocomio; y el Instituto Odontol\u00f3gico Dr. Cayetano Torcivia, representado por la odont\u00f3loga Natalia Saavedra, en su car\u00e1cter de directora del Instituto.<\/p>\n<p>Los argumentos de este acuerdo fueron explicados por el diputado Gustavo Rodr\u00edguez, quien inform\u00f3 que el objeto es llevar a cabo actividades de cooperaci\u00f3n mutua e intercambio rec\u00edproco de informaci\u00f3n cient\u00edfica, tecnol\u00f3gica, desarrollo de nuevos conocimientos, creaci\u00f3n y aplicaci\u00f3n de nuevas tecnolog\u00edas en todos los campos en que se desarrollan sus actividades, enfatizando la formaci\u00f3n de recursos humanos, mediante capacitaci\u00f3n, actualizaci\u00f3n, perfeccionamiento y especializaci\u00f3n de profesionales y estudiantes avanzados.<\/p>\n<p><span style=\"color: #666699;\"><strong>Donaci\u00f3n de un terreno para la Uni\u00f3n Vecinal Barrio AMED<\/strong><\/span><\/p>\n<p>Asimismo, la C\u00e1mara de Diputados otorg\u00f3 acuerdo a un proyecto de Ley remitido por el Poder Ejecutivo, mediante el cual se dona un lote a la Uni\u00f3n Vecinal Barrio AMED. El miembro informante de este asunto fue el diputado Jos\u00e9 Luis Esteve.<\/p>\n<p>Durante la fundamentaci\u00f3n el legislador explic\u00f3 que el inmueble objeto de esta donaci\u00f3n debe ser destinado a construir la Sede Social. Adem\u00e1s, indic\u00f3 que los impuestos, tasas y contribuciones retributivas de servicios ordinarios y extraordinarios sean nacionales, provinciales o municipales y que hagan a la cosa donada, quedan a cargo del donatario a partir de su toma de posesi\u00f3n.<\/p>\n<p><span style=\"color: #666699;\"><strong>Acta Acuerdo de Colaboraci\u00f3n del Cluster Renovable Nacional<\/strong><\/span><\/p>\n<p>Despu\u00e9s, la C\u00e1mara de Diputados ratific\u00f3 el \u00abActa Acuerdo de Colaboraci\u00f3n del Cluster Renovable Nacional\u00bb, suscripta el 18 de enero de 2022, entre el Poder Ejecutivo Nacional, representado en este acto por Alberto Fern\u00e1ndez, por una parte y, por la otra, las provincias de La Rioja, Mendoza, Neuqu\u00e9n, Rio Negro, Catamarca y San Juan, representadas por sus gobernadores. Este punto del orden del d\u00eda fue fundamentado por el diputado Jorge Barisa.<\/p>\n<p>El legislador indic\u00f3 que, tras este acuerdo, las provincias consideran pertinente y oportuno aunar esfuerzos y articularse en un CLUSTER RENOVABLE NACIONAL, incluyendo producci\u00f3n de bienes y servicios tecnol\u00f3gicos, contratos de abastecimiento de energ\u00eda y financiaci\u00f3n p\u00fablica, bajo el liderazgo y apoyo del Estado Nacional para convertir el enorme potencial de recursos y capacidades productivas, existente en las mismas en equipamientos para generaci\u00f3n renovable.<\/p>\n<p>Por otro lado, se\u00f1al\u00f3 que el objeto del CLUSTER es maximizar el componente nacional de los equipos y tecnolog\u00edas involucrados en la construcci\u00f3n de Parques de Generaci\u00f3n Renovable en materia de energ\u00eda e\u00f3lica, solar y microhidr\u00e1ulica en sus provincias, colaborando en el efecto virtuoso de minimizar la necesidad y prop\u00f3sito en el uso de divisas para importaciones.<\/p>\n<p><span style=\"color: #666699;\"><strong>Programa Nacional Relevamiento Territorial de Comunidades Ind\u00edgenas<\/strong><\/span><\/p>\n<p>M\u00e1s tarde, la Legislatura aprob\u00f3 el convenio espec\u00edfico de Co-Ejecuci\u00f3n Programa Nacional Relevamiento Territorial de Comunidades Ind\u00edgenas Ley Nacional N\u00b0 26.160\/ Prorroga Leyes Nacionales N\u00b0 26.554\/26.894\/27.400 celebrado entre el Instituto Nacional de Asuntos Ind\u00edgenas \u00abINAI\u00bb y el ministerio de Desarrollo Humano y Promoci\u00f3n Social de nuestra provincia. Los fundamentos de este asunto fueron presentados por el diputado Horacio Quiroga. En la ocasi\u00f3n tambi\u00e9n habl\u00f3 el diputado Edgardo Sancassani.<\/p>\n<p>Cabe se\u00f1alar que el referido acuerdo tiene por objeto la implementaci\u00f3n del relevamiento t\u00e9cnico-jur\u00eddico-catastral de la situaci\u00f3n dominial de las tierras que en forma tradicional, actual y p\u00fablica ocupan las Comunidades de los Pueblos Ind\u00edgenas de la provincia de San Juan; a tal fin se implementar\u00e1 el Proyecto Programa Provincial de San Juan \u2014 Ley Nacional N\u00b0 26.160\/ 26.554\/ 26.894\/ 27.400 \u2014 Relevamiento t\u00e9cnico, Jur\u00eddico y catastral de las tierras en posesi\u00f3n actual, tradicional y p\u00fablica de las Comunidades Ind\u00edgenas de la Provincia de San Juan.<\/p>\n<p><span style=\"color: #666699;\"><strong>Actividades cient\u00edficas, tecnol\u00f3gicas y de capacitaci\u00f3n del recurso h\u00eddrico<\/strong><\/span><\/p>\n<p>Posteriormente, el Poder Legislativo ratific\u00f3 el convenio de colaboraci\u00f3n rec\u00edproca suscripto entre la Secretar\u00eda de Estado de Ambiente y Desarrollo Sustentable, y el Instituto Nacional del Agua.<\/p>\n<p>En la oportunidad, habl\u00f3 el diputado Gast\u00f3n Berenguer como miembro informante. Durante su alocuci\u00f3n se\u00f1al\u00f3 que el objeto del presente acuerdo consiste en que ambas partes impulsen actividades cient\u00edficas tecnol\u00f3gicas y de capacitaci\u00f3n de recursos humanos en la problem\u00e1tica de la evaluaci\u00f3n y preservaci\u00f3n del recurso h\u00eddrico, en la provincia de San Juan.<\/p>\n<p><span style=\"color: #666699;\"><strong>Imposici\u00f3n de nombre a escuela de Rawson<\/strong><\/span><\/p>\n<p>Asimismo, el cuerpo parlamentario otorg\u00f3 acuerdo a un proyecto de Ley de autor\u00eda de los diputados Juan Carlos Gioja, Graciela Seva, y Leonardo Gioja, el cual propone imponer el nombre de \u00abTiempo de Sol\u00bb a la escuela de Nivel Inicial, E.N.I. N\u00b0 51, ubicada en calle Tierra del Fuego\u00a0sin n\u00famero, Barrio Residencial Rawson del departamento Rawson.<\/p>\n<p><span style=\"color: #666699;\"><strong>Ternas para la auditor\u00eda de las rendiciones del Tribunal de Cuentas de los ejercicios 2021<\/strong><\/span><\/p>\n<p>Luego, la C\u00e1mara de Diputados resolvi\u00f3 aprobar la designaci\u00f3n, tras las ternas elevadas por el Consejo Profesional de Ciencias Econ\u00f3micas de San Juan, a la C.P.N. Ana Laura, Salinas Mut a los fines del estudio de la Cuenta General del Ejercicio a\u00f1o 2021 del Tribunal de Cuentas de la Provincia, debiendo la profesional realizar las tareas mencionadas en el art\u00edculo 119, correlativos y concordantes de la Ley N\u00ba 1100-E. Este punto del orden del d\u00eda fue fundamentado por el diputado Rodolfo Jalife.<\/p>\n<p><span style=\"color: #666699;\"><strong>Contrato de licencia curso Multidisciplinary Center for Cannabls Research (MCCR)<\/strong><\/span><\/p>\n<p>Despu\u00e9s, la diputada Marcela Monti fue la encargada de explicar los fundamentos de este asunto que result\u00f3 aprobado por el cuerpo Legislativo. En la ocasi\u00f3n, la legisladora record\u00f3 que este Contrato de Licencia Curso MCCR, fue celebrado el 26 de Noviembre de 2020, entre la provincia de San Juan, representada por el gobernador Sergio U\u00f1ac, junto a otras cuatro provincias argentinas, Jujuy, Mendoza, Corrientes, la Rioja; y la Universidad Nacional de Entre R\u00edos, por una parte, y por la otra Yissum Compa\u00f1\u00eda de Desarrollo de Investigaci\u00f3n de la Universidad Hebrea de Jerusal\u00e9n LTD y Hadasit Servicios de Investigaci\u00f3n y Desarrollo M\u00e9dico LTD.<\/p>\n<p>Seguidamente, indic\u00f3 que el mencionado acuerdo \u201cotorga a la provincia el derecho exclusivo y la licencia para ofrecer el curso redactado y preparado, de manera virtual y\/o presencial, por los profesionales de la Universidad Hebrea de Jerusal\u00e9n, que investigan los usos del Cannabis Medicinal y sus derivados. Este acuerdo nos abre las puertas para un espacio de capacitaci\u00f3n de primer nivel internacional destinado a nuestros profesionales y cient\u00edficos locales, generando nuevas estrategias m\u00e9dicas y ampliando nuestros horizontes investigativos. A partir de la aprobaci\u00f3n de este contrato con la prestigiosa instituci\u00f3n hebrea se desencadenan m\u00faltiples espacios de crecimiento en distintos \u00e1mbitos de nuestra provincia de cara al mejor tratamiento de los pacientes con diferentes patolog\u00edas\u201d.<\/p>\n<h3><span style=\"color: #666699;\"><strong>Designaci\u00f3n del vicepresidente del E.P.R.E.<\/strong><\/span><\/h3>\n<p>A continuaci\u00f3n, el cuerpo legislativo hizo efectiva la designaci\u00f3n en el cargo de Vicepresidente del Directorio del Ente Provincial de la Electricidad (E.P.R.E.), Ing. Roberto Ferrero, en los t\u00e9rminos establecidos por art\u00edculos 540 y 550 de la Ley Provincial 524-A, y de acuerdo a lo previsto por art\u00edculo 189\u00b0 inc. 4 y art\u00edculo 1500inc.26 de la Constituci\u00f3n Provincial. En la ocasi\u00f3n, habl\u00f3 el diputado Juan Carlos Abarca, quien se\u00f1al\u00f3 que la persona propuesta re\u00fane las condiciones legales, personales y profesionales necesarias para desempe\u00f1ar con honestidad e idoneidad el cargo para el cual se lo propone.<\/p>\n<p><span style=\"color: #666699;\"><strong>Resoluciones<\/strong><\/span><\/p>\n<p>Por \u00faltimo, los legisladores declararon de inter\u00e9s:<\/p>\n<ul>\n<li>\u201cSocial, Educativo y Cultural\u201d al XXIII Congreso Argentino de Bioingenier\u00eda y XII Jornadas de Ingenier\u00eda Cl\u00ednica &#8211; SABI 2022, organizado por la Sociedad Argentina de Bioingenier\u00eda y el Departamento de Bioingenier\u00eda de la Facultad de Ingenier\u00eda de la Universidad Nacional de San Juan, que se llevar\u00e1 a cabo los d\u00edas 13 al 16 de septiembre de 2022 en la provincia de San Juan. (diputada Fernanda Paredes);<\/li>\n<li>\u201cEducativo, Cultural y Tur\u00edstico\u201d el Libro \u00abR\u00e1fagas de Letras. Antolog\u00eda de San Juan\u00bb de los autores N\u00e9lida Ruiz, Rosa B. Gonz\u00e1les y Lucas Poblete. (diputado Edgardo Sancassani);<\/li>\n<li>Social, Educativo y Cultural las actividades en celebraci\u00f3n del 460\u00ba aniversario de la fundaci\u00f3n de San Juan. (diputada Celina Ramella);<\/li>\n<li>Social y Educativo el XVI Congreso Nacional de Profesores de Franc\u00e9s bajo el lema \u00abEl franc\u00e9s un patrimonio de todos\u00bb, organizado por el INES Dra. Carmen Perialoza, ASAPROF, la Federaci\u00f3n Argentina de Profesores de Franc\u00e9s (FAPF) y el Institut Francais d&#8217;Argentine, que se llevar\u00e1 a cabo los d\u00edas 15, 16 y 17 de junio del corriente en la provincia de San Juan. (diputada Fernanda Paredes).<\/li>\n<li>Hist\u00f3rico, Cultural y Social el acto conmemorativo del natalicio de Don Manuel Jos\u00e9 Joaqu\u00edn del Coraz\u00f3n de Jes\u00fas Belgrano, que se realiza el 3 de junio de 2022. (diputados Andr\u00e9s Chanampa y Edgardo Sancassani)<\/li>\n<li>Educativo, Social y Cultural la segunda edici\u00f3n de #ARG2030 de la asociaci\u00f3n civil AIESEC, que se desarrolla el 4 de junio de 2022 en la Provincia. (diputado Gast\u00f3n Berenguer)<\/li>\n<li>Cient\u00edfico, Educativo y Social el \u201cXXXII Encuentro Nacional de FOFETRA -Foro Federal del Trabajo\u00bb y \u00abII Congreso Provincial de Derecho del Trabajo de San Juan\u00bb, que se realiza el 2 y 3 de junio de 2022 en la sede del Foro de Abogados de San Juan. (diputada Celina Ramella).<\/li>\n<\/ul>\n<\/div>\n<div class=\"clear\"><\/div>\n<div>Publicado el Jueves, 02 de Junio de 2022<\/div>\n","protected":false},"excerpt":{"rendered":"<p>La C\u00e1mara de Diputados de San Juan aprob\u00f3 un proyecto de Ley que establece una metodolog\u00eda, recaudos y requisitos para<\/p>\n","protected":false},"author":3,"featured_media":49497,"comment_status":"closed","ping_status":"closed","sticky":false,"template":"","format":"standard","meta":{"_acf_changed":false,"_seopress_robots_primary_cat":"none","_seopress_titles_title":"","_seopress_titles_desc":"","_seopress_robots_index":"","colormag_page_container_layout":"default_layout","colormag_page_sidebar_layout":"default_layout","footnotes":""},"categories":[1],"tags":[],"class_list":["post-49495","post","type-post","status-publish","format-standard","has-post-thumbnail","hentry","category-destacadas"],"acf":[],"_links":{"self":[{"href":"https:\/\/vocesparalelas.com.ar\/sitio\/wp-json\/wp\/v2\/posts\/49495","targetHints":{"allow":["GET"]}}],"collection":[{"href":"https:\/\/vocesparalelas.com.ar\/sitio\/wp-json\/wp\/v2\/posts"}],"about":[{"href":"https:\/\/vocesparalelas.com.ar\/sitio\/wp-json\/wp\/v2\/types\/post"}],"author":[{"embeddable":true,"href":"https:\/\/vocesparalelas.com.ar\/sitio\/wp-json\/wp\/v2\/users\/3"}],"replies":[{"embeddable":true,"href":"https:\/\/vocesparalelas.com.ar\/sitio\/wp-json\/wp\/v2\/comments?post=49495"}],"version-history":[{"count":1,"href":"https:\/\/vocesparalelas.com.ar\/sitio\/wp-json\/wp\/v2\/posts\/49495\/revisions"}],"predecessor-version":[{"id":49498,"href":"https:\/\/vocesparalelas.com.ar\/sitio\/wp-json\/wp\/v2\/posts\/49495\/revisions\/49498"}],"wp:featuredmedia":[{"embeddable":true,"href":"https:\/\/vocesparalelas.com.ar\/sitio\/wp-json\/wp\/v2\/media\/49497"}],"wp:attachment":[{"href":"https:\/\/vocesparalelas.com.ar\/sitio\/wp-json\/wp\/v2\/media?parent=49495"}],"wp:term":[{"taxonomy":"category","embeddable":true,"href":"https:\/\/vocesparalelas.com.ar\/sitio\/wp-json\/wp\/v2\/categories?post=49495"},{"taxonomy":"post_tag","embeddable":true,"href":"https:\/\/vocesparalelas.com.ar\/sitio\/wp-json\/wp\/v2\/tags?post=49495"}],"curies":[{"name":"wp","href":"https:\/\/api.w.org\/{rel}","templated":true}]}}