{"id":49448,"date":"2022-06-01T18:34:23","date_gmt":"2022-06-01T21:34:23","guid":{"rendered":"https:\/\/vocesparalelas.com.ar\/sitio\/?p=49448"},"modified":"2022-06-01T18:43:40","modified_gmt":"2022-06-01T21:43:40","slug":"trabajan-en-una-oferta-salarial-para-la-paritaria-docente-y-de-los-empleados-publicos-de-san-juan","status":"publish","type":"post","link":"https:\/\/vocesparalelas.com.ar\/sitio\/trabajan-en-una-oferta-salarial-para-la-paritaria-docente-y-de-los-empleados-publicos-de-san-juan\/","title":{"rendered":"Trabajan en una oferta salarial para la paritaria docente y de los Empleados P\u00fablicos de San Juan"},"content":{"rendered":"<p>La ministro de Hacienda y Finanzas del Gobierno de San Juan, CPN Marisa L\u00f3pez, presidi\u00f3 la mesa de trabajo de cara a las paritarias docentes que se realizan el Jueves, 2 y el Viernes, 3 de Junio de 2022.<\/p>\n<p>La ministro L\u00f3pez junto al secretario de Hacienda y Finanzas, CPN Gerardo Torrent y la subsecretaria del \u00e1rea, CPN Eliana Mattar, elaboran, de acuerdo a los n\u00fameros de la provincia,\u00a0 una propuesta para presentar a los gremios docentes.<\/p>\n<p>Con la premisa que los salarios le ganen a la inflaci\u00f3n manteniendo el l\u00edmite del recurso, el equipo del ministerio de Hacienda y Finanzas contin\u00faa trabajando en alternativas que permitan\u00a0 lograr un nuevo acuerdo salarial.<\/p>\n<p>El Jueves, 2 de Junio a partir de las 9 hs.; se realiza la reuni\u00f3n con los gremios docentes. Asimismo, se adelant\u00f3 para el Viernes, 3 de Junio, a las 10 hs.; la reuni\u00f3n prevista con los gremios no docentes, representantes de la administraci\u00f3n p\u00fablica de San Juan.<\/p>\n<p>\u201cEntendemos que hay que darle una soluci\u00f3n a los trabajadores m\u00e1s golpeados por la inflaci\u00f3n. Esta es una variable que no maneja la provincia, es una variable macroecon\u00f3mica y dentro de ese marco nos estamos ocupando\u201d expres\u00f3 la ministra de Hacienda y agreg\u00f3\u00a0 \u00abLo que han planteado los gremios no dista mucho de lo planteado en el petitorio que el Gobernador Dr. Sergio U\u00f1ac recibi\u00f3. Sobre esta base, trabajamos en una propuesta que vamos a ofrecer a los gremios para lograr el mejor acuerdo, este es el mecanismo institucional que hay que seguir\u00bb.<\/p>\n<p>Estas dos reuniones son las primeras instancias de revisi\u00f3n y se espera lograr un acuerdo en el menor tiempo posible a fin de llevar un alivio a todos los sectores, \u201csiempre haciendo el m\u00e1ximo esfuerzo pero sin descuidar el l\u00edmite que es el recurso, como lo marc\u00f3 el Gobernador\u201d, puntualiz\u00f3 la funcionaria.<\/p>\n<p><img loading=\"lazy\" decoding=\"async\" class=\"alignnone size-large wp-image-1245\" src=\"https:\/\/vocesparalelas.com.ar\/sitio\/wp-content\/uploads\/2017\/05\/CASA-DE-GOBIERNO-01-800x534.jpg\" alt=\"\" width=\"800\" height=\"534\" srcset=\"https:\/\/vocesparalelas.com.ar\/sitio\/wp-content\/uploads\/2017\/05\/CASA-DE-GOBIERNO-01.jpg 800w, https:\/\/vocesparalelas.com.ar\/sitio\/wp-content\/uploads\/2017\/05\/CASA-DE-GOBIERNO-01-300x200.jpg 300w, https:\/\/vocesparalelas.com.ar\/sitio\/wp-content\/uploads\/2017\/05\/CASA-DE-GOBIERNO-01-768x513.jpg 768w\" sizes=\"auto, (max-width: 800px) 100vw, 800px\" \/><\/p>\n<p>Publicado el Mi\u00e9rcoles, 01 de Junio de 2022<\/p>\n<p>&nbsp;<\/p>\n","protected":false},"excerpt":{"rendered":"<p>La ministro de Hacienda y Finanzas del Gobierno de San Juan, CPN Marisa L\u00f3pez, presidi\u00f3 la mesa de trabajo de<\/p>\n","protected":false},"author":3,"featured_media":49450,"comment_status":"closed","ping_status":"closed","sticky":false,"template":"","format":"standard","meta":{"_acf_changed":false,"_seopress_robots_primary_cat":"none","_seopress_titles_title":"","_seopress_titles_desc":"","_seopress_robots_index":"","colormag_page_container_layout":"default_layout","colormag_page_sidebar_layout":"default_layout","footnotes":""},"categories":[1],"tags":[],"class_list":["post-49448","post","type-post","status-publish","format-standard","has-post-thumbnail","hentry","category-destacadas"],"acf":[],"_links":{"self":[{"href":"https:\/\/vocesparalelas.com.ar\/sitio\/wp-json\/wp\/v2\/posts\/49448","targetHints":{"allow":["GET"]}}],"collection":[{"href":"https:\/\/vocesparalelas.com.ar\/sitio\/wp-json\/wp\/v2\/posts"}],"about":[{"href":"https:\/\/vocesparalelas.com.ar\/sitio\/wp-json\/wp\/v2\/types\/post"}],"author":[{"embeddable":true,"href":"https:\/\/vocesparalelas.com.ar\/sitio\/wp-json\/wp\/v2\/users\/3"}],"replies":[{"embeddable":true,"href":"https:\/\/vocesparalelas.com.ar\/sitio\/wp-json\/wp\/v2\/comments?post=49448"}],"version-history":[{"count":2,"href":"https:\/\/vocesparalelas.com.ar\/sitio\/wp-json\/wp\/v2\/posts\/49448\/revisions"}],"predecessor-version":[{"id":49457,"href":"https:\/\/vocesparalelas.com.ar\/sitio\/wp-json\/wp\/v2\/posts\/49448\/revisions\/49457"}],"wp:featuredmedia":[{"embeddable":true,"href":"https:\/\/vocesparalelas.com.ar\/sitio\/wp-json\/wp\/v2\/media\/49450"}],"wp:attachment":[{"href":"https:\/\/vocesparalelas.com.ar\/sitio\/wp-json\/wp\/v2\/media?parent=49448"}],"wp:term":[{"taxonomy":"category","embeddable":true,"href":"https:\/\/vocesparalelas.com.ar\/sitio\/wp-json\/wp\/v2\/categories?post=49448"},{"taxonomy":"post_tag","embeddable":true,"href":"https:\/\/vocesparalelas.com.ar\/sitio\/wp-json\/wp\/v2\/tags?post=49448"}],"curies":[{"name":"wp","href":"https:\/\/api.w.org\/{rel}","templated":true}]}}