{"id":49445,"date":"2022-06-01T16:54:22","date_gmt":"2022-06-01T19:54:22","guid":{"rendered":"https:\/\/vocesparalelas.com.ar\/sitio\/?p=49445"},"modified":"2022-06-03T02:06:12","modified_gmt":"2022-06-03T05:06:12","slug":"diplomatura-en-politicas-de-seguridad-con-enfoque-en-derechos-humanos","status":"publish","type":"post","link":"https:\/\/vocesparalelas.com.ar\/sitio\/diplomatura-en-politicas-de-seguridad-con-enfoque-en-derechos-humanos\/","title":{"rendered":"Diplomatura en Pol\u00edticas de Seguridad con enfoque en Derechos Humanos"},"content":{"rendered":"<p>La Diplomatura en Pol\u00edticas de Seguridad con enfoque en Derechos Humanos se dicta en la Facultad de Ciencias Sociales de la Universidad Nacional de San Juan y comienza el S\u00e1bado, 4 de Junio, a las 8.30. Tiene las dos modalidades presencial y virtual, consta de cinco m\u00f3dulos y su cursado se extiende hasta Septiembre de 2022.<\/p>\n<p>La especialista en Criminolog\u00eda, doctora en Ciencias Sociales y coordinadora Acad\u00e9mica de la Diplomatura, Dra. Sonia Torti, se\u00f1al\u00f3 que \u00abla Secretar\u00eda de Estado de Seguridad y Orden P\u00fablico de la Provincia \u201cle solicit\u00f3 a la Facultad de Ciencias Sociales una diplomatura orientada al personal de las fuerzas de seguridad, del Servicio Penitenciario y de la Direcci\u00f3n de Protecci\u00f3n al preso liberado y excarcelado\u00bb.<\/p>\n<p>Luego agreg\u00f3 que las y los polic\u00edas deciden si la hacen, \u00abpero es importante la intervenci\u00f3n de la Secretar\u00eda de Estado de Ciencia, Tecnolog\u00eda e Innovaci\u00f3n de la Provincia porque ha becado a polic\u00edas con una beca del 50 por ciento de la matr\u00edcula\u201d.<\/p>\n<p>Adem\u00e1s, es la primera vez que se realiza esta Diplomatura en la UNSJ: \u201cLa Universidad ha aceptado la formaci\u00f3n de polic\u00edas, algo que rechaz\u00f3 hace como diez a\u00f1os. Tambi\u00e9n es una revisi\u00f3n de las propias pr\u00e1cticas de la Universidad\u201d.<\/p>\n<p><span style=\"color: #99cc00;\"><strong>Especializaci\u00f3n en Criminolog\u00eda<\/strong><\/span><\/p>\n<p>Comenzar\u00e1 tambi\u00e9n esta Especializaci\u00f3n en Criminolog\u00eda, que es una carrera de posgrado y la que ya cursaron tres cohortes bajo la direcci\u00f3n de la fallecida Daniela Puebla. \u201cVolvimos a presentar nuevamente la carrera a acreditaci\u00f3n y CONEAU la acredit\u00f3 el a\u00f1o pasado\u201d, cont\u00f3 Sonia Torti, directora de esta Especializaci\u00f3n.<\/p>\n<p>Las inscripciones se realizan en este mes de junio. El cursado para estas tem\u00e1ticas de la \u201csociolog\u00eda del castigo y el control del delito\u201d comienza en agosto y est\u00e1 dirigido a profesionales de distintas disciplinas (Abogac\u00eda, Sociolog\u00eda, Trabajo Social, Comunicaci\u00f3n Social, Licenciatura en Seguridad).<\/p>\n<p><strong><span style=\"color: #99cc00;\">Inscripci\u00f3n<\/span><\/strong><\/p>\n<p>En la Secretar\u00eda de Posgrado de la FACSO<\/p>\n<p>Publicado el Mi\u00e9rcoles, 01 de Junio de 2022<\/p>\n","protected":false},"excerpt":{"rendered":"<p>La Diplomatura en Pol\u00edticas de Seguridad con enfoque en Derechos Humanos se dicta en la Facultad de Ciencias Sociales de<\/p>\n","protected":false},"author":3,"featured_media":3711,"comment_status":"closed","ping_status":"closed","sticky":false,"template":"","format":"standard","meta":{"_acf_changed":false,"_seopress_robots_primary_cat":"none","_seopress_titles_title":"","_seopress_titles_desc":"","_seopress_robots_index":"","colormag_page_container_layout":"default_layout","colormag_page_sidebar_layout":"default_layout","footnotes":""},"categories":[15],"tags":[],"class_list":["post-49445","post","type-post","status-publish","format-standard","has-post-thumbnail","hentry","category-posgrados"],"acf":[],"_links":{"self":[{"href":"https:\/\/vocesparalelas.com.ar\/sitio\/wp-json\/wp\/v2\/posts\/49445","targetHints":{"allow":["GET"]}}],"collection":[{"href":"https:\/\/vocesparalelas.com.ar\/sitio\/wp-json\/wp\/v2\/posts"}],"about":[{"href":"https:\/\/vocesparalelas.com.ar\/sitio\/wp-json\/wp\/v2\/types\/post"}],"author":[{"embeddable":true,"href":"https:\/\/vocesparalelas.com.ar\/sitio\/wp-json\/wp\/v2\/users\/3"}],"replies":[{"embeddable":true,"href":"https:\/\/vocesparalelas.com.ar\/sitio\/wp-json\/wp\/v2\/comments?post=49445"}],"version-history":[{"count":1,"href":"https:\/\/vocesparalelas.com.ar\/sitio\/wp-json\/wp\/v2\/posts\/49445\/revisions"}],"predecessor-version":[{"id":49447,"href":"https:\/\/vocesparalelas.com.ar\/sitio\/wp-json\/wp\/v2\/posts\/49445\/revisions\/49447"}],"wp:featuredmedia":[{"embeddable":true,"href":"https:\/\/vocesparalelas.com.ar\/sitio\/wp-json\/wp\/v2\/media\/3711"}],"wp:attachment":[{"href":"https:\/\/vocesparalelas.com.ar\/sitio\/wp-json\/wp\/v2\/media?parent=49445"}],"wp:term":[{"taxonomy":"category","embeddable":true,"href":"https:\/\/vocesparalelas.com.ar\/sitio\/wp-json\/wp\/v2\/categories?post=49445"},{"taxonomy":"post_tag","embeddable":true,"href":"https:\/\/vocesparalelas.com.ar\/sitio\/wp-json\/wp\/v2\/tags?post=49445"}],"curies":[{"name":"wp","href":"https:\/\/api.w.org\/{rel}","templated":true}]}}