{"id":49441,"date":"2022-06-01T16:12:27","date_gmt":"2022-06-01T19:12:27","guid":{"rendered":"https:\/\/vocesparalelas.com.ar\/sitio\/?p=49441"},"modified":"2022-06-01T21:55:30","modified_gmt":"2022-06-02T00:55:30","slug":"obra-de-teatro-con-todo-el-amor-del-mundo","status":"publish","type":"post","link":"https:\/\/vocesparalelas.com.ar\/sitio\/obra-de-teatro-con-todo-el-amor-del-mundo\/","title":{"rendered":"Obra de Teatro \u201cCon todo el amor del mundo\u201d"},"content":{"rendered":"<div class=\"itemFullText\">\n<p>El Ministerio de Turismo y Cultura del Gobierno de San Juan, a trav\u00e9s del Teatro del Bicentenario, presenta \u201cCon todo el amor del mundo\u201d<i>,\u00a0<\/i>una\u00a0obra teatral que habla de las inconveniencias del apego emocional y las consecuencias de la separaci\u00f3n. Escrita y dirigida por el mendocino Juan Francisco Bar\u00f3n, la innovadora puesta estren\u00f3 en marzo del a\u00f1o pasado y llega, en esta ocasi\u00f3n, a la provincia a conquistar tanto a j\u00f3venes como adultos con su tierna sensibilidad.<\/p>\n<p>Con una prosa y una est\u00e9tica joven, \u201cCon todo el amor del mundo\u201d gira en torno a una pareja que, llegado un momento de crisis, decide separarse y lidiar con sus emociones:<\/p>\n<p>La obra tiene una duraci\u00f3n aproximada de 60 minutos y sube a escena el S\u00e1bado 18 de junio, a las\u00a021, en la\u00a0Sala Audit\u00f3rium del TB. Las entradas generales tienen un valor de $800 y podr\u00e1n adquirirse en Boleter\u00eda del TB de lunes a viernes de 9:30 a 14 o de 16 a 20 y los s\u00e1bados de 10 a 13:30. Tambi\u00e9n estar\u00e1n disponibles en venta online a trav\u00e9s del siguiente enlace:\u00a0<a href=\"https:\/\/tbsj.tuentrada.com\/list\/events\">https:\/\/tbsj.tuentrada.com\/list\/events<\/a><\/p>\n<p><span style=\"color: #99cc00;\"><strong>Sinopsis<\/strong><\/span><\/p>\n<p>Esto es una carta de despedida; Juan Pablo y Melina se separan. O m\u00e1s bien se suceden cosas mientras se separan: la muerte, la distancia, la imposibilidad de separarse, sus recuerdos, sus libros, la familia, sus plantas, su hogar y en el medio ellos. La obra es un collage de ternura y magia. \u00bfAd\u00f3nde ir cuando se pierde un hogar? Y la metamorfosis como la \u00fanica respuesta posible. Como en la alquimia, pero en vez de elementos son personas.<\/p>\n<\/div>\n<div class=\"clr\"><img loading=\"lazy\" decoding=\"async\" class=\"alignnone size-full wp-image-32104\" src=\"https:\/\/vocesparalelas.com.ar\/sitio\/wp-content\/uploads\/2020\/10\/TEATRO-DEL-BICENTENARIO.jpg\" alt=\"\" width=\"800\" height=\"475\" srcset=\"https:\/\/vocesparalelas.com.ar\/sitio\/wp-content\/uploads\/2020\/10\/TEATRO-DEL-BICENTENARIO.jpg 800w, https:\/\/vocesparalelas.com.ar\/sitio\/wp-content\/uploads\/2020\/10\/TEATRO-DEL-BICENTENARIO-300x178.jpg 300w, https:\/\/vocesparalelas.com.ar\/sitio\/wp-content\/uploads\/2020\/10\/TEATRO-DEL-BICENTENARIO-768x456.jpg 768w\" sizes=\"auto, (max-width: 800px) 100vw, 800px\" \/><\/div>\n<div class=\"itemContentFooter\"><span class=\"itemDateModified\">Modificado por \u00faltima vez en Mi\u00e9rcoles, 01 Junio 2022 15:55<\/span><\/div>\n","protected":false},"excerpt":{"rendered":"<p>El Ministerio de Turismo y Cultura del Gobierno de San Juan, a trav\u00e9s del Teatro del Bicentenario, presenta \u201cCon todo<\/p>\n","protected":false},"author":3,"featured_media":49443,"comment_status":"closed","ping_status":"closed","sticky":false,"template":"","format":"standard","meta":{"_acf_changed":false,"_seopress_robots_primary_cat":"none","_seopress_titles_title":"","_seopress_titles_desc":"","_seopress_robots_index":"","colormag_page_container_layout":"default_layout","colormag_page_sidebar_layout":"default_layout","footnotes":""},"categories":[20],"tags":[],"class_list":["post-49441","post","type-post","status-publish","format-standard","has-post-thumbnail","hentry","category-cartelera"],"acf":[],"_links":{"self":[{"href":"https:\/\/vocesparalelas.com.ar\/sitio\/wp-json\/wp\/v2\/posts\/49441","targetHints":{"allow":["GET"]}}],"collection":[{"href":"https:\/\/vocesparalelas.com.ar\/sitio\/wp-json\/wp\/v2\/posts"}],"about":[{"href":"https:\/\/vocesparalelas.com.ar\/sitio\/wp-json\/wp\/v2\/types\/post"}],"author":[{"embeddable":true,"href":"https:\/\/vocesparalelas.com.ar\/sitio\/wp-json\/wp\/v2\/users\/3"}],"replies":[{"embeddable":true,"href":"https:\/\/vocesparalelas.com.ar\/sitio\/wp-json\/wp\/v2\/comments?post=49441"}],"version-history":[{"count":1,"href":"https:\/\/vocesparalelas.com.ar\/sitio\/wp-json\/wp\/v2\/posts\/49441\/revisions"}],"predecessor-version":[{"id":49444,"href":"https:\/\/vocesparalelas.com.ar\/sitio\/wp-json\/wp\/v2\/posts\/49441\/revisions\/49444"}],"wp:featuredmedia":[{"embeddable":true,"href":"https:\/\/vocesparalelas.com.ar\/sitio\/wp-json\/wp\/v2\/media\/49443"}],"wp:attachment":[{"href":"https:\/\/vocesparalelas.com.ar\/sitio\/wp-json\/wp\/v2\/media?parent=49441"}],"wp:term":[{"taxonomy":"category","embeddable":true,"href":"https:\/\/vocesparalelas.com.ar\/sitio\/wp-json\/wp\/v2\/categories?post=49441"},{"taxonomy":"post_tag","embeddable":true,"href":"https:\/\/vocesparalelas.com.ar\/sitio\/wp-json\/wp\/v2\/tags?post=49441"}],"curies":[{"name":"wp","href":"https:\/\/api.w.org\/{rel}","templated":true}]}}