{"id":49417,"date":"2022-06-01T13:28:19","date_gmt":"2022-06-01T16:28:19","guid":{"rendered":"https:\/\/vocesparalelas.com.ar\/sitio\/?p=49417"},"modified":"2022-06-01T13:28:19","modified_gmt":"2022-06-01T16:28:19","slug":"resultados-del-instituto-malbran-del-paciente-pediatrico-de-san-juan","status":"publish","type":"post","link":"https:\/\/vocesparalelas.com.ar\/sitio\/resultados-del-instituto-malbran-del-paciente-pediatrico-de-san-juan\/","title":{"rendered":"Resultados del Instituto Malbr\u00e1n del Paciente Pedi\u00e1trico de San Juan"},"content":{"rendered":"<p>El Ministerio de Salud P\u00fablica informa que se ha recibido el informe del Instituto Malbr\u00e1n, a trav\u00e9s de la Plataforma SISA, correspondiente al paciente pedi\u00e1trico con diagn\u00f3stico de Hepatitis Aguda de origen desconocido.<\/p>\n<p>El informe arroja el resultado\u00a0 detectable para Adenovirus del grupo F. El paciente en este momento se encuentra de alta, en buen estado general, cumple con la definici\u00f3n de Caso probable con Adenovirus Positivo.<\/p>\n<p>No hay en este momento m\u00e1s pacientes en estudio en la provincia de San Juan.\u00a0 A nivel Nacional hay m\u00e1s de 30 pacientes sospechosos a la espera d\u00e9 resultados en el pa\u00eds.<\/p>\n<p>Se mantiene la vigilancia epidemiol\u00f3gica activa.<\/p>\n<p>S\u00edntomas:<\/p>\n<p>El Adenovirus tipo F 41 causa com\u00fanmente gastroenteritis aguda pedi\u00e1trica, con s\u00edntomas t\u00edpicos como diarrea, v\u00f3mitos y fiebre. En algunas oportunidades, puede acompa\u00f1arse de s\u00edntomas respiratorios. Si bien ha habido reporte de casos de hepatitis causada por Adenovirus F 41 en poblaci\u00f3n pedi\u00e1trica con inmunocompromiso, no es una causa frecuente de hepatitis en inmunocompetentes.<\/p>\n<p>Recomendaciones para prevenir hepatitis<\/p>\n<p>El Ministerio de Salud P\u00fablica recuerda la importancia de -controlar y\u00a0 completar el Calendario Nacional de Vacunaci\u00f3n.<\/p>\n<ul>\n<li>Realizar la Higiene frecuente de manos<\/li>\n<li>Evitar el contacto con personas enfermas<\/li>\n<li>Cubrirse al Toser o Estornudar y evitar tocarse ojos, nariz y boca<\/li>\n<\/ul>\n","protected":false},"excerpt":{"rendered":"<p>El Ministerio de Salud P\u00fablica informa que se ha recibido el informe del Instituto Malbr\u00e1n, a trav\u00e9s de la Plataforma<\/p>\n","protected":false},"author":3,"featured_media":49419,"comment_status":"closed","ping_status":"closed","sticky":false,"template":"","format":"standard","meta":{"_acf_changed":false,"_seopress_robots_primary_cat":"none","_seopress_titles_title":"","_seopress_titles_desc":"","_seopress_robots_index":"","colormag_page_container_layout":"default_layout","colormag_page_sidebar_layout":"default_layout","footnotes":""},"categories":[1],"tags":[],"class_list":["post-49417","post","type-post","status-publish","format-standard","has-post-thumbnail","hentry","category-destacadas"],"acf":[],"_links":{"self":[{"href":"https:\/\/vocesparalelas.com.ar\/sitio\/wp-json\/wp\/v2\/posts\/49417","targetHints":{"allow":["GET"]}}],"collection":[{"href":"https:\/\/vocesparalelas.com.ar\/sitio\/wp-json\/wp\/v2\/posts"}],"about":[{"href":"https:\/\/vocesparalelas.com.ar\/sitio\/wp-json\/wp\/v2\/types\/post"}],"author":[{"embeddable":true,"href":"https:\/\/vocesparalelas.com.ar\/sitio\/wp-json\/wp\/v2\/users\/3"}],"replies":[{"embeddable":true,"href":"https:\/\/vocesparalelas.com.ar\/sitio\/wp-json\/wp\/v2\/comments?post=49417"}],"version-history":[{"count":1,"href":"https:\/\/vocesparalelas.com.ar\/sitio\/wp-json\/wp\/v2\/posts\/49417\/revisions"}],"predecessor-version":[{"id":49420,"href":"https:\/\/vocesparalelas.com.ar\/sitio\/wp-json\/wp\/v2\/posts\/49417\/revisions\/49420"}],"wp:featuredmedia":[{"embeddable":true,"href":"https:\/\/vocesparalelas.com.ar\/sitio\/wp-json\/wp\/v2\/media\/49419"}],"wp:attachment":[{"href":"https:\/\/vocesparalelas.com.ar\/sitio\/wp-json\/wp\/v2\/media?parent=49417"}],"wp:term":[{"taxonomy":"category","embeddable":true,"href":"https:\/\/vocesparalelas.com.ar\/sitio\/wp-json\/wp\/v2\/categories?post=49417"},{"taxonomy":"post_tag","embeddable":true,"href":"https:\/\/vocesparalelas.com.ar\/sitio\/wp-json\/wp\/v2\/tags?post=49417"}],"curies":[{"name":"wp","href":"https:\/\/api.w.org\/{rel}","templated":true}]}}