{"id":49382,"date":"2022-05-31T21:47:36","date_gmt":"2022-06-01T00:47:36","guid":{"rendered":"https:\/\/vocesparalelas.com.ar\/sitio\/?p=49382"},"modified":"2022-05-31T21:50:15","modified_gmt":"2022-06-01T00:50:15","slug":"los-avances-hacia-el-fortalecimiento-de-la-ley-de-discapacidad-adaptada-al-siglo-xxi-en-argentina","status":"publish","type":"post","link":"https:\/\/vocesparalelas.com.ar\/sitio\/los-avances-hacia-el-fortalecimiento-de-la-ley-de-discapacidad-adaptada-al-siglo-xxi-en-argentina\/","title":{"rendered":"Los avances hacia el fortalecimiento de la Ley de Discapacidad adaptada al Siglo XXI en Argentina"},"content":{"rendered":"<p>El Martes, 17 Mayo de 2022, se realiz\u00f3 en San Juan como sede regional, en pleno proceso de debate por la Nueva Ley de Discapacidad, donde el Ministerio de Desarrollo Humano y Promoci\u00f3n Social a trav\u00e9s de la Direcci\u00f3n de Personas con Discapacidad y la Agencia Nacional de Discapacidad &#8211; Andis-, llev\u00f3 a cabo la segunda jornada de Audiencia P\u00fablica.<\/p>\n<p>Con una gran convocatoria ciudadana, el encuentro reuni\u00f3 a referentes de la regi\u00f3n Cuyo de las Provincias de Mendoza, San Luis, La Rioja y San Juan, contando con la participaci\u00f3n activa de m\u00e1s de 70 oradores, generando instancias de di\u00e1logo e intercambio de opiniones con una visi\u00f3n m\u00e1s federal; donde los aportes de la sociedad civil, personas con discapacidad, familias y organizaciones involucradas como organismos p\u00fablicos, fueron algunos de los sectores claves para la creaci\u00f3n de esta nueva normativa.<\/p>\n<p>Por ello, Voces Paralelas entrevist\u00f3 a la Directora de Personas con Discapacidad del Ministerio de Desarrollo Humano y Promoci\u00f3n Social del Gobierno de San Juan, Andrea L\u00e9pez, quien describi\u00f3 lo que significa la Audiencia P\u00fablica con la participaci\u00f3n de distintas personas que contribuye su mirado y su voz para aportar el fortalecimiento de una Ley de Discapacidad que refleje los Derechos del sector que lo dignifique en el Siglo XXI.<\/p>\n<p><iframe loading=\"lazy\" title=\"SAN JUAN DISCAPACIDAD ANDREA LEPEZ\" width=\"800\" height=\"450\" src=\"https:\/\/www.youtube.com\/embed\/GpFyOwz3VN4?feature=oembed\" frameborder=\"0\" allow=\"accelerometer; autoplay; clipboard-write; encrypted-media; gyroscope; picture-in-picture\" allowfullscreen><\/iframe><\/p>\n<p><img loading=\"lazy\" decoding=\"async\" class=\"alignnone size-large wp-image-21345\" src=\"https:\/\/vocesparalelas.com.ar\/sitio\/wp-content\/uploads\/2019\/05\/DISCAPACIDAD-02-800x534.jpg\" alt=\"\" width=\"800\" height=\"534\" srcset=\"https:\/\/vocesparalelas.com.ar\/sitio\/wp-content\/uploads\/2019\/05\/DISCAPACIDAD-02-800x534.jpg 800w, https:\/\/vocesparalelas.com.ar\/sitio\/wp-content\/uploads\/2019\/05\/DISCAPACIDAD-02-300x200.jpg 300w, https:\/\/vocesparalelas.com.ar\/sitio\/wp-content\/uploads\/2019\/05\/DISCAPACIDAD-02-768x512.jpg 768w, https:\/\/vocesparalelas.com.ar\/sitio\/wp-content\/uploads\/2019\/05\/DISCAPACIDAD-02.jpg 1000w\" sizes=\"auto, (max-width: 800px) 100vw, 800px\" \/><\/p>\n<p>&nbsp;<\/p>\n<p>Publicada el Martes, 31 de Mayo de 2022<\/p>\n<p>&nbsp;<\/p>\n<p>&nbsp;<\/p>\n","protected":false},"excerpt":{"rendered":"<p>El Martes, 17 Mayo de 2022, se realiz\u00f3 en San Juan como sede regional, en pleno proceso de debate por<\/p>\n","protected":false},"author":3,"featured_media":49384,"comment_status":"closed","ping_status":"closed","sticky":false,"template":"","format":"video","meta":{"_acf_changed":false,"_seopress_robots_primary_cat":"none","_seopress_titles_title":"","_seopress_titles_desc":"","_seopress_robots_index":"","colormag_page_container_layout":"default_layout","colormag_page_sidebar_layout":"default_layout","footnotes":""},"categories":[1,7],"tags":[],"class_list":["post-49382","post","type-post","status-publish","format-video","has-post-thumbnail","hentry","category-destacadas","category-videos","post_format-post-format-video"],"acf":[],"_links":{"self":[{"href":"https:\/\/vocesparalelas.com.ar\/sitio\/wp-json\/wp\/v2\/posts\/49382","targetHints":{"allow":["GET"]}}],"collection":[{"href":"https:\/\/vocesparalelas.com.ar\/sitio\/wp-json\/wp\/v2\/posts"}],"about":[{"href":"https:\/\/vocesparalelas.com.ar\/sitio\/wp-json\/wp\/v2\/types\/post"}],"author":[{"embeddable":true,"href":"https:\/\/vocesparalelas.com.ar\/sitio\/wp-json\/wp\/v2\/users\/3"}],"replies":[{"embeddable":true,"href":"https:\/\/vocesparalelas.com.ar\/sitio\/wp-json\/wp\/v2\/comments?post=49382"}],"version-history":[{"count":1,"href":"https:\/\/vocesparalelas.com.ar\/sitio\/wp-json\/wp\/v2\/posts\/49382\/revisions"}],"predecessor-version":[{"id":49385,"href":"https:\/\/vocesparalelas.com.ar\/sitio\/wp-json\/wp\/v2\/posts\/49382\/revisions\/49385"}],"wp:featuredmedia":[{"embeddable":true,"href":"https:\/\/vocesparalelas.com.ar\/sitio\/wp-json\/wp\/v2\/media\/49384"}],"wp:attachment":[{"href":"https:\/\/vocesparalelas.com.ar\/sitio\/wp-json\/wp\/v2\/media?parent=49382"}],"wp:term":[{"taxonomy":"category","embeddable":true,"href":"https:\/\/vocesparalelas.com.ar\/sitio\/wp-json\/wp\/v2\/categories?post=49382"},{"taxonomy":"post_tag","embeddable":true,"href":"https:\/\/vocesparalelas.com.ar\/sitio\/wp-json\/wp\/v2\/tags?post=49382"}],"curies":[{"name":"wp","href":"https:\/\/api.w.org\/{rel}","templated":true}]}}