{"id":49367,"date":"2022-05-30T15:14:36","date_gmt":"2022-05-30T18:14:36","guid":{"rendered":"https:\/\/vocesparalelas.com.ar\/sitio\/?p=49367"},"modified":"2022-06-01T00:53:46","modified_gmt":"2022-06-01T03:53:46","slug":"vacunacion-desparasitacion-en-rivadavia","status":"publish","type":"post","link":"https:\/\/vocesparalelas.com.ar\/sitio\/vacunacion-desparasitacion-en-rivadavia\/","title":{"rendered":"Vacunaci\u00f3n + Desparasitaci\u00f3n en Rivadavia"},"content":{"rendered":"<p>La Municipalidad de Rivadavia informa que contin\u00faa con la Campa\u00f1a de Vacunaci\u00f3n y Desparasitaci\u00f3n de perros y gatos.<\/p>\n<p>El Martes, 31 de Mayo, de 10 a 12 hs., en la\u00a0 Polideportivo del Barrio Jard\u00edn Policial.<\/p>\n<p>Recuerda de llevar a tu mascota con correa para sumar m\u00e1s mascota en la campa\u00f1a.<\/p>\n<p>No te olvides que una mascota cuidada es una mascota sana para tu familia.<\/p>\n<p>Publicada el Lunes, 30 de Mayo de 2022<\/p>\n","protected":false},"excerpt":{"rendered":"<p>La Municipalidad de Rivadavia informa que contin\u00faa con la Campa\u00f1a de Vacunaci\u00f3n y Desparasitaci\u00f3n de perros y gatos. El Martes,<\/p>\n","protected":false},"author":3,"featured_media":18495,"comment_status":"closed","ping_status":"closed","sticky":false,"template":"","format":"standard","meta":{"_acf_changed":false,"_seopress_robots_primary_cat":"none","_seopress_titles_title":"","_seopress_titles_desc":"","_seopress_robots_index":"","colormag_page_container_layout":"default_layout","colormag_page_sidebar_layout":"default_layout","footnotes":""},"categories":[6],"tags":[],"class_list":["post-49367","post","type-post","status-publish","format-standard","has-post-thumbnail","hentry","category-eventos"],"acf":[],"_links":{"self":[{"href":"https:\/\/vocesparalelas.com.ar\/sitio\/wp-json\/wp\/v2\/posts\/49367","targetHints":{"allow":["GET"]}}],"collection":[{"href":"https:\/\/vocesparalelas.com.ar\/sitio\/wp-json\/wp\/v2\/posts"}],"about":[{"href":"https:\/\/vocesparalelas.com.ar\/sitio\/wp-json\/wp\/v2\/types\/post"}],"author":[{"embeddable":true,"href":"https:\/\/vocesparalelas.com.ar\/sitio\/wp-json\/wp\/v2\/users\/3"}],"replies":[{"embeddable":true,"href":"https:\/\/vocesparalelas.com.ar\/sitio\/wp-json\/wp\/v2\/comments?post=49367"}],"version-history":[{"count":3,"href":"https:\/\/vocesparalelas.com.ar\/sitio\/wp-json\/wp\/v2\/posts\/49367\/revisions"}],"predecessor-version":[{"id":49371,"href":"https:\/\/vocesparalelas.com.ar\/sitio\/wp-json\/wp\/v2\/posts\/49367\/revisions\/49371"}],"wp:featuredmedia":[{"embeddable":true,"href":"https:\/\/vocesparalelas.com.ar\/sitio\/wp-json\/wp\/v2\/media\/18495"}],"wp:attachment":[{"href":"https:\/\/vocesparalelas.com.ar\/sitio\/wp-json\/wp\/v2\/media?parent=49367"}],"wp:term":[{"taxonomy":"category","embeddable":true,"href":"https:\/\/vocesparalelas.com.ar\/sitio\/wp-json\/wp\/v2\/categories?post=49367"},{"taxonomy":"post_tag","embeddable":true,"href":"https:\/\/vocesparalelas.com.ar\/sitio\/wp-json\/wp\/v2\/tags?post=49367"}],"curies":[{"name":"wp","href":"https:\/\/api.w.org\/{rel}","templated":true}]}}