{"id":49354,"date":"2022-06-02T21:15:59","date_gmt":"2022-06-03T00:15:59","guid":{"rendered":"https:\/\/vocesparalelas.com.ar\/sitio\/?p=49354"},"modified":"2022-06-03T02:04:33","modified_gmt":"2022-06-03T05:04:33","slug":"se-reanuda-el-plenario-extraordinario-de-udap","status":"publish","type":"post","link":"https:\/\/vocesparalelas.com.ar\/sitio\/se-reanuda-el-plenario-extraordinario-de-udap\/","title":{"rendered":"Se reanuda el Plenario Extraordinario de UDAP"},"content":{"rendered":"<p>El Secretario Ejecutivo de UDAP convoca a los Delegados Escolares de los distintos niveles y modalidades, tanto\u00a0 de gesti\u00f3n P\u00fablico como Privado del Sistema P\u00fablico Educativo de San Juan reanuda el Plenario Extraordinario, para el Viernes, 03 de Junio de 2022, a las 11 hs.; en el Sal\u00f3n de las Carretas del Camping del Gremio, Pelegrini s\/n\u00b0, La Bebida, Departamento Rivadavia.<\/p>\n<p><strong><span style=\"color: #99cc00;\">Orden del D\u00eda<\/span><\/strong><\/p>\n<ul>\n<li>Informe\u00a0 Situaci\u00f3n Nacional<\/li>\n<li>Informe Situaci\u00f3n de San Juan<\/li>\n<li>Acciones a seguir<\/li>\n<\/ul>\n<p>Publicado el Jueves 02 de Junio de 2022<\/p>\n","protected":false},"excerpt":{"rendered":"<p>El Secretario Ejecutivo de UDAP convoca a los Delegados Escolares de los distintos niveles y modalidades, tanto\u00a0 de gesti\u00f3n P\u00fablico<\/p>\n","protected":false},"author":3,"featured_media":14061,"comment_status":"closed","ping_status":"closed","sticky":false,"template":"","format":"standard","meta":{"_acf_changed":false,"_seopress_robots_primary_cat":"none","_seopress_titles_title":"","_seopress_titles_desc":"","_seopress_robots_index":"","colormag_page_container_layout":"default_layout","colormag_page_sidebar_layout":"default_layout","footnotes":""},"categories":[1],"tags":[],"class_list":["post-49354","post","type-post","status-publish","format-standard","has-post-thumbnail","hentry","category-destacadas"],"acf":[],"_links":{"self":[{"href":"https:\/\/vocesparalelas.com.ar\/sitio\/wp-json\/wp\/v2\/posts\/49354","targetHints":{"allow":["GET"]}}],"collection":[{"href":"https:\/\/vocesparalelas.com.ar\/sitio\/wp-json\/wp\/v2\/posts"}],"about":[{"href":"https:\/\/vocesparalelas.com.ar\/sitio\/wp-json\/wp\/v2\/types\/post"}],"author":[{"embeddable":true,"href":"https:\/\/vocesparalelas.com.ar\/sitio\/wp-json\/wp\/v2\/users\/3"}],"replies":[{"embeddable":true,"href":"https:\/\/vocesparalelas.com.ar\/sitio\/wp-json\/wp\/v2\/comments?post=49354"}],"version-history":[{"count":4,"href":"https:\/\/vocesparalelas.com.ar\/sitio\/wp-json\/wp\/v2\/posts\/49354\/revisions"}],"predecessor-version":[{"id":49494,"href":"https:\/\/vocesparalelas.com.ar\/sitio\/wp-json\/wp\/v2\/posts\/49354\/revisions\/49494"}],"wp:featuredmedia":[{"embeddable":true,"href":"https:\/\/vocesparalelas.com.ar\/sitio\/wp-json\/wp\/v2\/media\/14061"}],"wp:attachment":[{"href":"https:\/\/vocesparalelas.com.ar\/sitio\/wp-json\/wp\/v2\/media?parent=49354"}],"wp:term":[{"taxonomy":"category","embeddable":true,"href":"https:\/\/vocesparalelas.com.ar\/sitio\/wp-json\/wp\/v2\/categories?post=49354"},{"taxonomy":"post_tag","embeddable":true,"href":"https:\/\/vocesparalelas.com.ar\/sitio\/wp-json\/wp\/v2\/tags?post=49354"}],"curies":[{"name":"wp","href":"https:\/\/api.w.org\/{rel}","templated":true}]}}