{"id":49333,"date":"2022-05-30T14:32:53","date_gmt":"2022-05-30T17:32:53","guid":{"rendered":"https:\/\/vocesparalelas.com.ar\/sitio\/?p=49333"},"modified":"2022-05-30T21:55:16","modified_gmt":"2022-05-31T00:55:16","slug":"oferta-economica-de-la-empresa-que-construira-el-tunel-de-zonda-y-sus-accesos-de-san-juan","status":"publish","type":"post","link":"https:\/\/vocesparalelas.com.ar\/sitio\/oferta-economica-de-la-empresa-que-construira-el-tunel-de-zonda-y-sus-accesos-de-san-juan\/","title":{"rendered":"Oferta econ\u00f3mica de la empresa que construir\u00e1 el t\u00fanel de Zonda y sus accesos de San Juan"},"content":{"rendered":"<p>El Jueves, 26 de Mayo de 2022, en Sala Rogelio Cerdera, de Casa de Gobierno, se realiz\u00f3 la apertura de los sobres de la oferta econ\u00f3mica de la licitaci\u00f3n para la construcci\u00f3n del t\u00fanel de Zonda y obras aleda\u00f1as.<\/p>\n<p>La actividad estuvo presidida por el gobernador de San Juan, Dr. Sergio U\u00f1ac, acompa\u00f1ado por representantes del Fondo Fiduciario Federal de Infraestructura Regional, Lic. Karina Angeletti y Gast\u00f3n G\u00f3mez; el ministro de Obras y Servicios P\u00fablicos, Ing. Julio Ortiz Andino; los intendentes de Zonda, Miguel Atampiz y de Ullum, Leopoldo Soler; el secretario de Obras P\u00fablicas, Carlos Roll\u00e1n Oro; el subsecretario de Proyectos y Licitaciones, Andr\u00e9s Zini; el director de Proyectos y Licitaciones, Ing. Eugenio Montes; el director de Vialidad Provincial, Ing. Juan Magari\u00f1os y empresarios del sector.<\/p>\n<p><img loading=\"lazy\" decoding=\"async\" class=\"alignnone size-full wp-image-49336\" src=\"https:\/\/vocesparalelas.com.ar\/sitio\/wp-content\/uploads\/2022\/05\/TUNEL-ZONDA-02.jpg\" alt=\"\" width=\"800\" height=\"533\" srcset=\"https:\/\/vocesparalelas.com.ar\/sitio\/wp-content\/uploads\/2022\/05\/TUNEL-ZONDA-02.jpg 800w, https:\/\/vocesparalelas.com.ar\/sitio\/wp-content\/uploads\/2022\/05\/TUNEL-ZONDA-02-300x200.jpg 300w, https:\/\/vocesparalelas.com.ar\/sitio\/wp-content\/uploads\/2022\/05\/TUNEL-ZONDA-02-768x512.jpg 768w\" sizes=\"auto, (max-width: 800px) 100vw, 800px\" \/><\/p>\n<p><img loading=\"lazy\" decoding=\"async\" class=\"alignnone size-full wp-image-49335\" src=\"https:\/\/vocesparalelas.com.ar\/sitio\/wp-content\/uploads\/2022\/05\/TUNEL-ZONDA-01.jpg\" alt=\"\" width=\"800\" height=\"533\" srcset=\"https:\/\/vocesparalelas.com.ar\/sitio\/wp-content\/uploads\/2022\/05\/TUNEL-ZONDA-01.jpg 800w, https:\/\/vocesparalelas.com.ar\/sitio\/wp-content\/uploads\/2022\/05\/TUNEL-ZONDA-01-300x200.jpg 300w, https:\/\/vocesparalelas.com.ar\/sitio\/wp-content\/uploads\/2022\/05\/TUNEL-ZONDA-01-768x512.jpg 768w\" sizes=\"auto, (max-width: 800px) 100vw, 800px\" \/><\/p>\n<p>Cabe recordar que el acto desarrollado se dio con posterioridad a la apertura de sobres de la mencionada licitaci\u00f3n, que tuvo lugar en Marzo de 2022.<\/p>\n<p>El proyecto conectar\u00e1 los departamentos Rivadavia y Zonda sin necesidad de rodear la Quebrada, acortando considerablemente los tiempos de traslado y proveer\u00e1 servicios de gas natural, internet y electricidad para los habitantes de la zona, entre otros beneficios.<\/p>\n<p>Adem\u00e1s, con este t\u00fanel se lograr\u00e1 una accesibilidad m\u00e1s \u00e1gil desde la Ciudad de San Juan hacia la \u201cRuta Interlagos\u201d, en un recorrido de m\u00e1s de 100 km de un paisaje de oasis entre monta\u00f1as que envuelven los cuatro espejos de agua de los diques sobre el r\u00edo San Juan.<\/p>\n<p>El acto licitatorio cont\u00f3 con la propuesta de una sola empresa: Queiroz Galvao Construction SA, con un presupuesto de $ 8.469.138.894,96. De acuerdo a lo previsto, la obra generar\u00e1 m\u00e1s de 500 puestos de trabajo.<\/p>\n<p>En la apertura del encuentro, el gobernador expres\u00f3 que \u00abestas obras permiten pensar que la construcci\u00f3n de un pa\u00eds federal es posible en nuestra querida Rep\u00fablica Argentina. La verdad es que la provincia de San Juan necesitaba de financiamiento externo y de acompa\u00f1amiento nacional para poder completar una obra que implica una inversi\u00f3n de muchos millones de d\u00f3lares. Esto busca una importante y mejor conectividad vial en toda la provincia, pero en especial en Zonda y Ullum y a partir de all\u00ed, Rivadavia y el Gran San Juan\u201d.<\/p>\n<p><iframe loading=\"lazy\" title=\"T\u00daNEL ZONDA SAN JUAN\" width=\"800\" height=\"450\" src=\"https:\/\/www.youtube.com\/embed\/q0rkfjUtvBo?feature=oembed\" frameborder=\"0\" allow=\"accelerometer; autoplay; clipboard-write; encrypted-media; gyroscope; picture-in-picture\" allowfullscreen><\/iframe><\/p>\n<p>A continuaci\u00f3n, Representantes del Fondo Fiduciario Federal de Infraestructura Regional, Karina Angeletti explic\u00f3 que \u201cel Fondo Fiduciario Federal de Infraestructura Regional ofrece financiamiento con tasas subsidiadas y de largo plazo a las provincias para que hagan obras de infraestructura. Con el compromiso del presidente y del ministro, estos proyectos mejoran la calidad de vida de la gente, la conectividad, la accesibilidad; merecen ser financiados y estamos muy contentos de poder acompa\u00f1arlos\u201d.<\/p>\n<p><iframe loading=\"lazy\" title=\"T\u00daNEL ZONDA SAN JUAN\" width=\"800\" height=\"450\" src=\"https:\/\/www.youtube.com\/embed\/lh87rStMTuw?feature=oembed\" frameborder=\"0\" allow=\"accelerometer; autoplay; clipboard-write; encrypted-media; gyroscope; picture-in-picture\" allowfullscreen><\/iframe><\/p>\n<p>Continuando, la funcionaria agreg\u00f3 que \u201cen cuanto a los t\u00e9rminos de la obra, estamos en la instancia definitiva. Hemos trabajado mucho y muy bien con los t\u00e9cnicos de la provincia. Ya hemos abierto la oferta t\u00e9cnica, y si todo sale bien esta obra en poco tiempo podr\u00e1 estar en marcha y ser una realidad para todos los sanjuaninos\u201d.<\/p>\n<p>Para cerrar la serie de discursos<strong>, <\/strong>el subsecretario de Proyectos y Licitaciones, Ing. Andr\u00e9s Zini dio detalles de los beneficios que generar\u00e1 el t\u00fanel, como un gasoducto y la instalaci\u00f3n de fibra \u00f3ptica y red de media tensi\u00f3n, entre otros. \u201cEs un proyecto integral, con muchos beneficios para la provincia y que avanza hoy con la apertura de la propuesta econ\u00f3mica. Es una obra at\u00edpica, muy pocas hay en el pa\u00eds. Estamos muy conformes con este desarrollo\u201d.<\/p>\n<p><iframe loading=\"lazy\" title=\"TUNEL ZONDA SAN JUAN\" width=\"800\" height=\"450\" src=\"https:\/\/www.youtube.com\/embed\/E0BlCE6-zBQ?feature=oembed\" frameborder=\"0\" allow=\"accelerometer; autoplay; clipboard-write; encrypted-media; gyroscope; picture-in-picture\" allowfullscreen><\/iframe><\/p>\n<p>El proyecto \u00abConstrucci\u00f3n del T\u00fanel de Zonda\u00bb es considerado estrat\u00e9gico desde muchos puntos de vista, ya que conectar\u00e1 a los departamentos de Rivadavia y Zonda sin atravesar la denominada \u201cQuebrada de Zonda\u201d, generando un by pass para el flujo vehicular r\u00e1pido y el de carga, evitando su incompatibilidad con el tr\u00e1nsito lento y recreativo que deber\u00e1 tener la Quebrada para gozar a pleno todos los beneficios que generar\u00e1 el Master Plan Tur\u00edstico.<\/p>\n<p>&nbsp;<\/p>\n<p><iframe loading=\"lazy\" title=\"Presentaron la oferta econ\u00f3mica de la empresa que construir\u00e1 el T\u00fanel de Zonda y sus Accesos.\" width=\"800\" height=\"450\" src=\"https:\/\/www.youtube.com\/embed\/bmfDFgwSFzw?feature=oembed\" frameborder=\"0\" allow=\"accelerometer; autoplay; clipboard-write; encrypted-media; gyroscope; picture-in-picture\" allowfullscreen><\/iframe><\/p>\n<p>&nbsp;<\/p>\n<p>Publicada el Lunes, 30 de Mayo de 2022<\/p>\n","protected":false},"excerpt":{"rendered":"<p>El Jueves, 26 de Mayo de 2022, en Sala Rogelio Cerdera, de Casa de Gobierno, se realiz\u00f3 la apertura de<\/p>\n","protected":false},"author":3,"featured_media":49337,"comment_status":"closed","ping_status":"closed","sticky":false,"template":"","format":"video","meta":{"_acf_changed":false,"_seopress_robots_primary_cat":"none","_seopress_titles_title":"","_seopress_titles_desc":"","_seopress_robots_index":"","colormag_page_container_layout":"default_layout","colormag_page_sidebar_layout":"default_layout","footnotes":""},"categories":[1,7],"tags":[],"class_list":["post-49333","post","type-post","status-publish","format-video","has-post-thumbnail","hentry","category-destacadas","category-videos","post_format-post-format-video"],"acf":[],"_links":{"self":[{"href":"https:\/\/vocesparalelas.com.ar\/sitio\/wp-json\/wp\/v2\/posts\/49333","targetHints":{"allow":["GET"]}}],"collection":[{"href":"https:\/\/vocesparalelas.com.ar\/sitio\/wp-json\/wp\/v2\/posts"}],"about":[{"href":"https:\/\/vocesparalelas.com.ar\/sitio\/wp-json\/wp\/v2\/types\/post"}],"author":[{"embeddable":true,"href":"https:\/\/vocesparalelas.com.ar\/sitio\/wp-json\/wp\/v2\/users\/3"}],"replies":[{"embeddable":true,"href":"https:\/\/vocesparalelas.com.ar\/sitio\/wp-json\/wp\/v2\/comments?post=49333"}],"version-history":[{"count":2,"href":"https:\/\/vocesparalelas.com.ar\/sitio\/wp-json\/wp\/v2\/posts\/49333\/revisions"}],"predecessor-version":[{"id":49377,"href":"https:\/\/vocesparalelas.com.ar\/sitio\/wp-json\/wp\/v2\/posts\/49333\/revisions\/49377"}],"wp:featuredmedia":[{"embeddable":true,"href":"https:\/\/vocesparalelas.com.ar\/sitio\/wp-json\/wp\/v2\/media\/49337"}],"wp:attachment":[{"href":"https:\/\/vocesparalelas.com.ar\/sitio\/wp-json\/wp\/v2\/media?parent=49333"}],"wp:term":[{"taxonomy":"category","embeddable":true,"href":"https:\/\/vocesparalelas.com.ar\/sitio\/wp-json\/wp\/v2\/categories?post=49333"},{"taxonomy":"post_tag","embeddable":true,"href":"https:\/\/vocesparalelas.com.ar\/sitio\/wp-json\/wp\/v2\/tags?post=49333"}],"curies":[{"name":"wp","href":"https:\/\/api.w.org\/{rel}","templated":true}]}}