{"id":49259,"date":"2022-05-27T20:07:08","date_gmt":"2022-05-27T23:07:08","guid":{"rendered":"https:\/\/vocesparalelas.com.ar\/sitio\/?p=49259"},"modified":"2022-06-01T01:02:21","modified_gmt":"2022-06-01T04:02:21","slug":"un-paro-de-los-docentes-autoconvocados-interrumpio-el-servicio-educativo-en-san-juan-con-el-justo-reclamo-del-aumento-salarial","status":"publish","type":"post","link":"https:\/\/vocesparalelas.com.ar\/sitio\/un-paro-de-los-docentes-autoconvocados-interrumpio-el-servicio-educativo-en-san-juan-con-el-justo-reclamo-del-aumento-salarial\/","title":{"rendered":"Un Paro de los Docentes Autoconvocados interrumpi\u00f3 el servicio educativo en San Juan con el justo reclamo del aumento salarial"},"content":{"rendered":"<p>La educaci\u00f3n de San Juan se vio interrumpida por un grupo importante de docentes autoconvocados que presentaron un petitorio al Gobernador de San Juan, Dr. Sergio U\u00f1ac\u00a0que expresa lo siguiente:<\/p>\n<ul>\n<li>\u201cLos docentes autoconvocados exigimos aumento salarial acorde al aumento inflacionario\u201d. \u201cSin cuotas\u201d.<\/li>\n<li>\u201cPago de salarios en tiempo acorde, no es posible la demora de 3 a 6 meses\u201d.<\/li>\n<li>\u201cNo descuento de este d\u00eda de reclamo\u201d.<\/li>\n<li>\u201cSistema de licencia respetuoso de las indicaciones m\u00e9dicas\u201d.<\/li>\n<li>\u201cSomos docentes no delincuentes\u201d<\/li>\n<\/ul>\n<p>La manifestaci\u00f3n comenz\u00f3 durante el inicio del desfile de los 212 a\u00f1os de la Revoluci\u00f3n de Mayo, el Mi\u00e9rcoles, 25 de Mayo y se presentaron con carteles reclamando un aumento salarial al Gobierno de San Juan. Adem\u00e1s, hubo situaciones de gran tensi\u00f3n, desmanes y disturbios que no corresponde al sector.<\/p>\n<p>Adem\u00e1s, se aument\u00f3 el grupo de reclamo del sector con una caravana de autos que circul\u00f3 por el centro llamando la atenci\u00f3n con bocinazos y carteles. Mientras que otro grupo camin\u00f3 alrededor de la plaza y otras arterias.<\/p>\n<p>Luego, la convocatoria se realiz\u00f3 a trav\u00e9s de las redes sociales y whatsapp donde anunciaron un paro docente para el Jueves, 26 de Mayo, sin el respaldo de los Gremios Docentes UDAP, UDA y AMET, que son los gremios legalmente oficiales. Provocando interrogante es los padres que no sab\u00edan que hacer frente al paro docente sorpresivo y que hacer con sus hijos.<\/p>\n<p>El grupo aument\u00f3 sum\u00e1ndose m\u00e1s docentes autoconvocados que caminaron por distintas calles de San Juan reclamando aumento salarial. Hasta llegaron a Casa de Gobierno donde entregaron el petitorio. El despliegue de la Polic\u00eda de San Juan presente para resguardar el orden p\u00fablico.<\/p>\n<p>Durante la tarde, continuaron las manifestaciones pidiendo un aumento salarial acorde a la inflaci\u00f3n econ\u00f3mica que azota y atraviesa la Rep\u00fablica Argentina y por ende a la provincia de San Juan.<\/p>\n<p>El Viernes, 27 de Mayo, continu\u00f3 el Paro Docentes Autoconvocados y las manifestaciones de pedido de aumento salarial sum\u00e1ndose m\u00e1s integrantes del sector.<\/p>\n<p>Voces Paralelas preocupada por la situaci\u00f3n y testigo de la situaci\u00f3n consult\u00f3 al Abogado del gremio UDAP, Dr. Daniel Persichella, fundamentalmente para que diera a conocer cuales son las repercusiones legales que significa tomar una decisi\u00f3n de los docentes autoconvocados\u00a0 cuyo reclamo salarial no se aleja de un reclamo justo pero no se puede interrumpir el servicio educativo. En este aspecto se vio perjudicado la comunidad educativa que tienen Derechos que se debe respetar.<\/p>\n<p><iframe loading=\"lazy\" title=\"UDAP DR DANIEL PERSICHELLA\" width=\"800\" height=\"450\" src=\"https:\/\/www.youtube.com\/embed\/YftAg5-Nq4M?feature=oembed\" frameborder=\"0\" allow=\"accelerometer; autoplay; clipboard-write; encrypted-media; gyroscope; picture-in-picture\" allowfullscreen><\/iframe><\/p>\n<p>&nbsp;<\/p>\n<p>Posteriormente, el Gremio UDAP emiti\u00f3 un comunicado<\/p>\n<p>&nbsp;<\/p>\n<p><img loading=\"lazy\" decoding=\"async\" class=\"alignnone size-large wp-image-49262\" src=\"https:\/\/vocesparalelas.com.ar\/sitio\/wp-content\/uploads\/2022\/05\/UDAP-LEGAL-566x800.jpg\" alt=\"\" width=\"566\" height=\"800\" srcset=\"https:\/\/vocesparalelas.com.ar\/sitio\/wp-content\/uploads\/2022\/05\/UDAP-LEGAL-566x800.jpg 566w, https:\/\/vocesparalelas.com.ar\/sitio\/wp-content\/uploads\/2022\/05\/UDAP-LEGAL-212x300.jpg 212w, https:\/\/vocesparalelas.com.ar\/sitio\/wp-content\/uploads\/2022\/05\/UDAP-LEGAL.jpg 724w\" sizes=\"auto, (max-width: 566px) 100vw, 566px\" \/><\/p>\n<p>&nbsp;<\/p>\n<p>Publicado el Viernes, 27 de Mayo de 2022<\/p>\n","protected":false},"excerpt":{"rendered":"<p>La educaci\u00f3n de San Juan se vio interrumpida por un grupo importante de docentes autoconvocados que presentaron un petitorio al<\/p>\n","protected":false},"author":3,"featured_media":49261,"comment_status":"closed","ping_status":"closed","sticky":false,"template":"","format":"video","meta":{"_acf_changed":false,"_seopress_robots_primary_cat":"none","_seopress_titles_title":"","_seopress_titles_desc":"","_seopress_robots_index":"","colormag_page_container_layout":"default_layout","colormag_page_sidebar_layout":"default_layout","footnotes":""},"categories":[10,7],"tags":[],"class_list":["post-49259","post","type-post","status-publish","format-video","has-post-thumbnail","hentry","category-opiniones","category-videos","post_format-post-format-video"],"acf":[],"_links":{"self":[{"href":"https:\/\/vocesparalelas.com.ar\/sitio\/wp-json\/wp\/v2\/posts\/49259","targetHints":{"allow":["GET"]}}],"collection":[{"href":"https:\/\/vocesparalelas.com.ar\/sitio\/wp-json\/wp\/v2\/posts"}],"about":[{"href":"https:\/\/vocesparalelas.com.ar\/sitio\/wp-json\/wp\/v2\/types\/post"}],"author":[{"embeddable":true,"href":"https:\/\/vocesparalelas.com.ar\/sitio\/wp-json\/wp\/v2\/users\/3"}],"replies":[{"embeddable":true,"href":"https:\/\/vocesparalelas.com.ar\/sitio\/wp-json\/wp\/v2\/comments?post=49259"}],"version-history":[{"count":1,"href":"https:\/\/vocesparalelas.com.ar\/sitio\/wp-json\/wp\/v2\/posts\/49259\/revisions"}],"predecessor-version":[{"id":49266,"href":"https:\/\/vocesparalelas.com.ar\/sitio\/wp-json\/wp\/v2\/posts\/49259\/revisions\/49266"}],"wp:featuredmedia":[{"embeddable":true,"href":"https:\/\/vocesparalelas.com.ar\/sitio\/wp-json\/wp\/v2\/media\/49261"}],"wp:attachment":[{"href":"https:\/\/vocesparalelas.com.ar\/sitio\/wp-json\/wp\/v2\/media?parent=49259"}],"wp:term":[{"taxonomy":"category","embeddable":true,"href":"https:\/\/vocesparalelas.com.ar\/sitio\/wp-json\/wp\/v2\/categories?post=49259"},{"taxonomy":"post_tag","embeddable":true,"href":"https:\/\/vocesparalelas.com.ar\/sitio\/wp-json\/wp\/v2\/tags?post=49259"}],"curies":[{"name":"wp","href":"https:\/\/api.w.org\/{rel}","templated":true}]}}