{"id":49244,"date":"2022-05-26T21:59:16","date_gmt":"2022-05-27T00:59:16","guid":{"rendered":"https:\/\/vocesparalelas.com.ar\/sitio\/?p=49244"},"modified":"2022-06-14T21:07:43","modified_gmt":"2022-06-15T00:07:43","slug":"concurso-de-ingreso-a-residencias-del-equipo-de-salud-2022-en-san-juan","status":"publish","type":"post","link":"https:\/\/vocesparalelas.com.ar\/sitio\/concurso-de-ingreso-a-residencias-del-equipo-de-salud-2022-en-san-juan\/","title":{"rendered":"Concurso de ingreso a residencias del equipo de Salud 2022 en San Juan"},"content":{"rendered":"<div class=\"itemFullText\">\n<p>El Comit\u00e9 T\u00e9cnico del Examen \u00danico Federal y el Comit\u00e9 T\u00e9cnico del Concurso Unificado del Ministerio de Salud de la Naci\u00f3n, junto con el Ministerio de Salud de la Provincia, definieron volver a la presencialidad en todas las instancias del concurso para el ingreso a residencias 2022.<\/p>\n<p><strong><span style=\"color: #ff0000;\">Cronograma<\/span><\/strong><\/p>\n<p><strong><span style=\"color: #ff0000;\">Pre-Inscripci\u00f3n on line sistema SISA <\/span><\/strong><\/p>\n<p><a href=\"https:\/\/sisa.msal.gov.ar\/\">https:\/\/sisa.msal.gov.ar\/<\/a><\/p>\n<p>Del 30 de Mayo al 16 de Junio de 2022.<\/p>\n<p><span style=\"color: #ff0000;\"><strong>Inscripci\u00f3n<\/strong><\/span><\/p>\n<p>A partir del 30 de Mayo hasta el 24 de Junio 2022.<\/p>\n<p><span style=\"color: #ff0000;\"><strong>Horarios<\/strong><\/span><\/p>\n<p>De 8 a 11 y 14 a 17 hs.; el 24 de Junio de\u00a0 2022, cierre de Inscripci\u00f3n hasta las 12 hs.<\/p>\n<p><span style=\"color: #ff0000;\"><strong>Recepci\u00f3n Documentaci\u00f3n<\/strong><\/span><\/p>\n<p>Centro C\u00edvico, 3\u00b0 Piso Oficina Divisi\u00f3n RRHH y Capacitaci\u00f3n.<\/p>\n<p><span style=\"color: #ff0000;\"><strong>Examen en soporte papel<\/strong><\/span><\/p>\n<p>9 de Agosto de 2022, Lugar y hora a confirmar.<\/p>\n<p>&nbsp;<\/p>\n<p><span style=\"color: #ff0000;\"><strong>Cupos &#8211; 2022 \/ San Juan<\/strong><\/span><\/p>\n<p>De las Residencias M\u00e9dicas B\u00e1sicas \/ Post b\u00e1sicas &#8211; Residencias no m\u00e9dicas<\/p>\n<table width=\"754\">\n<tbody>\n<tr>\n<td width=\"116\"><span style=\"color: #ff0000;\"><strong>Jurisdicci\u00f3n<\/strong><\/span><\/td>\n<td width=\"308\"><span style=\"color: #ff0000;\"><strong>Especialidades<\/strong><\/span><\/td>\n<td width=\"152\"><span style=\"color: #ff0000;\"><strong>Cupos<\/strong><\/span><\/td>\n<td width=\"177\"><span style=\"color: #ff0000;\"><strong>Duraci\u00f3n<\/strong><\/span><\/td>\n<\/tr>\n<tr>\n<td colspan=\"3\" width=\"577\"><span style=\"color: #ff0000;\"><strong>Hospital Dr. Guillermo Rawson<\/strong><\/span><\/td>\n<td width=\"177\"><\/td>\n<\/tr>\n<tr>\n<td rowspan=\"25\" width=\"116\">&nbsp;<\/p>\n<p>&nbsp;<\/p>\n<p>&nbsp;<\/p>\n<p>&nbsp;<\/p>\n<p>&nbsp;<\/p>\n<p>&nbsp;<\/p>\n<p>&nbsp;<\/p>\n<p>&nbsp;<\/p>\n<p>&nbsp;<\/p>\n<p>&nbsp;<\/p>\n<p><span style=\"color: #ff0000;\"><strong>San Juan<\/strong><\/span><\/td>\n<td width=\"308\">Anatom\u00eda Patol\u00f3gica<\/td>\n<td width=\"152\">1<\/td>\n<td width=\"177\">4 a\u00f1os<\/td>\n<\/tr>\n<tr>\n<td width=\"308\">Anestesiolog\u00eda<\/td>\n<td width=\"152\">2<\/td>\n<td width=\"177\">4 a\u00f1os<\/td>\n<\/tr>\n<tr>\n<td width=\"308\">Bioqu\u00edmica Cl\u00ednica<\/td>\n<td width=\"152\">2<\/td>\n<td width=\"177\">4 a\u00f1os<\/td>\n<\/tr>\n<tr>\n<td width=\"308\">Cardiolog\u00eda<\/td>\n<td width=\"152\">2<\/td>\n<td width=\"177\">4 a\u00f1os<\/td>\n<\/tr>\n<tr>\n<td width=\"308\">Cirug\u00eda General<\/td>\n<td width=\"152\">2<\/td>\n<td width=\"177\">4 a\u00f1os<\/td>\n<\/tr>\n<tr>\n<td width=\"308\">Cirug\u00eda Pedi\u00e1trica<\/td>\n<td width=\"152\">1<\/td>\n<td width=\"177\">4 a\u00f1os<\/td>\n<\/tr>\n<tr>\n<td width=\"308\">Cl\u00ednica M\u00e9dica<\/td>\n<td width=\"152\">5<\/td>\n<td width=\"177\">3 a\u00f1os<\/td>\n<\/tr>\n<tr>\n<td width=\"308\">Diagn\u00f3stico por Im\u00e1genes<\/td>\n<td width=\"152\">2<\/td>\n<td width=\"177\">4 a\u00f1os<\/td>\n<\/tr>\n<tr>\n<td width=\"308\">Enfermer\u00eda en Salud Materno Infantil y<\/p>\n<p>del Adolescente<\/td>\n<td width=\"152\">3<\/td>\n<td width=\"177\">3 a\u00f1os<\/td>\n<\/tr>\n<tr>\n<td width=\"308\">Enfermer\u00eda en la Atenci\u00f3n del Paciente Cr\u00edtico: Neonatal, Pedi\u00e1trico y Adulto<\/td>\n<td width=\"152\">3<\/td>\n<td width=\"177\">3 a\u00f1os<\/td>\n<\/tr>\n<tr>\n<td width=\"308\">Infectolog\u00eda<\/td>\n<td width=\"152\">1<\/td>\n<td width=\"177\">4 a\u00f1os<\/td>\n<\/tr>\n<tr>\n<td width=\"308\">Neonatolog\u00eda B\u00e1sica Articulada<\/td>\n<td width=\"152\">1<\/td>\n<td width=\"177\">5 a\u00f1os<\/td>\n<\/tr>\n<tr>\n<td width=\"308\">Neurocirug\u00eda<\/td>\n<td width=\"152\">1<\/td>\n<td width=\"177\">4 a\u00f1os<\/td>\n<\/tr>\n<tr>\n<td width=\"308\">Oftalmolog\u00eda<\/td>\n<td width=\"152\">1<\/td>\n<td width=\"177\">4 a\u00f1os<\/td>\n<\/tr>\n<tr>\n<td width=\"308\">Ortopedia y Traumatolog\u00eda<\/td>\n<td width=\"152\">2<\/td>\n<td width=\"177\">4 a\u00f1os<\/td>\n<\/tr>\n<tr>\n<td width=\"308\">Otorrinolaringolog\u00eda<\/td>\n<td width=\"152\">1<\/td>\n<td width=\"177\">4 a\u00f1os<\/td>\n<\/tr>\n<tr>\n<td width=\"308\">Pediatr\u00eda<\/td>\n<td width=\"152\">10<\/td>\n<td width=\"177\">3 a\u00f1os<\/td>\n<\/tr>\n<tr>\n<td width=\"308\">Terapia Intensiva Adultos<\/td>\n<td width=\"152\">4<\/td>\n<td width=\"177\">4 a\u00f1os<\/td>\n<\/tr>\n<tr>\n<td width=\"308\">Terapia Intensiva Infantil B\u00e1sica Articulada<\/td>\n<td width=\"152\">1<\/td>\n<td width=\"177\">5 a\u00f1os<\/td>\n<\/tr>\n<tr>\n<td width=\"308\">Tocoginecolog\u00eda<\/td>\n<td width=\"152\">4<\/td>\n<td width=\"177\">4 a\u00f1os<\/td>\n<\/tr>\n<tr>\n<td colspan=\"2\" width=\"461\"><\/td>\n<td width=\"177\"><\/td>\n<\/tr>\n<tr>\n<td width=\"308\">Neonatolog\u00eda Post B\u00e1sica<\/td>\n<td width=\"152\">1<\/td>\n<td width=\"177\">2 a\u00f1os<\/td>\n<\/tr>\n<tr>\n<td width=\"308\">Terapia Intensiva Infantil Post B\u00e1sica<\/td>\n<td width=\"152\">3<\/td>\n<td width=\"177\">2 a\u00f1os<\/td>\n<\/tr>\n<tr>\n<td width=\"308\">Hematolog\u00eda Post B\u00e1sica<\/td>\n<td width=\"152\">1<\/td>\n<td width=\"177\">2 a\u00f1os<\/td>\n<\/tr>\n<tr>\n<td width=\"308\">Nefrolog\u00eda Post B\u00e1sica<\/td>\n<td width=\"152\">1<\/td>\n<td width=\"177\">2 a\u00f1os<\/td>\n<\/tr>\n<tr>\n<td colspan=\"3\" width=\"577\"><\/td>\n<td width=\"177\"><\/td>\n<\/tr>\n<tr>\n<td colspan=\"3\" width=\"577\"><span style=\"color: #ff0000;\"><strong>Hospital Dr. Marcial Quiroga<\/strong><\/span><\/td>\n<td width=\"177\"><\/td>\n<\/tr>\n<tr>\n<td rowspan=\"8\" width=\"116\">&nbsp;<\/p>\n<p>&nbsp;<\/p>\n<p><span style=\"color: #ff0000;\"><strong>San Juan<\/strong><\/span><\/td>\n<td width=\"308\">Cardiolog\u00eda<\/td>\n<td width=\"152\">2<\/td>\n<td width=\"177\">4 a\u00f1os<\/td>\n<\/tr>\n<tr>\n<td width=\"308\">Cirug\u00eda General<\/td>\n<td width=\"152\">2<\/td>\n<td width=\"177\">4 a\u00f1os<\/td>\n<\/tr>\n<tr>\n<td width=\"308\">Cl\u00ednica M\u00e9dica<\/td>\n<td width=\"152\">5<\/td>\n<td width=\"177\">3 a\u00f1os<\/td>\n<\/tr>\n<tr>\n<td width=\"308\">Pediatr\u00eda<\/td>\n<td width=\"152\">3<\/td>\n<td width=\"177\">3 a\u00f1os<\/td>\n<\/tr>\n<tr>\n<td width=\"308\">Psicolog\u00eda Cl\u00ednica<\/td>\n<td width=\"152\">2<\/td>\n<td width=\"177\">4 a\u00f1os<\/td>\n<\/tr>\n<tr>\n<td width=\"308\">Psiquiatr\u00eda<\/td>\n<td width=\"152\">3<\/td>\n<td width=\"177\">4 a\u00f1os<\/td>\n<\/tr>\n<tr>\n<td width=\"308\">Trabajo Social<\/td>\n<td width=\"152\">2<\/td>\n<td width=\"177\">4 a\u00f1os<\/td>\n<\/tr>\n<tr>\n<td width=\"308\">Urolog\u00eda<\/td>\n<td width=\"152\">1<\/td>\n<td width=\"177\">4 a\u00f1os<\/td>\n<\/tr>\n<tr>\n<td colspan=\"3\" width=\"577\"><\/td>\n<td width=\"177\"><\/td>\n<\/tr>\n<tr>\n<td colspan=\"3\" width=\"577\"><span style=\"color: #ff0000;\"><strong>Centro Adiestramiento\u00a0<\/strong><strong>Dr.\u00a0<\/strong><strong>Rene Favaloro<\/strong><\/span><\/td>\n<td width=\"177\"><\/td>\n<\/tr>\n<tr>\n<td width=\"116\"><span style=\"color: #ff0000;\"><strong>San Juan<\/strong><\/span><\/td>\n<td width=\"308\">Medicina General y\/o Familiar<\/td>\n<td width=\"152\">10<\/td>\n<td width=\"177\">3 a\u00f1os<\/td>\n<\/tr>\n<tr>\n<td colspan=\"3\" width=\"577\"><\/td>\n<td width=\"177\"><\/td>\n<\/tr>\n<\/tbody>\n<\/table>\n<p>&nbsp;<\/p>\n<\/div>\n<div class=\"clr\"><\/div>\n<div class=\"itemContentFooter\"><span class=\"itemDateModified\">Publicado el Jueves, 26 Mayo 2022\u00a0<\/span><\/div>\n","protected":false},"excerpt":{"rendered":"<p>El Comit\u00e9 T\u00e9cnico del Examen \u00danico Federal y el Comit\u00e9 T\u00e9cnico del Concurso Unificado del Ministerio de Salud de la<\/p>\n","protected":false},"author":3,"featured_media":29874,"comment_status":"closed","ping_status":"closed","sticky":false,"template":"","format":"standard","meta":{"_acf_changed":false,"_seopress_robots_primary_cat":"none","_seopress_titles_title":"","_seopress_titles_desc":"","_seopress_robots_index":"","colormag_page_container_layout":"default_layout","colormag_page_sidebar_layout":"default_layout","footnotes":""},"categories":[8],"tags":[],"class_list":["post-49244","post","type-post","status-publish","format-standard","has-post-thumbnail","hentry","category-concursos"],"acf":[],"_links":{"self":[{"href":"https:\/\/vocesparalelas.com.ar\/sitio\/wp-json\/wp\/v2\/posts\/49244","targetHints":{"allow":["GET"]}}],"collection":[{"href":"https:\/\/vocesparalelas.com.ar\/sitio\/wp-json\/wp\/v2\/posts"}],"about":[{"href":"https:\/\/vocesparalelas.com.ar\/sitio\/wp-json\/wp\/v2\/types\/post"}],"author":[{"embeddable":true,"href":"https:\/\/vocesparalelas.com.ar\/sitio\/wp-json\/wp\/v2\/users\/3"}],"replies":[{"embeddable":true,"href":"https:\/\/vocesparalelas.com.ar\/sitio\/wp-json\/wp\/v2\/comments?post=49244"}],"version-history":[{"count":2,"href":"https:\/\/vocesparalelas.com.ar\/sitio\/wp-json\/wp\/v2\/posts\/49244\/revisions"}],"predecessor-version":[{"id":49288,"href":"https:\/\/vocesparalelas.com.ar\/sitio\/wp-json\/wp\/v2\/posts\/49244\/revisions\/49288"}],"wp:featuredmedia":[{"embeddable":true,"href":"https:\/\/vocesparalelas.com.ar\/sitio\/wp-json\/wp\/v2\/media\/29874"}],"wp:attachment":[{"href":"https:\/\/vocesparalelas.com.ar\/sitio\/wp-json\/wp\/v2\/media?parent=49244"}],"wp:term":[{"taxonomy":"category","embeddable":true,"href":"https:\/\/vocesparalelas.com.ar\/sitio\/wp-json\/wp\/v2\/categories?post=49244"},{"taxonomy":"post_tag","embeddable":true,"href":"https:\/\/vocesparalelas.com.ar\/sitio\/wp-json\/wp\/v2\/tags?post=49244"}],"curies":[{"name":"wp","href":"https:\/\/api.w.org\/{rel}","templated":true}]}}