{"id":49241,"date":"2022-05-26T21:28:25","date_gmt":"2022-05-27T00:28:25","guid":{"rendered":"https:\/\/vocesparalelas.com.ar\/sitio\/?p=49241"},"modified":"2022-05-28T00:09:05","modified_gmt":"2022-05-28T03:09:05","slug":"concurso-internacional-de-aceites-de-argoliva-premio-domingo-faustino-sarmiento","status":"publish","type":"post","link":"https:\/\/vocesparalelas.com.ar\/sitio\/concurso-internacional-de-aceites-de-argoliva-premio-domingo-faustino-sarmiento\/","title":{"rendered":"Concurso Internacional de Aceites de ArgOliva \u201cPremio Domingo Faustino Sarmiento\u201d"},"content":{"rendered":"<div class=\"itemFullText\">\n<p>El encuentro Oliv\u00edcola Internacional ArgOliva ya tiene fecha de realizaci\u00f3n, del 3 al 8 de Septiembre de 2022, tiene lugar el esperado evento que vuelve a contar con el Concurso Internacional de Aceites de Oliva Virgen Extra &#8211; AOVE &#8211; \u201cPremio Domingo Faustino Sarmiento\u201d.<\/p>\n<p>La convocatoria ya est\u00e1 abierta y continuar\u00e1 hasta el viernes 22 de julio para todas las empresas del mundo que deseen participar de esta XI edici\u00f3n del concurso. El panel de Cata de la Universidad Cat\u00f3lica de Cuyo, cuerpo de expertos que cuenta con homologaci\u00f3n del Consejo Ole\u00edcola Internacional &#8211; COI -, evaluar\u00e1 las muestras que se presenten.<\/p>\n<p>Cabe recordar que el comit\u00e9 organizador de ArgOliva est\u00e1 compuesto por el Gobierno de San Juan a trav\u00e9s del Ministerio de Producci\u00f3n y Desarrollo Econ\u00f3mico, el Consejo Federal de Inversiones -CFI -, la Universidad Cat\u00f3lica de Cuyo, la C\u00e1mara Oliv\u00edcola de San Juan y el Instituto Nacional de Tecnolog\u00eda Agropecuaria &#8211; INTA.<\/p>\n<p>Las empresas interesadas pueden consultar bases y condiciones en la p\u00e1gina <a href=\"http:\/\/www.argoliva.com.ar\/\">www.argoliva.com.ar<\/a>. La premiaci\u00f3n se realizar\u00e1 conjuntamente con el cierre de ArgOliva el Jueves, 8 de Septiembre.<\/p>\n<p><span style=\"color: #339966;\"><strong>Sobre el concurso<\/strong><\/span><\/p>\n<p>El concurso Internacional de Aceites de ArgOliva, \u201cPremio Domingo Faustino Sarmiento\u201d, es un certamen muy prestigioso. Ha sido catalogado como el concurso m\u00e1s importante de Am\u00e9rica y dentro de los 7 concursos m\u00e1s exigentes del mundo.<\/p>\n<p>Podr\u00e1n participar en el concurso las empresas (productores individuales, cooperativas, asociaciones de productores y empresas de envasado) del pa\u00eds y del exterior autorizadas por sus respectivas legislaciones que cumplan con las condiciones descriptas en el Reglamento.<\/p>\n<p>Se admitir\u00e1n a concurso los aceites de oliva virgen extra de la campa\u00f1a ole\u00edcola 2021\/2022 (dependiendo del Hemisferio al que correspondan), provenientes de un Lote no menor a 400 Litros. Los aceites ser\u00e1n cargados al sistema clasific\u00e1ndolos en 4 grupos de 2 categor\u00edas, correspondi\u00e9ndose de la siguiente manera:<\/p>\n<ul>\n<li>Grupo I. Frutados Verdes amargos \/ picantes intensos,<\/li>\n<li>Grupo II. Frutados Verdes amargos \/ picantes medios,<\/li>\n<li>Grupo III. Frutados Verdes amargos \/ picantes ligeros,<\/li>\n<li>Grupo IV. Frutados Maduros \/ dulces.<\/li>\n<\/ul>\n<p><span style=\"color: #339966;\"><strong>Categor\u00edas:<\/strong><\/span><\/p>\n<ul>\n<li>Peque\u00f1os Productores: consider\u00e1ndose en esta categor\u00eda a empresas que no superen los 5000 litros de producci\u00f3n total anual;<\/li>\n<li>Grandes productores: consider\u00e1ndose en esta categor\u00eda a empresas que si superen los 5000 litros de producci\u00f3n total anual.<\/li>\n<\/ul>\n<p>Nota: ser\u00e1n admitidos los aceites provenientes del hemisferio Norte, elaboraci\u00f3n 2021.<\/p>\n<p>Para mayores informes, comunicarse con la Direcci\u00f3n de Comercio Exterior, Centro C\u00edvico 4\u00ba Piso, N\u00facleo 5 a los tel\u00e9fonos 4306422\/24\/25<\/p>\n<\/div>\n<div class=\"clr\"><\/div>\n<div class=\"itemContentFooter\"><span class=\"itemDateModified\">Publicado el Jueves, 26 Mayo 2022<\/span><\/div>\n<div><\/div>\n<div><\/div>\n","protected":false},"excerpt":{"rendered":"<p>El encuentro Oliv\u00edcola Internacional ArgOliva ya tiene fecha de realizaci\u00f3n, del 3 al 8 de Septiembre de 2022, tiene lugar<\/p>\n","protected":false},"author":3,"featured_media":41273,"comment_status":"closed","ping_status":"closed","sticky":false,"template":"","format":"standard","meta":{"_acf_changed":false,"_seopress_robots_primary_cat":"none","_seopress_titles_title":"","_seopress_titles_desc":"","_seopress_robots_index":"","colormag_page_container_layout":"default_layout","colormag_page_sidebar_layout":"default_layout","footnotes":""},"categories":[8],"tags":[],"class_list":["post-49241","post","type-post","status-publish","format-standard","has-post-thumbnail","hentry","category-concursos"],"acf":[],"_links":{"self":[{"href":"https:\/\/vocesparalelas.com.ar\/sitio\/wp-json\/wp\/v2\/posts\/49241","targetHints":{"allow":["GET"]}}],"collection":[{"href":"https:\/\/vocesparalelas.com.ar\/sitio\/wp-json\/wp\/v2\/posts"}],"about":[{"href":"https:\/\/vocesparalelas.com.ar\/sitio\/wp-json\/wp\/v2\/types\/post"}],"author":[{"embeddable":true,"href":"https:\/\/vocesparalelas.com.ar\/sitio\/wp-json\/wp\/v2\/users\/3"}],"replies":[{"embeddable":true,"href":"https:\/\/vocesparalelas.com.ar\/sitio\/wp-json\/wp\/v2\/comments?post=49241"}],"version-history":[{"count":1,"href":"https:\/\/vocesparalelas.com.ar\/sitio\/wp-json\/wp\/v2\/posts\/49241\/revisions"}],"predecessor-version":[{"id":49243,"href":"https:\/\/vocesparalelas.com.ar\/sitio\/wp-json\/wp\/v2\/posts\/49241\/revisions\/49243"}],"wp:featuredmedia":[{"embeddable":true,"href":"https:\/\/vocesparalelas.com.ar\/sitio\/wp-json\/wp\/v2\/media\/41273"}],"wp:attachment":[{"href":"https:\/\/vocesparalelas.com.ar\/sitio\/wp-json\/wp\/v2\/media?parent=49241"}],"wp:term":[{"taxonomy":"category","embeddable":true,"href":"https:\/\/vocesparalelas.com.ar\/sitio\/wp-json\/wp\/v2\/categories?post=49241"},{"taxonomy":"post_tag","embeddable":true,"href":"https:\/\/vocesparalelas.com.ar\/sitio\/wp-json\/wp\/v2\/tags?post=49241"}],"curies":[{"name":"wp","href":"https:\/\/api.w.org\/{rel}","templated":true}]}}