{"id":49229,"date":"2022-05-26T20:26:22","date_gmt":"2022-05-26T23:26:22","guid":{"rendered":"https:\/\/vocesparalelas.com.ar\/sitio\/?p=49229"},"modified":"2022-05-28T10:18:47","modified_gmt":"2022-05-28T13:18:47","slug":"seminario-proyecto-grabado-22","status":"publish","type":"post","link":"https:\/\/vocesparalelas.com.ar\/sitio\/seminario-proyecto-grabado-22\/","title":{"rendered":"Seminario \u00abProyecto Grabado 22\u00bb"},"content":{"rendered":"<div class=\"itemFullText\">\n<p>Como cierre del \u201cProyecto Grabado 22\u201d, se presenta un seminario cuyo objetivo aborda la disciplina del grabado desde diversos enfoques. El encuentro cuenta con el aval acad\u00e9mico de la Facultad de Filosof\u00eda, Humanidades y Artes de la UNSJ y\u00a0se lleva a cabo con la participaci\u00f3n de destacados disertantes nacionales y regionales.<\/p>\n<p>El cursado se desarrolla el 10, 11 y 14 de Junio en el Auditorio del Museo Provincial de Bellas Artes Franklin Rawson\u00a0y las inscripciones se realizan, presencialmente, en la recepci\u00f3n del MPBAFR a partir del Viernes, 27 de Mayo hasta el 7 de Junio, de Martes a Domingo, de 12 a 20 hs.<\/p>\n<p>El Seminario Proyecto Grabado 22 se enmarca en un ciclo de exposiciones y talleres en relaci\u00f3n al grabado, disciplina del campo de las artes visuales. En este marco, el objetivo aborda la variedad de sus t\u00e9cnicas, desde la mirada europea y americana, nacional y regional.<\/p>\n<p>De esta manera, se hace un recorrido por la disciplina desde diferentes enfoques, iniciando con su origen en el norte de Europa; las nociones de grabado, gr\u00e1fica, edici\u00f3n y reedici\u00f3n; la difusi\u00f3n iconogr\u00e1fica de las estampas del periodo colonial en Am\u00e9rica y el surgimiento y desarrollo del grabado local, entre otros temas.<\/p>\n<p>El arancel general es de $3000, mientras que los estudiantes universitarios y de nivel medio abonan $1500, presentando credencial.<\/p>\n<p><strong><span style=\"color: #99cc00;\">Cronograma<\/span><\/strong><\/p>\n<p><span style=\"color: #99cc00;\"><strong>Viernes, 10 de Junio<\/strong><\/span><\/p>\n<ul>\n<li>Conferencias.<\/li>\n<li>Astrid Maulhardt: El grabado en el norte de Europa.<\/li>\n<li>Silvina Mart\u00ednez: El grabado en San Juan. Los precursores.<\/li>\n<li>Eduardo Pe\u00f1afort: Momentos significativos del grabado en San Juan.<\/li>\n<\/ul>\n<p><span style=\"color: #99cc00;\"><strong>S\u00e1bado, 11 de Junio<\/strong><\/span><\/p>\n<ul>\n<li>Conferencias.<\/li>\n<li>Natalia Saffe: La imagen en tr\u00e1nsito..<\/li>\n<li>Cristian y Mario Delhez: Victor Delhez. Vivencias, relatos y recuerdos de su estilo universal<\/li>\n<li>Conferencia y presentaci\u00f3n del Libro-cat\u00e1logo: Roberto Amigo.<\/li>\n<li>Tema: Hacia una lectura del Apocalipsis de V\u00edctor Delhez.<\/li>\n<\/ul>\n<p><span style=\"color: #99cc00;\"><strong>Martes 14 de Junio<\/strong><\/span><\/p>\n<ul>\n<li>Clase magistral: Silvia Dolinko.<\/li>\n<li>Tema: Tradiciones y revisiones del grabado en la Argentina: nuevas perspectivas.<\/li>\n<li>Cierre: Muestra de talleres de grabado.<\/li>\n<\/ul>\n<\/div>\n<div class=\"clr\"><\/div>\n<div class=\"itemContentFooter\"><span class=\"itemDateModified\">Publicada el Jueves, 26 Mayo 2022 13:02<\/span><\/div>\n","protected":false},"excerpt":{"rendered":"<p>Como cierre del \u201cProyecto Grabado 22\u201d, se presenta un seminario cuyo objetivo aborda la disciplina del grabado desde diversos enfoques.<\/p>\n","protected":false},"author":3,"featured_media":49231,"comment_status":"closed","ping_status":"closed","sticky":false,"template":"","format":"standard","meta":{"_acf_changed":false,"_seopress_robots_primary_cat":"none","_seopress_titles_title":"","_seopress_titles_desc":"","_seopress_robots_index":"","colormag_page_container_layout":"default_layout","colormag_page_sidebar_layout":"default_layout","footnotes":""},"categories":[9],"tags":[],"class_list":["post-49229","post","type-post","status-publish","format-standard","has-post-thumbnail","hentry","category-cursos"],"acf":[],"_links":{"self":[{"href":"https:\/\/vocesparalelas.com.ar\/sitio\/wp-json\/wp\/v2\/posts\/49229","targetHints":{"allow":["GET"]}}],"collection":[{"href":"https:\/\/vocesparalelas.com.ar\/sitio\/wp-json\/wp\/v2\/posts"}],"about":[{"href":"https:\/\/vocesparalelas.com.ar\/sitio\/wp-json\/wp\/v2\/types\/post"}],"author":[{"embeddable":true,"href":"https:\/\/vocesparalelas.com.ar\/sitio\/wp-json\/wp\/v2\/users\/3"}],"replies":[{"embeddable":true,"href":"https:\/\/vocesparalelas.com.ar\/sitio\/wp-json\/wp\/v2\/comments?post=49229"}],"version-history":[{"count":1,"href":"https:\/\/vocesparalelas.com.ar\/sitio\/wp-json\/wp\/v2\/posts\/49229\/revisions"}],"predecessor-version":[{"id":49232,"href":"https:\/\/vocesparalelas.com.ar\/sitio\/wp-json\/wp\/v2\/posts\/49229\/revisions\/49232"}],"wp:featuredmedia":[{"embeddable":true,"href":"https:\/\/vocesparalelas.com.ar\/sitio\/wp-json\/wp\/v2\/media\/49231"}],"wp:attachment":[{"href":"https:\/\/vocesparalelas.com.ar\/sitio\/wp-json\/wp\/v2\/media?parent=49229"}],"wp:term":[{"taxonomy":"category","embeddable":true,"href":"https:\/\/vocesparalelas.com.ar\/sitio\/wp-json\/wp\/v2\/categories?post=49229"},{"taxonomy":"post_tag","embeddable":true,"href":"https:\/\/vocesparalelas.com.ar\/sitio\/wp-json\/wp\/v2\/tags?post=49229"}],"curies":[{"name":"wp","href":"https:\/\/api.w.org\/{rel}","templated":true}]}}