{"id":49216,"date":"2022-05-26T19:38:53","date_gmt":"2022-05-26T22:38:53","guid":{"rendered":"https:\/\/vocesparalelas.com.ar\/sitio\/?p=49216"},"modified":"2022-05-28T12:59:39","modified_gmt":"2022-05-28T15:59:39","slug":"hacia-la-diplomatura-de-extension-universitaria-en-practicas-socioeducativas","status":"publish","type":"post","link":"https:\/\/vocesparalelas.com.ar\/sitio\/hacia-la-diplomatura-de-extension-universitaria-en-practicas-socioeducativas\/","title":{"rendered":"Hacia la Diplomatura de Extensi\u00f3n Universitaria en Pr\u00e1cticas Socioeducativas"},"content":{"rendered":"<p>El decano de la Facultad de Arquitectura, Urbanismo y Dise\u00f1o de la Universidad Nacional de San Juan, Arq. Guillermo Velasco, firm\u00f3 un convenio junto al Ministro de Desarrollo Humano y Promoci\u00f3n Social del Gobierno de San Juan, Prof. Fabi\u00e1n Aballay.<\/p>\n<p>El acta complementaria establece el trabajo conjunto entre ambas instituciones para la efectiva implementaci\u00f3n de formaci\u00f3n sobre herramientas t\u00e9cnicas para el trabajo en territorio, a trav\u00e9s de la Diplomatura de Extensi\u00f3n Universitaria en Pr\u00e1cticas Socioeducativas.<\/p>\n<p>El trabajo en \u00e1reas de injerencia territorial que presenten necesidades de resoluci\u00f3n en zonas vulnerables son tareas impostergables.<\/p>\n<p>Entre los objetivos de la Diplomatura se encuentra el de consolidar el di\u00e1logo de saberes en la b\u00fasqueda de la concientizaci\u00f3n del compromiso social, cuya acci\u00f3n es inherente a la misi\u00f3n de las instituciones involucradas.<\/p>\n<p>En el \u00e1mbito de la Extensi\u00f3n se viene trabajando sistem\u00e1ticamente desde hace muchos a\u00f1os en las pr\u00e1cticas socioeducativas. Como resultado de este trabajo interdisciplinario se logr\u00f3 la Diplomatura en Pr\u00e1cticas Socioeducativas.<\/p>\n<p>Esta diplomatura, de car\u00e1cter gratuito, tiene una duraci\u00f3n de un a\u00f1o dividido en dos semestres. En el primero se abarcar\u00e1 la tem\u00e1tica de extensi\u00f3n cr\u00edtica, mientras que en el segundo se abarcar\u00e1n las pr\u00e1cticas sociales educativas.<\/p>\n<p>Con m\u00e1s de 120 preinscriptos, est\u00e1 destinada a docentes, estudiantes, nodocentes, graduados y agentes comunitarios y pertenecientes a entes gubernamentales.<\/p>\n<figure id=\"attachment_49220\" aria-describedby=\"caption-attachment-49220\" style=\"width: 800px\" class=\"wp-caption alignnone\"><img loading=\"lazy\" decoding=\"async\" class=\"size-full wp-image-49220\" src=\"https:\/\/vocesparalelas.com.ar\/sitio\/wp-content\/uploads\/2022\/05\/FAUD-Desarrollo-Humano-02.jpeg\" alt=\"\" width=\"800\" height=\"533\" srcset=\"https:\/\/vocesparalelas.com.ar\/sitio\/wp-content\/uploads\/2022\/05\/FAUD-Desarrollo-Humano-02.jpeg 800w, https:\/\/vocesparalelas.com.ar\/sitio\/wp-content\/uploads\/2022\/05\/FAUD-Desarrollo-Humano-02-300x200.jpeg 300w, https:\/\/vocesparalelas.com.ar\/sitio\/wp-content\/uploads\/2022\/05\/FAUD-Desarrollo-Humano-02-768x512.jpeg 768w\" sizes=\"auto, (max-width: 800px) 100vw, 800px\" \/><figcaption id=\"caption-attachment-49220\" class=\"wp-caption-text\">Decano de la FAUD de la UNSJ, Arq. Guillermo Velasco, firm\u00f3 un convenio junto al Ministro de Desarrollo Humano y Promoci\u00f3n Social del Gobierno de San Juan, Prof. Fabi\u00e1n Aballay<\/figcaption><\/figure>\n<p>Publicado el Jueves, 26 Mayo 2022<\/p>\n<p>&nbsp;<\/p>\n<p>&nbsp;<\/p>\n<p>&nbsp;<\/p>\n","protected":false},"excerpt":{"rendered":"<p>El decano de la Facultad de Arquitectura, Urbanismo y Dise\u00f1o de la Universidad Nacional de San Juan, Arq. Guillermo Velasco,<\/p>\n","protected":false},"author":3,"featured_media":49219,"comment_status":"closed","ping_status":"closed","sticky":false,"template":"","format":"standard","meta":{"_acf_changed":false,"_seopress_robots_primary_cat":"none","_seopress_titles_title":"","_seopress_titles_desc":"","_seopress_robots_index":"","colormag_page_container_layout":"default_layout","colormag_page_sidebar_layout":"default_layout","footnotes":""},"categories":[15],"tags":[],"class_list":["post-49216","post","type-post","status-publish","format-standard","has-post-thumbnail","hentry","category-posgrados"],"acf":[],"_links":{"self":[{"href":"https:\/\/vocesparalelas.com.ar\/sitio\/wp-json\/wp\/v2\/posts\/49216","targetHints":{"allow":["GET"]}}],"collection":[{"href":"https:\/\/vocesparalelas.com.ar\/sitio\/wp-json\/wp\/v2\/posts"}],"about":[{"href":"https:\/\/vocesparalelas.com.ar\/sitio\/wp-json\/wp\/v2\/types\/post"}],"author":[{"embeddable":true,"href":"https:\/\/vocesparalelas.com.ar\/sitio\/wp-json\/wp\/v2\/users\/3"}],"replies":[{"embeddable":true,"href":"https:\/\/vocesparalelas.com.ar\/sitio\/wp-json\/wp\/v2\/comments?post=49216"}],"version-history":[{"count":2,"href":"https:\/\/vocesparalelas.com.ar\/sitio\/wp-json\/wp\/v2\/posts\/49216\/revisions"}],"predecessor-version":[{"id":49228,"href":"https:\/\/vocesparalelas.com.ar\/sitio\/wp-json\/wp\/v2\/posts\/49216\/revisions\/49228"}],"wp:featuredmedia":[{"embeddable":true,"href":"https:\/\/vocesparalelas.com.ar\/sitio\/wp-json\/wp\/v2\/media\/49219"}],"wp:attachment":[{"href":"https:\/\/vocesparalelas.com.ar\/sitio\/wp-json\/wp\/v2\/media?parent=49216"}],"wp:term":[{"taxonomy":"category","embeddable":true,"href":"https:\/\/vocesparalelas.com.ar\/sitio\/wp-json\/wp\/v2\/categories?post=49216"},{"taxonomy":"post_tag","embeddable":true,"href":"https:\/\/vocesparalelas.com.ar\/sitio\/wp-json\/wp\/v2\/tags?post=49216"}],"curies":[{"name":"wp","href":"https:\/\/api.w.org\/{rel}","templated":true}]}}