{"id":49203,"date":"2022-05-25T18:14:18","date_gmt":"2022-05-25T21:14:18","guid":{"rendered":"https:\/\/vocesparalelas.com.ar\/sitio\/?p=49203"},"modified":"2022-05-25T23:15:09","modified_gmt":"2022-05-26T02:15:09","slug":"se-conmemoro-212-anos-de-la-revolucion-de-mayo-en-la-fi-de-la-unsj","status":"publish","type":"post","link":"https:\/\/vocesparalelas.com.ar\/sitio\/se-conmemoro-212-anos-de-la-revolucion-de-mayo-en-la-fi-de-la-unsj\/","title":{"rendered":"Se conmemor\u00f3 212 a\u00f1os de la Revoluci\u00f3n de Mayo en la FI de la UNSJ"},"content":{"rendered":"<p>El Martes, 24 de Mayo, en la Plaza Principal de la Facultad de Ingenier\u00eda de la Universidad Nacional de San Juan las autoridades junto a la comunidad desarrollaron el acto para conmemorar los 212 a\u00f1os de la Revoluci\u00f3n de Mayo de 1810 como la expresi\u00f3n del sentir Argentino hacia la independencia.<\/p>\n<p>El acto comenz\u00f3 con la la Bandera de Ceremonia Argentina portada por Juan Ignacio Vergara Ejarque y escoltada por Federico Agust\u00edn Dom\u00e1nico y Leonardo Javier Ordu\u00f1a. quienes representan los mejores promedios acad\u00e9mico de la Facultad.<\/p>\n<p>Posteriormente, el Decano de la FI de la UNSJ, Ing. Mario Fern\u00e1ndez junto al Dr. Ricardo Carelli, fueron los responsables de izar la ense\u00f1a patria acompa\u00f1ado por la Canci\u00f3n Aurora.<\/p>\n<p><iframe loading=\"lazy\" title=\"FI UNSJ\" width=\"800\" height=\"450\" src=\"https:\/\/www.youtube.com\/embed\/mOyCndlyF5I?feature=oembed\" frameborder=\"0\" allow=\"accelerometer; autoplay; clipboard-write; encrypted-media; gyroscope; picture-in-picture\" allowfullscreen><\/iframe><\/p>\n<p>&nbsp;<\/p>\n<p>Seguidamente, los presentes entonaron el Himno Nacional Argentino, s\u00edmbolo que sintetiza lo que significa nacer, formarse y trabajar en la Rep\u00fablica Argentina.<\/p>\n<p><iframe loading=\"lazy\" title=\"FI UNSJ\" width=\"800\" height=\"450\" src=\"https:\/\/www.youtube.com\/embed\/6oo4_37520w?feature=oembed\" frameborder=\"0\" allow=\"accelerometer; autoplay; clipboard-write; encrypted-media; gyroscope; picture-in-picture\" allowfullscreen><\/iframe><\/p>\n<p>&nbsp;<\/p>\n<p>A continuaci\u00f3n, la responsable de expresar la mirada hist\u00f3rica de la Revoluci\u00f3n de Mayo de 1810 y su repercusi\u00f3n de la identidad nacional, la jefa del Departamento de Electr\u00f3nica y Autom\u00e1tica de la FI de la UNSJ, Dra. Mar\u00eda Elisa P\u00e9rez Berenguer.<\/p>\n<p><iframe loading=\"lazy\" title=\"FI UNSJ\" width=\"800\" height=\"450\" src=\"https:\/\/www.youtube.com\/embed\/7IuJpXVLIpI?feature=oembed\" frameborder=\"0\" allow=\"accelerometer; autoplay; clipboard-write; encrypted-media; gyroscope; picture-in-picture\" allowfullscreen><\/iframe><\/p>\n<p>&nbsp;<\/p>\n<p>El invitado especial apara el acto fue el Rector de la UNSJ, Ing. Tadeo Berenguer, quien fue ex Decano de la FI de la UNSJ y agradeci\u00f3 la invitaci\u00f3n a las actuales autoridades.<\/p>\n<p><iframe loading=\"lazy\" title=\"FI UNSJ\" width=\"800\" height=\"450\" src=\"https:\/\/www.youtube.com\/embed\/0IfXx63qopw?feature=oembed\" frameborder=\"0\" allow=\"accelerometer; autoplay; clipboard-write; encrypted-media; gyroscope; picture-in-picture\" allowfullscreen><\/iframe><\/p>\n<p>&nbsp;<\/p>\n<p>El Decano de la FI de la UNSJ, Ing. Mario Fern\u00e1ndez, destac\u00f3 la importancia de conmemorar los 212 a\u00f1os de la Revoluci\u00f3n de Mayo para ver fortalecida la b\u00fasqueda de mejorar m\u00e1s con trabajo perseverante desde la Facultad proyect\u00e1ndose a la sociedad.<\/p>\n<p><iframe loading=\"lazy\" title=\"FI UNSJ\" width=\"800\" height=\"450\" src=\"https:\/\/www.youtube.com\/embed\/7yiERlaX-kE?feature=oembed\" frameborder=\"0\" allow=\"accelerometer; autoplay; clipboard-write; encrypted-media; gyroscope; picture-in-picture\" allowfullscreen><\/iframe><\/p>\n<p>La Bandera de Ceremonia se retir\u00f3 y los presentes participaron de un chocolate patrio en el Buffet.<\/p>\n<p><img loading=\"lazy\" decoding=\"async\" class=\"alignnone size-full wp-image-49186\" src=\"https:\/\/vocesparalelas.com.ar\/sitio\/wp-content\/uploads\/2022\/05\/FI-MAYO-03.jpg\" alt=\"\" width=\"800\" height=\"533\" srcset=\"https:\/\/vocesparalelas.com.ar\/sitio\/wp-content\/uploads\/2022\/05\/FI-MAYO-03.jpg 800w, https:\/\/vocesparalelas.com.ar\/sitio\/wp-content\/uploads\/2022\/05\/FI-MAYO-03-300x200.jpg 300w, https:\/\/vocesparalelas.com.ar\/sitio\/wp-content\/uploads\/2022\/05\/FI-MAYO-03-768x512.jpg 768w\" sizes=\"auto, (max-width: 800px) 100vw, 800px\" \/><\/p>\n<p>&nbsp;<\/p>\n<p>&nbsp;<\/p>\n","protected":false},"excerpt":{"rendered":"<p>El Martes, 24 de Mayo, en la Plaza Principal de la Facultad de Ingenier\u00eda de la Universidad Nacional de San<\/p>\n","protected":false},"author":3,"featured_media":49185,"comment_status":"closed","ping_status":"closed","sticky":false,"template":"","format":"video","meta":{"_acf_changed":false,"_seopress_robots_primary_cat":"none","_seopress_titles_title":"","_seopress_titles_desc":"","_seopress_robots_index":"","colormag_page_container_layout":"default_layout","colormag_page_sidebar_layout":"default_layout","footnotes":""},"categories":[1,7],"tags":[],"class_list":["post-49203","post","type-post","status-publish","format-video","has-post-thumbnail","hentry","category-destacadas","category-videos","post_format-post-format-video"],"acf":[],"_links":{"self":[{"href":"https:\/\/vocesparalelas.com.ar\/sitio\/wp-json\/wp\/v2\/posts\/49203","targetHints":{"allow":["GET"]}}],"collection":[{"href":"https:\/\/vocesparalelas.com.ar\/sitio\/wp-json\/wp\/v2\/posts"}],"about":[{"href":"https:\/\/vocesparalelas.com.ar\/sitio\/wp-json\/wp\/v2\/types\/post"}],"author":[{"embeddable":true,"href":"https:\/\/vocesparalelas.com.ar\/sitio\/wp-json\/wp\/v2\/users\/3"}],"replies":[{"embeddable":true,"href":"https:\/\/vocesparalelas.com.ar\/sitio\/wp-json\/wp\/v2\/comments?post=49203"}],"version-history":[{"count":1,"href":"https:\/\/vocesparalelas.com.ar\/sitio\/wp-json\/wp\/v2\/posts\/49203\/revisions"}],"predecessor-version":[{"id":49205,"href":"https:\/\/vocesparalelas.com.ar\/sitio\/wp-json\/wp\/v2\/posts\/49203\/revisions\/49205"}],"wp:featuredmedia":[{"embeddable":true,"href":"https:\/\/vocesparalelas.com.ar\/sitio\/wp-json\/wp\/v2\/media\/49185"}],"wp:attachment":[{"href":"https:\/\/vocesparalelas.com.ar\/sitio\/wp-json\/wp\/v2\/media?parent=49203"}],"wp:term":[{"taxonomy":"category","embeddable":true,"href":"https:\/\/vocesparalelas.com.ar\/sitio\/wp-json\/wp\/v2\/categories?post=49203"},{"taxonomy":"post_tag","embeddable":true,"href":"https:\/\/vocesparalelas.com.ar\/sitio\/wp-json\/wp\/v2\/tags?post=49203"}],"curies":[{"name":"wp","href":"https:\/\/api.w.org\/{rel}","templated":true}]}}