{"id":49196,"date":"2022-05-25T18:43:27","date_gmt":"2022-05-25T21:43:27","guid":{"rendered":"https:\/\/vocesparalelas.com.ar\/sitio\/?p=49196"},"modified":"2022-05-25T18:43:27","modified_gmt":"2022-05-25T21:43:27","slug":"un-desfile-civico-militar-con-sentir-patrio-en-san-juan","status":"publish","type":"post","link":"https:\/\/vocesparalelas.com.ar\/sitio\/un-desfile-civico-militar-con-sentir-patrio-en-san-juan\/","title":{"rendered":"Un desfile c\u00edvico militar con sentir patrio en San Juan"},"content":{"rendered":"<p>El desfile comenz\u00f3 al mediod\u00eda del Mi\u00e9rcoles, 25 de Mayo con la participaci\u00f3n de 40 establecimientos educativos de Capital y 45 ni\u00f1os por establecimiento, instituciones culturales; colectividades; fuerzas militares, de Seguridad, Policiales y Servicio Penitenciario Provincial; Confederaci\u00f3n Gaucha Argentina y Federaci\u00f3n Gaucha de San Juan.<\/p>\n<p>A su paso pusieron la celeste y blanco orgullo patrio Argentino resaltando lo que significa conmemorar 212 a\u00f1os de la Revoluci\u00f3n de Mayo primer encuentro de independencia con los audaces patriotas que gritaron libertad Argentino.<\/p>\n<p><img loading=\"lazy\" decoding=\"async\" class=\"alignnone size-full wp-image-49199\" src=\"https:\/\/vocesparalelas.com.ar\/sitio\/wp-content\/uploads\/2022\/05\/MAYO-02.jpg\" alt=\"\" width=\"800\" height=\"534\" srcset=\"https:\/\/vocesparalelas.com.ar\/sitio\/wp-content\/uploads\/2022\/05\/MAYO-02.jpg 800w, https:\/\/vocesparalelas.com.ar\/sitio\/wp-content\/uploads\/2022\/05\/MAYO-02-300x200.jpg 300w, https:\/\/vocesparalelas.com.ar\/sitio\/wp-content\/uploads\/2022\/05\/MAYO-02-768x513.jpg 768w\" sizes=\"auto, (max-width: 800px) 100vw, 800px\" \/><\/p>\n<p>El paso de los veteranos de Malvinas tuvo un sentido especial, al haberse conmemorado el pasado 2 de abril 40 a\u00f1os del inicio del conflicto b\u00e9lico.<\/p>\n<p>El recorrido del desfile fue por avenida Ignacio de la Roza desplaz\u00e1ndose por calles Mendoza, Mitre, General Acha y Tucum\u00e1n.<\/p>\n<p>Este a\u00f1o particip\u00f3 un pasaje a\u00e9reo de 4 aviones IA-63 Pampa II de la Fuerza A\u00e9rea Argentina IV Brigada A\u00e9rea, El Plumerillo. El IA 63 Pampa es un avi\u00f3n de entrenamiento biplaza con capacidades de combate, producido en la Rep\u00fablica Argentina. El Escuadr\u00f3n IA 63 Pampa, perteneciente al Grupo 4 de Caza, tiene sus or\u00edgenes el 9 de mayo de 1988, cuando la IV Brigada A\u00e9rea recibi\u00f3 los tres primeros aviones de su serie.<\/p>\n<p>Particip\u00f3 tambi\u00e9n la Banda Militar de M\u00fasica \u00abBrigadier General \u00c1ngel Mar\u00eda Zuloaga\u00bb, que dirige el Capit\u00e1n Julio Javier Iglesias.<\/p>\n<p>Un 22 de noviembre de 1945 por resoluci\u00f3n del entonces Secretario de Aeron\u00e1utica de la Naci\u00f3n, se escucharon por primera vez, los sones marciales de la Banda de M\u00fasica y Guerra de la IV Brigada A\u00e9rea.<\/p>\n<p>Su actual director, el capit\u00e1n Julio Javier Iglesias, realiza al frente de esta Banda, denominada \u201cBrigadier General \u00c1ngel Mar\u00eda Zuloaga\u201d, una numerosa labor musical en formaciones, desfiles militares y civiles, actuaciones en establecimientos educativos y culturales.<\/p>\n<p>Esta formaci\u00f3n de m\u00fasica est\u00e1 compuesta por 27 suboficiales m\u00fasicos ejecutantes y un soldado voluntario.<\/p>\n<p>Participaron tambi\u00e9n en el desfile la Bandera de la IV Brigada A\u00e9rea, con su secci\u00f3n de desfile y otra secci\u00f3n de soldados voluntarios pertenecientes al Escuadr\u00f3n Tropa de la Brigada. Adem\u00e1s pas\u00f3 la Bandera de Guerra de la IV Brigada A\u00e9rea condecorada por el Congreso de la Naci\u00f3n Argentina por su participaci\u00f3n en el conflicto del Atl\u00e1ntico Sur por la recuperaci\u00f3n de las Islas Malvinas.<\/p>\n<p><strong><span style=\"color: #0000ff;\">Establecimientos educativos que participaron<\/span><\/strong><\/p>\n<div class=\"itemFullText\">\n<p><span style=\"color: #0000ff;\"><strong>Educaci\u00f3n Especial<\/strong><\/span><\/p>\n<ul>\n<li>EEE Jos\u00e9 A. Terry<\/li>\n<li>EEE Luis Braille<\/li>\n<li>EEE \u201cAleluya\u201d Anexo C.F.S. y L. \u201cVida Nueva\u201d<\/li>\n<li>Escuela Susana de Castelli<\/li>\n<\/ul>\n<p><span style=\"color: #0000ff;\"><strong>Educaci\u00f3n Inicial<\/strong><\/span><\/p>\n<ul>\n<li>ENI N\u00b0 6<\/li>\n<li>ENI N\u00ba 79<\/li>\n<li>ENI N\u00ba 4 \u2013 Martha Salotti<\/li>\n<li>Colegio Dante Alighieri<\/li>\n<li>Lagarto Juancho<\/li>\n<\/ul>\n<p><span style=\"color: #0000ff;\"><strong>Educaci\u00f3n Primaria<\/strong><\/span><\/p>\n<ul>\n<li>Esc. Dr. Jos\u00e9 Ignacio de la Roza<\/li>\n<li>Esc. 25 de Mayo<\/li>\n<li>Esc. Bernardino Rivadavia<\/li>\n<li>Esc. Antonio Torres Turno Ma\u00f1ana<\/li>\n<li>Esc. Francisco Narciso de Laprida<\/li>\n<li>Esc. Paula Albarrac\u00edn de Sarmiento<\/li>\n<li>Esc. Normal Superior Sarmiento<\/li>\n<li>Esc. \u00c1ngel D. Rojas<\/li>\n<li>Colegio Fasta Federico Ozan<\/li>\n<li>Colegio Mar\u00eda Auxiliadora<\/li>\n<li>Colegio Santa Rosa de Lima<\/li>\n<li>Colegio San Francisco de As\u00eds<\/li>\n<li>Colegio Inmaculada<\/li>\n<\/ul>\n<p><span style=\"color: #0000ff;\"><strong>Educaci\u00f3n Secundaria<\/strong><\/span><\/p>\n<ul>\n<li>Colegio Provincial de la Capital<\/li>\n<li>Colegio Nacional Monse\u00f1or Dr. Pablo Cabrera<\/li>\n<li>Escuela Normal Superior Sarmiento<\/li>\n<li>Escuela Normal Superior Gral. San Mart\u00edn<\/li>\n<li>Colegio Mar\u00eda Auxiliadora<\/li>\n<li>Colegio Don Bosco<\/li>\n<li>Colegio El Tr\u00e1nsito de Nuestra Se\u00f1ora de Luj\u00e1n<\/li>\n<li>EPET N\u00ba1 Ing. Rogelio Boero<\/li>\n<li>ETCL Domingo Cayetano Valve<\/li>\n<li>Colegio Dr. B. A Houssay<\/li>\n<\/ul>\n<p><span style=\"color: #0000ff;\"><strong>Educaci\u00f3n de Adultos<\/strong><\/span><\/p>\n<ul>\n<li>CENS N\u00ba 210<\/li>\n<li>CENS N\u00ba 239<\/li>\n<\/ul>\n<p><span style=\"color: #0000ff;\"><strong>Educaci\u00f3n Superior<\/strong><\/span><\/p>\n<ul>\n<li>ISFD Silvino Mart\u00ednez<\/li>\n<li>Instituto de Danza \u201cGranada\u201d<\/li>\n<li>ISFD \u201cVida Silvestre, Naturaleza y Aventura\u201d<\/li>\n<li>Instituto Superior de Educaci\u00f3n F\u00edsica<\/li>\n<li>ISFD Santa Mar\u00eda<\/li>\n<\/ul>\n<\/div>\n<div class=\"clr\"><\/div>\n<div class=\"itemContentFooter\"><span class=\"itemDateModified\">Publicado el Mi\u00e9rcoles, 25 Mayo 2022<\/span><\/div>\n","protected":false},"excerpt":{"rendered":"<p>El desfile comenz\u00f3 al mediod\u00eda del Mi\u00e9rcoles, 25 de Mayo con la participaci\u00f3n de 40 establecimientos educativos de Capital y<\/p>\n","protected":false},"author":3,"featured_media":49198,"comment_status":"closed","ping_status":"closed","sticky":false,"template":"","format":"standard","meta":{"_acf_changed":false,"_seopress_robots_primary_cat":"none","_seopress_titles_title":"","_seopress_titles_desc":"","_seopress_robots_index":"","colormag_page_container_layout":"default_layout","colormag_page_sidebar_layout":"default_layout","footnotes":""},"categories":[1],"tags":[],"class_list":["post-49196","post","type-post","status-publish","format-standard","has-post-thumbnail","hentry","category-destacadas"],"acf":[],"_links":{"self":[{"href":"https:\/\/vocesparalelas.com.ar\/sitio\/wp-json\/wp\/v2\/posts\/49196","targetHints":{"allow":["GET"]}}],"collection":[{"href":"https:\/\/vocesparalelas.com.ar\/sitio\/wp-json\/wp\/v2\/posts"}],"about":[{"href":"https:\/\/vocesparalelas.com.ar\/sitio\/wp-json\/wp\/v2\/types\/post"}],"author":[{"embeddable":true,"href":"https:\/\/vocesparalelas.com.ar\/sitio\/wp-json\/wp\/v2\/users\/3"}],"replies":[{"embeddable":true,"href":"https:\/\/vocesparalelas.com.ar\/sitio\/wp-json\/wp\/v2\/comments?post=49196"}],"version-history":[{"count":1,"href":"https:\/\/vocesparalelas.com.ar\/sitio\/wp-json\/wp\/v2\/posts\/49196\/revisions"}],"predecessor-version":[{"id":49200,"href":"https:\/\/vocesparalelas.com.ar\/sitio\/wp-json\/wp\/v2\/posts\/49196\/revisions\/49200"}],"wp:featuredmedia":[{"embeddable":true,"href":"https:\/\/vocesparalelas.com.ar\/sitio\/wp-json\/wp\/v2\/media\/49198"}],"wp:attachment":[{"href":"https:\/\/vocesparalelas.com.ar\/sitio\/wp-json\/wp\/v2\/media?parent=49196"}],"wp:term":[{"taxonomy":"category","embeddable":true,"href":"https:\/\/vocesparalelas.com.ar\/sitio\/wp-json\/wp\/v2\/categories?post=49196"},{"taxonomy":"post_tag","embeddable":true,"href":"https:\/\/vocesparalelas.com.ar\/sitio\/wp-json\/wp\/v2\/tags?post=49196"}],"curies":[{"name":"wp","href":"https:\/\/api.w.org\/{rel}","templated":true}]}}