{"id":49190,"date":"2022-05-25T16:18:20","date_gmt":"2022-05-25T19:18:20","guid":{"rendered":"https:\/\/vocesparalelas.com.ar\/sitio\/?p=49190"},"modified":"2022-05-25T16:18:20","modified_gmt":"2022-05-25T19:18:20","slug":"feliz-dia-de-la-patria","status":"publish","type":"post","link":"https:\/\/vocesparalelas.com.ar\/sitio\/feliz-dia-de-la-patria\/","title":{"rendered":"Feliz D\u00eda de la Patria"},"content":{"rendered":"<p>El Decano de la Facultad de Ingenier\u00eda, Esp. Ing. Oscar Mario Fern\u00e1ndez; la Vicedecana, Dra. Ing. Andrea Diaz y su equipo de Decanato, saludan a la comunidad en ocasi\u00f3n de celebrarse los 212 a\u00f1os de historia com\u00fan y de conmemorar la formaci\u00f3n del Primer Gobierno Patrio.<\/p>\n<p>Esta fecha es s\u00edmbolo de uni\u00f3n y de metas comunes. Reclama, desde nuestra historia, el fortalecimiento de lazos de amistad y solidaridad, como caminos indiscutibles para alcanzar la paz y el desarrollo plenos.<\/p>\n<p>Por ello, desde esta instituci\u00f3n p\u00fablica apuestan m\u00e1s que nunca a la educaci\u00f3n como forma de construir Soberan\u00eda, acceso de todos a la salud, al desarrollo y a los derechos que nos asisten.<\/p>\n<p>Felicidades en este nuevo aniversario del nacimiento de la identidad de la patria.<\/p>\n","protected":false},"excerpt":{"rendered":"<p>El Decano de la Facultad de Ingenier\u00eda, Esp. Ing. Oscar Mario Fern\u00e1ndez; la Vicedecana, Dra. Ing. Andrea Diaz y su<\/p>\n","protected":false},"author":3,"featured_media":41537,"comment_status":"closed","ping_status":"closed","sticky":false,"template":"","format":"standard","meta":{"_acf_changed":false,"_seopress_robots_primary_cat":"none","_seopress_titles_title":"","_seopress_titles_desc":"","_seopress_robots_index":"","colormag_page_container_layout":"default_layout","colormag_page_sidebar_layout":"default_layout","footnotes":""},"categories":[1],"tags":[],"class_list":["post-49190","post","type-post","status-publish","format-standard","has-post-thumbnail","hentry","category-destacadas"],"acf":[],"_links":{"self":[{"href":"https:\/\/vocesparalelas.com.ar\/sitio\/wp-json\/wp\/v2\/posts\/49190","targetHints":{"allow":["GET"]}}],"collection":[{"href":"https:\/\/vocesparalelas.com.ar\/sitio\/wp-json\/wp\/v2\/posts"}],"about":[{"href":"https:\/\/vocesparalelas.com.ar\/sitio\/wp-json\/wp\/v2\/types\/post"}],"author":[{"embeddable":true,"href":"https:\/\/vocesparalelas.com.ar\/sitio\/wp-json\/wp\/v2\/users\/3"}],"replies":[{"embeddable":true,"href":"https:\/\/vocesparalelas.com.ar\/sitio\/wp-json\/wp\/v2\/comments?post=49190"}],"version-history":[{"count":1,"href":"https:\/\/vocesparalelas.com.ar\/sitio\/wp-json\/wp\/v2\/posts\/49190\/revisions"}],"predecessor-version":[{"id":49192,"href":"https:\/\/vocesparalelas.com.ar\/sitio\/wp-json\/wp\/v2\/posts\/49190\/revisions\/49192"}],"wp:featuredmedia":[{"embeddable":true,"href":"https:\/\/vocesparalelas.com.ar\/sitio\/wp-json\/wp\/v2\/media\/41537"}],"wp:attachment":[{"href":"https:\/\/vocesparalelas.com.ar\/sitio\/wp-json\/wp\/v2\/media?parent=49190"}],"wp:term":[{"taxonomy":"category","embeddable":true,"href":"https:\/\/vocesparalelas.com.ar\/sitio\/wp-json\/wp\/v2\/categories?post=49190"},{"taxonomy":"post_tag","embeddable":true,"href":"https:\/\/vocesparalelas.com.ar\/sitio\/wp-json\/wp\/v2\/tags?post=49190"}],"curies":[{"name":"wp","href":"https:\/\/api.w.org\/{rel}","templated":true}]}}