{"id":49154,"date":"2022-05-23T23:21:37","date_gmt":"2022-05-24T02:21:37","guid":{"rendered":"https:\/\/vocesparalelas.com.ar\/sitio\/?p=49154"},"modified":"2022-05-23T23:21:37","modified_gmt":"2022-05-24T02:21:37","slug":"la-importancia-de-verificar-tu-vehiculo-en-san-juan","status":"publish","type":"post","link":"https:\/\/vocesparalelas.com.ar\/sitio\/la-importancia-de-verificar-tu-vehiculo-en-san-juan\/","title":{"rendered":"La importancia de verificar tu veh\u00edculo en San Juan"},"content":{"rendered":"<p>El Registro \u00danico Provincial de Verificaci\u00f3n Automotor y de Autopartes de San Juan, dependiente de la Secretar\u00eda de Estado de Seguridad y Orden P\u00fablico, es el organismo encargado de aplicar y controlar el cumplimiento de la ley provincial N\u00ba 1707-C.<\/p>\n<p>En ese sentido, y m\u00e1s all\u00e1 de la obligatoriedad del grabado de autopartes, en sus dos plantas verificadoras los peritos especializados llevan adelante complejos peritajes para verificar el estado de los veh\u00edculos, de acuerdo a los requerimientos y medidas judiciales.<\/p>\n<p>En estos cinco primeros meses del 2022 se han realizado 14 secuestros de veh\u00edculos, destacando el procedimiento m\u00e1s reciente, con fecha 23 de mayo, a partir del cual se restituy\u00f3 una motocicleta recuperada en la planta de Capital, pudiendo determinar su originalidad mediante t\u00e9cnicas periciales de revenidos qu\u00edmicos.<\/p>\n<p><img loading=\"lazy\" decoding=\"async\" class=\"alignnone size-full wp-image-49157\" src=\"https:\/\/vocesparalelas.com.ar\/sitio\/wp-content\/uploads\/2022\/05\/AUTOS-VERIFICACION-01.jpg\" alt=\"\" width=\"800\" height=\"450\" srcset=\"https:\/\/vocesparalelas.com.ar\/sitio\/wp-content\/uploads\/2022\/05\/AUTOS-VERIFICACION-01.jpg 800w, https:\/\/vocesparalelas.com.ar\/sitio\/wp-content\/uploads\/2022\/05\/AUTOS-VERIFICACION-01-300x169.jpg 300w, https:\/\/vocesparalelas.com.ar\/sitio\/wp-content\/uploads\/2022\/05\/AUTOS-VERIFICACION-01-768x432.jpg 768w\" sizes=\"auto, (max-width: 800px) 100vw, 800px\" \/><\/p>\n<div class=\"itemFullText\">\n<p>El director del RUPVAA, Rolado D\u00edaz, explic\u00f3 que \u00abel secuestro de los veh\u00edculos est\u00e1 relacionado a que o presentan pedido de secuestro o porque, en la misma verificaci\u00f3n, notamos que est\u00e1 alterado el chasis o motor o porque hubo modificaci\u00f3n en las medidas de seguridad\u201d.<\/p>\n<p>D\u00edaz agreg\u00f3 que \u00abuno siente una enorme satisfacci\u00f3n al momento de poder identificar este tipo de veh\u00edculos, que han sido adulterados porque de esta manera, se puede llegar a su titular original\u201d, al tiempo que destac\u00f3 el trabajo profesional que realiza el cuerpo de perito \u201cque a trav\u00e9s de diferentes t\u00e9cnicas, ya sean de revenidos qu\u00edmicos o identificaci\u00f3n electr\u00f3nica, se pueden esclarecer este tipo de hechos\u201d.<\/p>\n<\/div>\n<div class=\"clr\"><\/div>\n<div class=\"itemContentFooter\"><span class=\"itemDateModified\">Publicado el Lunes, 23 Mayo 2022\u00a0<\/span><\/div>\n","protected":false},"excerpt":{"rendered":"<p>El Registro \u00danico Provincial de Verificaci\u00f3n Automotor y de Autopartes de San Juan, dependiente de la Secretar\u00eda de Estado de<\/p>\n","protected":false},"author":3,"featured_media":49156,"comment_status":"closed","ping_status":"closed","sticky":false,"template":"","format":"standard","meta":{"_acf_changed":false,"_seopress_robots_primary_cat":"none","_seopress_titles_title":"","_seopress_titles_desc":"","_seopress_robots_index":"","colormag_page_container_layout":"default_layout","colormag_page_sidebar_layout":"default_layout","footnotes":""},"categories":[1],"tags":[],"class_list":["post-49154","post","type-post","status-publish","format-standard","has-post-thumbnail","hentry","category-destacadas"],"acf":[],"_links":{"self":[{"href":"https:\/\/vocesparalelas.com.ar\/sitio\/wp-json\/wp\/v2\/posts\/49154","targetHints":{"allow":["GET"]}}],"collection":[{"href":"https:\/\/vocesparalelas.com.ar\/sitio\/wp-json\/wp\/v2\/posts"}],"about":[{"href":"https:\/\/vocesparalelas.com.ar\/sitio\/wp-json\/wp\/v2\/types\/post"}],"author":[{"embeddable":true,"href":"https:\/\/vocesparalelas.com.ar\/sitio\/wp-json\/wp\/v2\/users\/3"}],"replies":[{"embeddable":true,"href":"https:\/\/vocesparalelas.com.ar\/sitio\/wp-json\/wp\/v2\/comments?post=49154"}],"version-history":[{"count":1,"href":"https:\/\/vocesparalelas.com.ar\/sitio\/wp-json\/wp\/v2\/posts\/49154\/revisions"}],"predecessor-version":[{"id":49158,"href":"https:\/\/vocesparalelas.com.ar\/sitio\/wp-json\/wp\/v2\/posts\/49154\/revisions\/49158"}],"wp:featuredmedia":[{"embeddable":true,"href":"https:\/\/vocesparalelas.com.ar\/sitio\/wp-json\/wp\/v2\/media\/49156"}],"wp:attachment":[{"href":"https:\/\/vocesparalelas.com.ar\/sitio\/wp-json\/wp\/v2\/media?parent=49154"}],"wp:term":[{"taxonomy":"category","embeddable":true,"href":"https:\/\/vocesparalelas.com.ar\/sitio\/wp-json\/wp\/v2\/categories?post=49154"},{"taxonomy":"post_tag","embeddable":true,"href":"https:\/\/vocesparalelas.com.ar\/sitio\/wp-json\/wp\/v2\/tags?post=49154"}],"curies":[{"name":"wp","href":"https:\/\/api.w.org\/{rel}","templated":true}]}}