{"id":49151,"date":"2022-05-23T22:14:43","date_gmt":"2022-05-24T01:14:43","guid":{"rendered":"https:\/\/vocesparalelas.com.ar\/sitio\/?p=49151"},"modified":"2022-05-25T23:27:23","modified_gmt":"2022-05-26T02:27:23","slug":"tec-san-juan-brinda-cursos-interesantes-y-novedosos","status":"publish","type":"post","link":"https:\/\/vocesparalelas.com.ar\/sitio\/tec-san-juan-brinda-cursos-interesantes-y-novedosos\/","title":{"rendered":"TEC San Juan brinda cursos interesantes y novedosos"},"content":{"rendered":"<div class=\"itemFullText\">\n<p>El Ministerio de Producci\u00f3n y Desarrollo Econ\u00f3mico del Gobierno de San Juan, a trav\u00e9s de la Secretar\u00eda de la Pol\u00edtica Econ\u00f3mica y la Direcci\u00f3n de Innovaci\u00f3n y Desarrollo Productivo lanzaron los nuevos cursos de San Juan TEC.<\/p>\n<p><span style=\"color: #339966;\"><strong>Los mismos se dividen en dos Programas: <\/strong><\/span><\/p>\n<ul>\n<li>Mujeres TEC\u00a0y<\/li>\n<li>Talento TEC<\/li>\n<\/ul>\n<p>En este marco, se realiza una feria educativa para brindar informaci\u00f3n sobre los diferentes cursos. Estos tienen lugar el Lunes, 23 y el Martes, 24 de Mayo, de 10 a 12 y de 17 a 19 horas, en Avenida Ignacio de la Roza esquina Catamarca.<\/p>\n<p>Cabe recordar que las inscripciones ya se encuentran abiertas y seguen vigentes hasta el Jueves, 26 de Mayo. Los cursos comienzan en el mes de Junio de 2022 y tienen una duraci\u00f3n de tres meses.<\/p>\n<p><span style=\"color: #339966;\"><strong>Los cursos englobados en Mujeres TEC<\/strong><\/span><\/p>\n<p><span style=\"color: #339966;\"><strong>Capacitaciones para principiantes:<\/strong><\/span><\/p>\n<ul>\n<li>Introducci\u00f3n al Dise\u00f1o para el Marketing Digital.<\/li>\n<li>Redes Sociales para Emprendedores.<\/li>\n<li>Community Manager.<\/li>\n<li>Capacitaciones Avanzadas.<\/li>\n<li>Marketing Digital.<\/li>\n<li>Marketing Digital Avanzado.<\/li>\n<li>E-Commerce para Emprendedores.<\/li>\n<li>Inicio en el Dise\u00f1o Editorial (Crea tu propio cat\u00e1logo).<\/li>\n<\/ul>\n<p dir=\"ltr\"><span style=\"color: #339966;\"><strong>Dentro de Talento TEC<\/strong><\/span><\/p>\n<p><span style=\"color: #339966;\"><strong>Desarrollo de Videojuegos<\/strong><\/span><\/p>\n<ul>\n<li>Modelado 3D Blender.<\/li>\n<li>Arte &amp; Dise\u00f1o de Videojuegos.<\/li>\n<li>Programaci\u00f3n Cocos Creator 3D.<\/li>\n<li>Game Maker 2D.<\/li>\n<li>RPG Maker MV.<\/li>\n<\/ul>\n<p><strong style=\"color: #339966;\">Programaci\u00f3n<\/strong><\/p>\n<ul>\n<li>Dise\u00f1o de interfaces.<\/li>\n<li>Pensamiento L\u00f3gica.<\/li>\n<li>Desarrollo Web<\/li>\n<li>Fundamentos JavaScript.<\/li>\n<li>Fundamentos Angular.<\/li>\n<li>Fundamentos Laravel<\/li>\n<li>Fundamentos de base de datos.<\/li>\n<li>Fundamentos desarrollo en Python.<\/li>\n<li>JavaScript Avanzado.<\/li>\n<\/ul>\n<p>Los interesados podr\u00e1n ingresar a la p\u00e1gina\u00a0<a href=\"https:\/\/spe.sanjuan.gob.ar\/\">https:\/\/spe.sanjuan.gob.ar\/<\/a> y optar por la opci\u00f3n deseada. Los cursos se dictan por modalidad virtual.<\/p>\n<\/div>\n<div class=\"clr\">Publicado el Lunes, 23 Mayo 2022<\/div>\n","protected":false},"excerpt":{"rendered":"<p>El Ministerio de Producci\u00f3n y Desarrollo Econ\u00f3mico del Gobierno de San Juan, a trav\u00e9s de la Secretar\u00eda de la Pol\u00edtica<\/p>\n","protected":false},"author":3,"featured_media":30878,"comment_status":"closed","ping_status":"closed","sticky":false,"template":"","format":"standard","meta":{"_acf_changed":false,"_seopress_robots_primary_cat":"none","_seopress_titles_title":"","_seopress_titles_desc":"","_seopress_robots_index":"","colormag_page_container_layout":"default_layout","colormag_page_sidebar_layout":"default_layout","footnotes":""},"categories":[9],"tags":[],"class_list":["post-49151","post","type-post","status-publish","format-standard","has-post-thumbnail","hentry","category-cursos"],"acf":[],"_links":{"self":[{"href":"https:\/\/vocesparalelas.com.ar\/sitio\/wp-json\/wp\/v2\/posts\/49151","targetHints":{"allow":["GET"]}}],"collection":[{"href":"https:\/\/vocesparalelas.com.ar\/sitio\/wp-json\/wp\/v2\/posts"}],"about":[{"href":"https:\/\/vocesparalelas.com.ar\/sitio\/wp-json\/wp\/v2\/types\/post"}],"author":[{"embeddable":true,"href":"https:\/\/vocesparalelas.com.ar\/sitio\/wp-json\/wp\/v2\/users\/3"}],"replies":[{"embeddable":true,"href":"https:\/\/vocesparalelas.com.ar\/sitio\/wp-json\/wp\/v2\/comments?post=49151"}],"version-history":[{"count":1,"href":"https:\/\/vocesparalelas.com.ar\/sitio\/wp-json\/wp\/v2\/posts\/49151\/revisions"}],"predecessor-version":[{"id":49153,"href":"https:\/\/vocesparalelas.com.ar\/sitio\/wp-json\/wp\/v2\/posts\/49151\/revisions\/49153"}],"wp:featuredmedia":[{"embeddable":true,"href":"https:\/\/vocesparalelas.com.ar\/sitio\/wp-json\/wp\/v2\/media\/30878"}],"wp:attachment":[{"href":"https:\/\/vocesparalelas.com.ar\/sitio\/wp-json\/wp\/v2\/media?parent=49151"}],"wp:term":[{"taxonomy":"category","embeddable":true,"href":"https:\/\/vocesparalelas.com.ar\/sitio\/wp-json\/wp\/v2\/categories?post=49151"},{"taxonomy":"post_tag","embeddable":true,"href":"https:\/\/vocesparalelas.com.ar\/sitio\/wp-json\/wp\/v2\/tags?post=49151"}],"curies":[{"name":"wp","href":"https:\/\/api.w.org\/{rel}","templated":true}]}}