{"id":49148,"date":"2022-05-23T21:58:37","date_gmt":"2022-05-24T00:58:37","guid":{"rendered":"https:\/\/vocesparalelas.com.ar\/sitio\/?p=49148"},"modified":"2022-05-24T20:24:21","modified_gmt":"2022-05-24T23:24:21","slug":"diplomatura-en-periodismo-y-comunicacion-digital-con-orientacion-en-deportes","status":"publish","type":"post","link":"https:\/\/vocesparalelas.com.ar\/sitio\/diplomatura-en-periodismo-y-comunicacion-digital-con-orientacion-en-deportes\/","title":{"rendered":"Diplomatura en Periodismo y Comunicaci\u00f3n Digital con orientaci\u00f3n en Deportes"},"content":{"rendered":"<p>La Secretar\u00eda de Extensi\u00f3n de la Facultad de Ciencias Sociales de la UNSJ anunci\u00f3 la apertura de la Diplomatura en Periodismo y Comunicaci\u00f3n Digital con orientaci\u00f3n en deportes.<\/p>\n<p>Esta Secretar\u00eda es la encargada de su organizaci\u00f3n junto a la Secretar\u00eda de Deportes de la Provincia de San Juan.<\/p>\n<p>El cursado de la Diplomatura es con modalidad h\u00edbrida, es decir, con clases virtuales y presenciales. El primer m\u00f3dulo comienza el 4 de Junio de 2022 de manera presencial. Cada unidad inicia el primer s\u00e1bado de cada mes.\u00a0Los d\u00edas y horarios previstos son S\u00e1bado, de 9 a 14 hs. Las preinscripciones ya est\u00e1n abiertas y permanecen hasta el 30 de Mayo de 2022.<\/p>\n<p>Para mayor informaci\u00f3n sobre cuerpo docente, aranceles e inscripci\u00f3n, contactarse a: <a href=\"diplodeextension04.06@gmail.com\">diplodeextension04.06@gmail.com<\/a>\u00a0o por\u00a0WhatsApp a +54(264)5266136<\/p>\n<p><span style=\"color: #99cc00;\"><strong>Diplomatura solicitada<\/strong><\/span><\/p>\n<p>\u201cEsta Diplomatura surge a ra\u00edz de una demanda de la Secretar\u00eda de Deportes por una necesidad de profesionalizar las federaciones y comunicadores que trabajan en los \u00e1mbitos deportivos de San Juan\u201d, coment\u00f3 Sandra Buso, secretaria de Extensi\u00f3n de la FACSO.<\/p>\n<p><span style=\"color: #99cc00;\"><strong>\u201cFuerte foco en la pr\u00e1ctica\u201d<\/strong><\/span><\/p>\n<p>\u201cLa diplomatura plantea un recorrido de siete m\u00f3dulos, los cuales fueron pensados estrat\u00e9gicamente para tener en cuenta las necesidades actuales de profesionales desde el periodismo y la comunicaci\u00f3n. Hay un recorrido te\u00f3rico y hay un fuerte foco en la pr\u00e1ctica, porque la idea es que se lleven (las personas que cursan) herramientas espec\u00edficas para que puedan en cada m\u00f3dulo trasladar a sus \u00e1mbitos profesionales. Si bien la orientaci\u00f3n es en deportes el recorrido est\u00e1 pensado para todos los \u00e1mbitos de la comunicaci\u00f3n. El primer m\u00f3dulo que comienza el 4 de junio estar\u00e1 a cargo de Natalia Aruguete, quien dar\u00e1 la parte de redes sociales y periodismo digital\u201d, puntualiz\u00f3 Paola Ingrassia, coordinadora de la Diplomatura.<\/p>\n<p><span style=\"color: #99cc00;\"><strong>Qui\u00e9nes pueden hacer la Diplomatura<\/strong><\/span><\/p>\n<p>Est\u00e1 destinada a profesionales de la comunicaci\u00f3n con t\u00edtulo de grado de la Universidad Nacional de San Juan o de alguna privada; tambi\u00e9n, a personas egresadas de Tecnicaturas de la UNSJ u otra instituci\u00f3n. \u201cPueden adem\u00e1s participar profesionales que acrediten muchos a\u00f1os de ejercicio profesional, siempre que el Comit\u00e9 Acad\u00e9mico apruebe esa participaci\u00f3n. Tambi\u00e9n pueden cursarla estudiantes en instancias avanzadas, en etapa de tesis de la Licenciatura en Comunicaci\u00f3n Social\u201d, se\u00f1al\u00f3 Ingrassia.<\/p>\n<p><span style=\"color: #99cc00;\"><strong>Beca de 50 por ciento<\/strong><\/span><\/p>\n<p>Sandra Buso destac\u00f3 que, al ser esta propuesta coorganizada junto a la Secretar\u00eda de Deportes, las personas que cursen de manera completa la Diplomatura tendr\u00e1n una beca del 50 por ciento, \u201clo cual es un aporte muy interesante y as\u00ed ser\u00e1 m\u00ednimo el aporte que deber\u00e1 hacer el estudiante\u201d, dijo.<\/p>\n","protected":false},"excerpt":{"rendered":"<p>La Secretar\u00eda de Extensi\u00f3n de la Facultad de Ciencias Sociales de la UNSJ anunci\u00f3 la apertura de la Diplomatura en<\/p>\n","protected":false},"author":3,"featured_media":3711,"comment_status":"closed","ping_status":"closed","sticky":false,"template":"","format":"standard","meta":{"_acf_changed":false,"_seopress_robots_primary_cat":"none","_seopress_titles_title":"","_seopress_titles_desc":"","_seopress_robots_index":"","colormag_page_container_layout":"default_layout","colormag_page_sidebar_layout":"default_layout","footnotes":""},"categories":[15],"tags":[],"class_list":["post-49148","post","type-post","status-publish","format-standard","has-post-thumbnail","hentry","category-posgrados"],"acf":[],"_links":{"self":[{"href":"https:\/\/vocesparalelas.com.ar\/sitio\/wp-json\/wp\/v2\/posts\/49148","targetHints":{"allow":["GET"]}}],"collection":[{"href":"https:\/\/vocesparalelas.com.ar\/sitio\/wp-json\/wp\/v2\/posts"}],"about":[{"href":"https:\/\/vocesparalelas.com.ar\/sitio\/wp-json\/wp\/v2\/types\/post"}],"author":[{"embeddable":true,"href":"https:\/\/vocesparalelas.com.ar\/sitio\/wp-json\/wp\/v2\/users\/3"}],"replies":[{"embeddable":true,"href":"https:\/\/vocesparalelas.com.ar\/sitio\/wp-json\/wp\/v2\/comments?post=49148"}],"version-history":[{"count":1,"href":"https:\/\/vocesparalelas.com.ar\/sitio\/wp-json\/wp\/v2\/posts\/49148\/revisions"}],"predecessor-version":[{"id":49150,"href":"https:\/\/vocesparalelas.com.ar\/sitio\/wp-json\/wp\/v2\/posts\/49148\/revisions\/49150"}],"wp:featuredmedia":[{"embeddable":true,"href":"https:\/\/vocesparalelas.com.ar\/sitio\/wp-json\/wp\/v2\/media\/3711"}],"wp:attachment":[{"href":"https:\/\/vocesparalelas.com.ar\/sitio\/wp-json\/wp\/v2\/media?parent=49148"}],"wp:term":[{"taxonomy":"category","embeddable":true,"href":"https:\/\/vocesparalelas.com.ar\/sitio\/wp-json\/wp\/v2\/categories?post=49148"},{"taxonomy":"post_tag","embeddable":true,"href":"https:\/\/vocesparalelas.com.ar\/sitio\/wp-json\/wp\/v2\/tags?post=49148"}],"curies":[{"name":"wp","href":"https:\/\/api.w.org\/{rel}","templated":true}]}}