{"id":49140,"date":"2022-05-23T21:11:21","date_gmt":"2022-05-24T00:11:21","guid":{"rendered":"https:\/\/vocesparalelas.com.ar\/sitio\/?p=49140"},"modified":"2022-05-23T21:13:39","modified_gmt":"2022-05-24T00:13:39","slug":"inversion-de-casi-600-millones-de-pesos-para-la-ciencia-de-san-juan","status":"publish","type":"post","link":"https:\/\/vocesparalelas.com.ar\/sitio\/inversion-de-casi-600-millones-de-pesos-para-la-ciencia-de-san-juan\/","title":{"rendered":"Inversi\u00f3n de casi 600 millones de pesos para la Ciencia de San Juan"},"content":{"rendered":"<p>En la jornada del Lunes, 23 de Mayo de 2022, el gobernador de San Juan, Dr. Sergio U\u00f1ac recibi\u00f3 la visita del ministro de Ciencia, Tecnolog\u00eda e Innovaci\u00f3n de la Naci\u00f3n, Lic. Daniel Filmus, quien present\u00f3 una bater\u00eda de proyectos, respaldados por una importante inversi\u00f3n de casi 600 millones de pesos, reconociendo el avance tecnol\u00f3gico de San Juan.<\/p>\n<p>Acompa\u00f1aron a U\u00f1ac, adem\u00e1s de Filmus, el vicegobernador, CPN Roberto Gattoni; el senador Dr. Rub\u00e9n U\u00f1ac; el diputado Eduardo Cabello; los ministros de Producci\u00f3n y Desarrollo Econ\u00f3mico, Ing. Ariel Lucero; de Obras y Servicios P\u00fablicos, Ing. Julio Ortiz Andino; de Desarrollo Humano y Promoci\u00f3n Social, Prof. Fabi\u00e1n Aballay y de Educaci\u00f3n, Prof. Cecilia Trincado Moncho; el intendente de la Municipalidad de Pocito, Armando S\u00e1nchez; la secretaria de Ciencia, Tecnolog\u00eda e Innovaci\u00f3n de San Juan, Ing. Marita Benavente; el secretario de Estado de Ambiente y Desarrollo Sustentable de San Juan, Francisco Guevara; entre otros funcionarios.<\/p>\n<p>El ministro de Ciencia, Tecnolog\u00eda e Innovaci\u00f3n de la Naci\u00f3n Lic. Daniel Filmus, lleg\u00f3 a San Juan y present\u00f3 un conjunto de iniciativas que representan una inversi\u00f3n de casi $ 600 millones, reconociendo el avance de la provincia en este \u00e1mbito.<\/p>\n<p>El importante monto est\u00e1 destinado a la creaci\u00f3n del Centro de Investigaci\u00f3n, Desarrollo e Innovaci\u00f3n para la gesti\u00f3n del agua en el \u00e1rido, a la implementaci\u00f3n de una planta modelo de quinua, a la adquisici\u00f3n de equipamiento para Centro de Medicina Traslacional, modernizaci\u00f3n tecnol\u00f3gica del Complejo Astron\u00f3mico El Leoncito y tambi\u00e9n para desarrollar el Parque de Producci\u00f3n Social y otros proyectos.<\/p>\n<p>En la apertura del acto, que se desarroll\u00f3 en Pocito, el gobernador Dr. Sergio U\u00f1ac\u00a0se refiri\u00f3 a los desaf\u00edos de la sociedad argentina de construir bases s\u00f3lidas para establecer un punto de partida de una planificaci\u00f3n. \u00abLas pol\u00edticas de Estado deben tener la confluencia de todas las pol\u00edticas partidarias. Buscando ponernos de acuerdo como sociedad en tres o cuatro temas que nos deben abrazar a todos. La ciencia y tecnolog\u00eda es uno, la matriz energ\u00e9tica es otro y las matriculas educativas, el c\u00f3mo entrelazamos la educaci\u00f3n con la realidad econ\u00f3mica y social de un sector, de una provincia, de un propio pa\u00eds. Que un educando en nuestro pa\u00eds cuando reciba el t\u00edtulo primario, secundario, terciario o universitario pueda tener la percepci\u00f3n de que es un pasaporte para poder construir su propio bienestar\u00bb.<\/p>\n<p>&nbsp;<\/p>\n<p><iframe loading=\"lazy\" title=\"Naci\u00f3n aportar\u00e1 una inversi\u00f3n de casi  600 millones de pesos para la ciencia sanjuanina\" width=\"800\" height=\"450\" src=\"https:\/\/www.youtube.com\/embed\/RY1EJHJJeZY?feature=oembed\" frameborder=\"0\" allow=\"accelerometer; autoplay; clipboard-write; encrypted-media; gyroscope; picture-in-picture\" allowfullscreen><\/iframe><\/p>\n<p>Seguidamente, U\u00f1ac destac\u00f3 que \u00aben nuestro pa\u00eds debemos perderle el miedo a la discusi\u00f3n que pudo estar asociada a la divisi\u00f3n en 210 a\u00f1os de historia nacional. Discutir es dividir en nuestro pa\u00eds, pero tenemos que cambiar el paradigma para que sea el principio para un gran acuerdo nacional de todos los sectores que tienen algo para aportar\u00bb.<\/p>\n<p>Acto seguido, el gobernador destac\u00f3 a la ciencia y tecnolog\u00eda destinada al servicio del mejor manejo del agua en una zona \u00e1rida como San Juan. \u00abPasar de el riego tradicional al riego tecnificado, en Israel han trabajo en desalinizar el agua del mar y del agua subterr\u00e1nea. Conciencia, cuidado del agua es un recurso cada vez m\u00e1s escaso y m\u00e1s necesario\u00bb.<\/p>\n<p>En ese sentido, destac\u00f3 la inversi\u00f3n de m\u00e1s de 600 millones de pesos para el desarrollo de la Tecnolog\u00eda y el bienestar de los sanjuaninos.<\/p>\n<p>\u00abLa construcci\u00f3n federal implica desandar un camino construido hace muchas d\u00e9cadas. Los argentinos pensaban que el futuro estaba en el puerto de Buenos Aires. Tenemos que desandar ese camino y quienes se fueron puedan contar con el presente y el futuro en cualquier rinc\u00f3n de interior de nuestra patria. Para ello necesitamos a la ciencia y tecnolog\u00eda\u00bb.<\/p>\n<p>Finalmente puso en relieve la realidad del desarrollo econ\u00f3mico y destac\u00f3 el sector de la soja como ejemplo. \u00abQuienes se llevan la mayor porci\u00f3n de la producci\u00f3n son los organismos o empresas que aportan gen\u00e9tica, agroqu\u00edmicos, la tecnolog\u00eda para el desarrollo. Nosotros apuntamos a desarrollar San Juan con m\u00e1s ciencia y m\u00e1s tecnolog\u00eda para que sea transversal a todos los sanjuaninos\u00bb.<\/p>\n<p>Posteriormente, elministro\u00a0nacional destac\u00f3 el viaje a Israel con el gobernador U\u00f1ac y dijo que \u00abtenemos dos coincidencias muy importantes con el gobernador. Uno es el papel de la Ciencia y la Tecnolog\u00eda en un pa\u00eds que necesita del aporte del conocimiento para resolver los problemas de la gente y el otro tema es en mantener pol\u00edticas de Estado. Necesitamos pol\u00edticas de mediano y largo plazo que son las que definen el modelo de pa\u00eds futuro\u00bb.<\/p>\n<p>En ese sentido destac\u00f3 un tercer elemento como la federalizaci\u00f3n de la ciencia y tecnolog\u00eda. Al respecto Filmus explic\u00f3 que \u00abel 85% de la ciencia y tecnolog\u00eda se concentra en la zona metropolitana y central. La Ciudad Universitaria, en una manzana 1000 investigadores del CONICET, otras provincias tienen 5 investigadores y otra ninguna\u00bb, afirm\u00f3 para luego explicar que se votaron por unanimidad dos importantes leyes para la federalizaci\u00f3n de la ciencia.<\/p>\n<p>Luego, puso nuevamente a Israel como ejemplo ya que \u00abes el pa\u00eds que m\u00e1s invierte en Ciencia y Tecnolog\u00eda en el Mundo\u201d.<\/p>\n<p>Tambi\u00e9n valor\u00f3 la visi\u00f3n del pr\u00f3cer sanjuanino Domingo Faustino Sarmiento al contar que \u00abhace 150 a\u00f1os hubo una discusi\u00f3n en el Congreso por el Centro de Astronom\u00eda que se abri\u00f3 en C\u00f3rdoba. Muchos sosten\u00edan que Argentina era muy pobre para invertir en Ciencia, pero Sarmiento y Avellaneda dijeron que justamente por ser pobres deb\u00edan invertir en Ciencia y destacarse\u00bb, afirm\u00f3.<\/p>\n<p>Finalmente, Filmus dijo que \u00abesta prueba piloto que se hace en San Juan es porque tenemos las condiciones y la necesidad de aplicar y desarrollar tecnolog\u00eda, pero tambi\u00e9n el convencimiento de que hace falta invertir en Ciencia y Tecnolog\u00eda para ponerlas al servicio de nuestra gente\u00bb.<\/p>\n<p>A su turno,\u00a0Ruiz, puso en valor el nuevo Centro de Investigaci\u00f3n y destac\u00f3 el trabajo mancomunado para afrontar la gesti\u00f3n del Agua. \u00abEsta uni\u00f3n sin precedentes marcar\u00e1 un antes y un despu\u00e9s para el territorio Nacional. Buscaremos construir una visi\u00f3n org\u00e1nica, amplia e integrada para abordar una problem\u00e1tica tan importante como la emergencia h\u00eddrica\u00bb, asegur\u00f3.<\/p>\n<p>Por su parte, Armando\u00a0S\u00e1nchez\u00a0se mostr\u00f3 orgulloso porque el centro est\u00e1 en Pocito y destac\u00f3 la producci\u00f3n del tomate, ajo, frutas, verduras, hortalizas, olivo, uvas y aceitunas del departamento.<\/p>\n<p>Luego, el presidente del\u00a0INTA\u00a0puso en valor a los distintos organismos que formar\u00e1n parte del Centro y dijo que \u00abla crisis h\u00eddrica es una problem\u00e1tica de la Argentina. Gracias por poner este grano de arena y lograr que en actitud colaborativa las instituciones que la componen puedan crear un mejor futuro para San Juan y toda la Argentina\u00bb.<\/p>\n<p>A continuaci\u00f3n, Marita\u00a0Benavente\u00a0tild\u00f3 de hist\u00f3rica la jornada de hoy y puso en valor el trabajo coordinado del Gobierno de San Juan.<\/p>\n<p>Seguidamente enumer\u00f3 los distintos beneficios e inversiones que est\u00e1 realizando el Gobierno de San Juan y el de Naci\u00f3n en materia de Ciencia en la provincia.<\/p>\n<p>\u00abSe invertir\u00e1n 336 millones de pesos para equipar y armar laboratorios que logren acumular fuerza de la gravedad en las investigaciones sobre el agua\u00bb, afirm\u00f3 en primer lugar.<\/p>\n<p>Despu\u00e9s destac\u00f3 que San Juan cuenta con dos proyectos ganadores en el INTA en la convocatoria Argentina contra el Hambre, que lanz\u00f3 el Ministerio que comanda Daniel Filmus. Explic\u00f3 los proyectos y dijo que \u00abse est\u00e1n invirtiendo 20 millones de pesos en armar una planta modelo que dar\u00e1 valor a los alimentos basados en la quinoa\u00bb.<\/p>\n<p>Adem\u00e1s, la funcionaria cont\u00f3 que otro proyecto que se realiza con un equipo del CONICET, est\u00e1 recibiendo 2 millones de pesos en la investigaci\u00f3n sobre la semilla del zapallo anquito y nuevos desarrollos.<\/p>\n<p>Tambi\u00e9n, asegur\u00f3 que se San Juan est\u00e1 recibiendo 51.600.000 pesos en el Centro de Medicina Traslacional, que recibir\u00e1 100 millones de pesos para Cooperativas de ladrilleros y 700 mil d\u00f3lares para renovaci\u00f3n de artefactos tecnol\u00f3gicos para el observatorio El Leoncito.<\/p>\n<p>Para finalizar, Benavente asegur\u00f3 que \u00abla Ciencia es potente cuando se pone al servicio del pueblo y es vector de transformaci\u00f3n social\u00bb.<\/p>\n<p>En ese sentido afirm\u00f3 que \u00abel Centro potenciar\u00e1 las interacciones entre las instituciones generando una importante sinergia que permita proponer soluciones reales y de impacto para la sociedad sanjuanina\u00bb.<\/p>\n<div class=\"itemBody\">\n<div class=\"itemFullText\">\n<p>Adem\u00e1s de los mencionados, se encontraban en el acto secretario de Agua y Energ\u00eda y director de Hidr\u00e1ulica de San Juan Dalmiro Cantoni; presidente del INTA Mariano Gordillo; presidente del Instituto Nacional del Agua de San Juan, Carlos Bertoni; rector de la UNSJ, Tadeo Berenguer; y vie rectora Anal\u00eda Ponce; subsecretario de Coordinaci\u00f3n Institucional del Ministerio de Ciencia, Tecnolog\u00eda e Innovaci\u00f3n Pablo N\u00fa\u00f1ez; directora de Educaci\u00f3n Experimental Agropecuaria de INTA San Juan M\u00f3nica Ruiz;.<\/p>\n<p>Entre las autoridades de Mendoza, se encontraban director de Innovaci\u00f3n y Desarrollo Econ\u00f3mico Federico Morovito; presidente de la Agencia Mendocina de Innovaci\u00f3n y Tecnolog\u00eda Gabriel Fidel; director del Centro Cient\u00edfico y Tecnol\u00f3gico Fidel Roig<\/p>\n<p>Por San Luis: ministra de Ciencia, tecnolog\u00eda e Innovaci\u00f3n Alicia Ba\u00f1uelos; por La Rioja, el secretario de Ciencia, tecnolog\u00eda e Innovaci\u00f3n Hugo Vera; director de INTA Carlos Parera; autoridades del del Instituto Nacional del Agua: gerente de Programas y Proyectos Maximiliano Lanzetta; subgerencia Regional Jos\u00e9 Pozuri; subgerencia Regional centro Regional de Aguas Subterr\u00e1neas ra\u00fal Tello; representantes de la Mesa del Agua; secretario General de la UOCRA Nacional, Gerardo Mart\u00ednez; Secretario General de la Uni\u00f3n Obrera Ladrillera de la Rep\u00fablica Argentina (UOLRA)., Luis Alberto C\u00e1ceres; Ana Lemos, Secretaria de Interior de la UOLRA (Uni\u00f3n Obrera Ladrillera de la Rep\u00fablica Argentina);delegado local de UOLRA pablo Cornejo e invitado especial, Ing. Tulio Del Bono.<\/p>\n<p><img loading=\"lazy\" decoding=\"async\" class=\"alignnone size-full wp-image-49145\" src=\"https:\/\/vocesparalelas.com.ar\/sitio\/wp-content\/uploads\/2022\/05\/SAN-JUAN-CENTRO-02.jpg\" alt=\"\" width=\"800\" height=\"534\" srcset=\"https:\/\/vocesparalelas.com.ar\/sitio\/wp-content\/uploads\/2022\/05\/SAN-JUAN-CENTRO-02.jpg 800w, https:\/\/vocesparalelas.com.ar\/sitio\/wp-content\/uploads\/2022\/05\/SAN-JUAN-CENTRO-02-300x200.jpg 300w, https:\/\/vocesparalelas.com.ar\/sitio\/wp-content\/uploads\/2022\/05\/SAN-JUAN-CENTRO-02-768x513.jpg 768w\" sizes=\"auto, (max-width: 800px) 100vw, 800px\" \/><\/p>\n<p><span style=\"color: #3366ff;\"><strong>Datos sobre los proyectos<\/strong><\/span><\/p>\n<p><span style=\"color: #3366ff;\"><strong>Centro de Investigaci\u00f3n, Desarrollo e Innovaci\u00f3n para la gesti\u00f3n integral del agua en el \u00e1rido<\/strong><\/span><\/p>\n<p>Un monto de U$D 2,8 millones (aprox. $ 336 millones) se destinar\u00e1n a la creaci\u00f3n del Centro de Investigaci\u00f3n, Desarrollo e Innovaci\u00f3n para la gesti\u00f3n integral del agua en el \u00e1rido, que tendr\u00e1 como objetivo brindar soluciones de mediano y largo plazo al manejo integral y sustentable del recurso h\u00eddrico coordinando los esfuerzos y las agendas de investigaci\u00f3n en torno al agua en toda la regi\u00f3n.<\/p>\n<p>Los fondos se ocupar\u00e1n para acondicionar un edificio ubicado en el predio de la E.E. INTA en Pocito, la edificaci\u00f3n de 3 laboratorios y la compra de equipamiento de \u00faltima generaci\u00f3n para apoyar la tarea de investigaci\u00f3n.<\/p>\n<p>Tambi\u00e9n tendr\u00e1 como finalidad, vincular organismos de Ciencia y T\u00e9cnica nacionales, provinciales y la formaci\u00f3n de RRHH del sector p\u00fablico y privado de la provincia de San Juan con proyecci\u00f3n regional.<\/p>\n<p>El Centro estar\u00e1 coordinado por un comit\u00e9 directivo y un comit\u00e9 cient\u00edfico con representantes del Ministerio de Ciencia y Tecnolog\u00eda de la Naci\u00f3n (MINCyT), Instituto Nacional de Tecnolog\u00edas Agropecuarias (INTA), Instituto Nacional del Agua (INA), Comisi\u00f3n Nacional de Asuntos Espaciales (CONAE), Universidad Nacional de San Juan (UNSJ). Por el Gobierno de San Juan, participar\u00e1n de la coordinaci\u00f3n la Sec. De Estado de Ciencia, Tecnolog\u00eda e Innovaci\u00f3n (SECITI), Ministerio de Obras y Servicios P\u00fablicos (MOSP), Ministerio de Producci\u00f3n y Desarrollo Econ\u00f3mico y la Secretar\u00eda de Estado de Ambiente y Desarrollo Sustentable. Tambi\u00e9n tendr\u00e1 representaci\u00f3n la Mesa del Agua recientemente creada en la provincia por ley. Ser\u00e1 un esfuerzo colectivo, interinstitucional, interdisciplinario en pos del bien com\u00fan, que pondr\u00e1 a San Juan como referencia regional y nacional en los estudios vinculados al agua.<\/p>\n<p><span style=\"color: #3366ff;\"><strong>Proyectos ganadores de la convocatoria \u201cCiencia y Tecnolog\u00eda contra el hambre\u201d<\/strong><\/span><\/p>\n<p>El MINCyT a trav\u00e9s de la Subsecretar\u00eda de Coordinaci\u00f3n Institucional apoya financieramente a investigaciones vinculadas a los alimentos.<\/p>\n<p>En San Juan, la estrategia del gobierno en t\u00e9rminos cient\u00edficos tecnol\u00f3gicos est\u00e1 enfocadas en fortalecer 7 plataformas estrat\u00e9gicas, entre ellas la de Alimentos y semillas. Es preciso acudir a una agenda de soberan\u00eda, seguridad y justicia alimentaria, reconociendo potencialidades de cultivos locales y recuperando saberes en torno a los mismos. Los proyectos sanjuaninos ganadores de la convocatoria resultaron:<\/p>\n<p>\u201cQuinua contra el Hambre\u201d: fortalecimiento tecnol\u00f3gico del Cl\u00faster Quinua Cuyo a trav\u00e9s del desarrollo de una planta modelo de agregado de valor en San Juan\u201d. La Planta se instalar\u00e1 en el Departamento de Pocito, equipo del INTA San Juan, por un monto total de AR$19.156.500. El desarrollo propuesto se centra en obtener quinua cruda escarificada y harina de quinua lista para el consumo directo.<\/p>\n<p>Como el Cl\u00faster Quinua Cuyo utiliza protocolos de producci\u00f3n agroecol\u00f3gicos se espera obtener un producto que cumpla con los est\u00e1ndares internacionales para su comercializaci\u00f3n como alimento. Se espera obtener quinua desaponificada y harina de quinua con precios de venta muy inferiores a los que hoy existen en el mercado. El objetivo es generar un mayor incentivo en su consumo directo, la incorporaci\u00f3n en nuevos alimentos por parte de las industrias alimenticias, y la inclusi\u00f3n en planes de asistencia alimentaria.<\/p>\n<p>\u201cEnsayos de performance de una nueva variedad de zapallo anco: aumento de calidad nutricional y productividad\u201d. Un equipo de CONICET del Centro Cient\u00edfico Tecnol\u00f3gico de San Juan, se hizo acreedor a un monto de $ 1.991.000.<\/p>\n<p><span style=\"color: #3366ff;\"><strong>Equipamiento para Centro de Medicina Traslacional.<\/strong><\/span><\/p>\n<p>Un total de U$D 430.000 (Aprox: $ 51.600.000) se destinar\u00e1n para la compra de equipamiento que integrar\u00e1 en un futuro el Centro de Medicina Traslacional que se planifica para la Provincia.<\/p>\n<p>La Medicina Traslacional tiene como objetivo potenciar la interacci\u00f3n entre disciplinas. \u00c1reas como bioestad\u00edstica, bio\u00e9tica, bioinform\u00e1tica, biolog\u00eda celular y molecular, epidemiolog\u00eda, farmacolog\u00eda (farmacogen\u00e9tica), gen\u00f3mica, prote\u00f3mica o nanotecnolog\u00eda entre otros, se unen a la cl\u00ednica en un entramado con un objetivo com\u00fan: compartir necesidades y soluciones para avanzar en diagn\u00f3stico m\u00e9dico.<\/p>\n<p><span style=\"color: #3366ff;\"><strong>Parque de Producci\u00f3n Social<\/strong><\/span><\/p>\n<p>Destinado a investigar y desarrollar nuevas tecnolog\u00edas para la producci\u00f3n de ladrillos y nuevos materiales para construcci\u00f3n, la Secretar\u00eda de Planeamiento en Pol\u00edticas de Ciencia, Tecnolog\u00eda e Innovaci\u00f3n destin\u00f3 100 millones de pesos a un grupo de cooperativas ladrilleras para sumar formaci\u00f3n e investigaci\u00f3n en el desarrollo de nuevas tecnolog\u00edas para la producci\u00f3n de materiales de construcci\u00f3n, utilizando material reciclado del Complejo Ambiental, avanzando al mismo tiempo en el proceso de desarrollo de la econom\u00eda circular en la provincia.<\/p>\n<p>Esta articulaci\u00f3n entre Estado Nacional y Provincial junto al Sector de la Econom\u00eda Popular, permitir\u00e1 potenciar a un sector clave de la Econom\u00eda Provincial que agrupa unas 150 familias cuyos integrantes son trabajadoras y trabajadores que fabrican ladrillos en condiciones precarias y con procedimientos ancestrales que, en su vinculaci\u00f3n con el sector cient\u00edfico y tecnol\u00f3gico, podr\u00e1n acceder a una experiencia de innovaci\u00f3n productiva y desarrollo de capacidades humanas y sociales.<\/p>\n<p>Este Parque de Producci\u00f3n Social se propone crear un ecosistema innovador en donde el conocimiento ancestral y el cient\u00edfico-t\u00e9cnico interact\u00faen para mejorar la calidad de los productos y servicios que ofrecen las cooperativas ladrilleras.<\/p>\n<p>Los fondos otorgados por el Ministerio de Ciencia, Tecnolog\u00eda e Innovaci\u00f3n ser\u00e1n destinados a la construcci\u00f3n de salas de capacitaci\u00f3n con equipamiento tecnol\u00f3gico, laboratorio de materiales y \u00e1rea de mantenimiento y desarrollo de nuevas tecnolog\u00edas dentro del Parque.<\/p>\n<p><span style=\"color: #3366ff;\"><strong>Fondos para modernizaci\u00f3n tecnol\u00f3gica del Complejo Astron\u00f3mico El Leoncito<\/strong><\/span><\/p>\n<p>El Complejo Astron\u00f3mico El Leoncito (CASLEO) fue creado en 1983 como un centro nacional de servicios a la comunidad astron\u00f3mica y hoy es un observatorio astron\u00f3mico abierto a toda la comunidad cient\u00edfica argentina.<\/p>\n<p>Depende del Consejo Nacional de Investigaciones Cient\u00edficas y T\u00e9cnicas (CONICET) y de las Universidades Nacionales de La Plata (UNLP), C\u00f3rdoba (UNC), y San Juan (UNSJ).<\/p>\n<p>Las observaciones obtenidas en el CASLEO han dado lugar a m\u00e1s de 60 tesis universitarias de grado y de doctorado, as\u00ed como a m\u00e1s de 1200 publicaciones cient\u00edficas, la mitad de ellas en revistas internacionales, pero adem\u00e1s configuran un ecosistema cient\u00edfico astron\u00f3mico que se vincula a la actividad de turismo astron\u00f3mico de la provincia con un gran compromiso con la tarea de divulgaci\u00f3n cient\u00edfica. El Ministerio de Ciencia, Tecnolog\u00eda e Innovaci\u00f3n invertir\u00e1 $84.000.000 para modernizaci\u00f3n tecnol\u00f3gica de este Centro.<\/p>\n<p><span style=\"color: #3366ff;\"><strong>Dispositivos CO2<\/strong><\/span><\/p>\n<p>Los clubes de ciencias son asociaciones de ni\u00f1os, ni\u00f1as y j\u00f3venes que, guiados por un profesor tutor, llevan a cabo proyectos cient\u00edficos.<\/p>\n<p>Se busca, por medio de estos clubes, el acercamiento a la ciencia a trav\u00e9s de actividades l\u00fadicas y del aprendizaje basado en proyectos; y el despertar vocaciones tempranas en las diferentes ramas de la ciencia.<\/p>\n<p>En el a\u00f1o 2021 se puso en marcha un proyecto para armar dispositivos para medir el di\u00f3xido de carbono en diferentes ambientes.<\/p>\n<p>Para ello se provey\u00f3 a los clubes que integran dicha red los componentes necesarios para el armado de los mismos.<\/p>\n<p>La Escuela Industrial creada hace 150 a\u00f1os por Domingo Faustino Sarmiento como Escuela de Minas, se distingue por poseer 13 clubes de ciencias.<\/p>\n<p>Esta fortaleza motiv\u00f3 que fueran convocados para ensamblar 38 dispositivos detectores de di\u00f3xido de carbono por los alumnos de los clubes de \u201cSoluciones Electr\u00f3nicas, el \u201cClub de Programaci\u00f3n\u201d y el \u201cClub de Rob\u00f3tica\u201d , que ser\u00e1n entregados a distintas escuelas e instituciones estatales de la provincia de San Juan.<\/p>\n<\/div>\n<div class=\"clr\"><\/div>\n<div class=\"itemContentFooter\">\n<p><span class=\"itemDateModified\">Publicado el Lunes, 23 Mayo 2022\u00a0<\/span><\/p>\n<div class=\"clr\"><\/div>\n<\/div>\n<div class=\"clr\"><\/div>\n<\/div>\n<div class=\"itemSocialSharing\"><\/div>\n<div class=\"itemBackToTop\"><\/div>\n","protected":false},"excerpt":{"rendered":"<p>En la jornada del Lunes, 23 de Mayo de 2022, el gobernador de San Juan, Dr. Sergio U\u00f1ac recibi\u00f3 la<\/p>\n","protected":false},"author":3,"featured_media":49142,"comment_status":"closed","ping_status":"closed","sticky":false,"template":"","format":"video","meta":{"_acf_changed":false,"_seopress_robots_primary_cat":"none","_seopress_titles_title":"","_seopress_titles_desc":"","_seopress_robots_index":"","colormag_page_container_layout":"default_layout","colormag_page_sidebar_layout":"default_layout","footnotes":""},"categories":[1,7],"tags":[],"class_list":["post-49140","post","type-post","status-publish","format-video","has-post-thumbnail","hentry","category-destacadas","category-videos","post_format-post-format-video"],"acf":[],"_links":{"self":[{"href":"https:\/\/vocesparalelas.com.ar\/sitio\/wp-json\/wp\/v2\/posts\/49140","targetHints":{"allow":["GET"]}}],"collection":[{"href":"https:\/\/vocesparalelas.com.ar\/sitio\/wp-json\/wp\/v2\/posts"}],"about":[{"href":"https:\/\/vocesparalelas.com.ar\/sitio\/wp-json\/wp\/v2\/types\/post"}],"author":[{"embeddable":true,"href":"https:\/\/vocesparalelas.com.ar\/sitio\/wp-json\/wp\/v2\/users\/3"}],"replies":[{"embeddable":true,"href":"https:\/\/vocesparalelas.com.ar\/sitio\/wp-json\/wp\/v2\/comments?post=49140"}],"version-history":[{"count":3,"href":"https:\/\/vocesparalelas.com.ar\/sitio\/wp-json\/wp\/v2\/posts\/49140\/revisions"}],"predecessor-version":[{"id":49147,"href":"https:\/\/vocesparalelas.com.ar\/sitio\/wp-json\/wp\/v2\/posts\/49140\/revisions\/49147"}],"wp:featuredmedia":[{"embeddable":true,"href":"https:\/\/vocesparalelas.com.ar\/sitio\/wp-json\/wp\/v2\/media\/49142"}],"wp:attachment":[{"href":"https:\/\/vocesparalelas.com.ar\/sitio\/wp-json\/wp\/v2\/media?parent=49140"}],"wp:term":[{"taxonomy":"category","embeddable":true,"href":"https:\/\/vocesparalelas.com.ar\/sitio\/wp-json\/wp\/v2\/categories?post=49140"},{"taxonomy":"post_tag","embeddable":true,"href":"https:\/\/vocesparalelas.com.ar\/sitio\/wp-json\/wp\/v2\/tags?post=49140"}],"curies":[{"name":"wp","href":"https:\/\/api.w.org\/{rel}","templated":true}]}}