{"id":49104,"date":"2022-05-20T22:37:26","date_gmt":"2022-05-21T01:37:26","guid":{"rendered":"https:\/\/vocesparalelas.com.ar\/sitio\/?p=49104"},"modified":"2022-05-24T00:12:23","modified_gmt":"2022-05-24T03:12:23","slug":"nuevos-procedimientos-para-testeos-por-covid-19-en-san-juan","status":"publish","type":"post","link":"https:\/\/vocesparalelas.com.ar\/sitio\/nuevos-procedimientos-para-testeos-por-covid-19-en-san-juan\/","title":{"rendered":"Nuevos procedimientos para testeos por COVID-19 en San Juan"},"content":{"rendered":"<div class=\"itemFullText\">\n<p>El Ministerio de Salud P\u00fablica del Gobierno de San Juan prioriza para testear por COVID-19 a personas con enfermedades respiratorias que pertenezcan a los siguientes grupos de riesgo:<\/p>\n<ul>\n<li>Personas mayores de 50 a\u00f1os y con condiciones de riesgo.<\/li>\n<li>Poblaciones especiales: personas que residan, trabajen o asistan a \u00e1mbitos que por las caracter\u00edsticas propias presentan mayor riesgo de transmisi\u00f3n o generaci\u00f3n de brotes (instituciones carcelarias, instituciones de salud, centros con personas institucionalizadas, personas que trabajen o presten cuidado a personas vulnerables).<\/li>\n<li>Personas con antecedente de viaje en \u00faltimos 14 d\u00edas en una regi\u00f3n en la que est\u00e9 circulando una variante de inter\u00e9s o de preocupaci\u00f3n que no est\u00e9n circulando en el pa\u00eds.<\/li>\n<li>Personas con enfermedad grave (internados), o fallecidos y casos inusitados.<\/li>\n<li>En ocasi\u00f3n de la investigaci\u00f3n y control de brotes.<\/li>\n<\/ul>\n<p>Las personas que no formen parte de estos grupos de riesgo pueden acceder a testearse con la indicaci\u00f3n de un m\u00e9dico.<\/p>\n<\/div>\n<div class=\"clr\"><\/div>\n<div class=\"itemContentFooter\"><span class=\"itemDateModified\">Publicado el Viernes, 20 Mayo 2022<\/span><\/div>\n<div><\/div>\n<div><\/div>\n<div><\/div>\n","protected":false},"excerpt":{"rendered":"<p>El Ministerio de Salud P\u00fablica del Gobierno de San Juan prioriza para testear por COVID-19 a personas con enfermedades respiratorias<\/p>\n","protected":false},"author":3,"featured_media":41491,"comment_status":"closed","ping_status":"closed","sticky":false,"template":"","format":"standard","meta":{"_acf_changed":false,"_seopress_robots_primary_cat":"none","_seopress_titles_title":"","_seopress_titles_desc":"","_seopress_robots_index":"","colormag_page_container_layout":"default_layout","colormag_page_sidebar_layout":"default_layout","footnotes":""},"categories":[6],"tags":[],"class_list":["post-49104","post","type-post","status-publish","format-standard","has-post-thumbnail","hentry","category-eventos"],"acf":[],"_links":{"self":[{"href":"https:\/\/vocesparalelas.com.ar\/sitio\/wp-json\/wp\/v2\/posts\/49104","targetHints":{"allow":["GET"]}}],"collection":[{"href":"https:\/\/vocesparalelas.com.ar\/sitio\/wp-json\/wp\/v2\/posts"}],"about":[{"href":"https:\/\/vocesparalelas.com.ar\/sitio\/wp-json\/wp\/v2\/types\/post"}],"author":[{"embeddable":true,"href":"https:\/\/vocesparalelas.com.ar\/sitio\/wp-json\/wp\/v2\/users\/3"}],"replies":[{"embeddable":true,"href":"https:\/\/vocesparalelas.com.ar\/sitio\/wp-json\/wp\/v2\/comments?post=49104"}],"version-history":[{"count":1,"href":"https:\/\/vocesparalelas.com.ar\/sitio\/wp-json\/wp\/v2\/posts\/49104\/revisions"}],"predecessor-version":[{"id":49106,"href":"https:\/\/vocesparalelas.com.ar\/sitio\/wp-json\/wp\/v2\/posts\/49104\/revisions\/49106"}],"wp:featuredmedia":[{"embeddable":true,"href":"https:\/\/vocesparalelas.com.ar\/sitio\/wp-json\/wp\/v2\/media\/41491"}],"wp:attachment":[{"href":"https:\/\/vocesparalelas.com.ar\/sitio\/wp-json\/wp\/v2\/media?parent=49104"}],"wp:term":[{"taxonomy":"category","embeddable":true,"href":"https:\/\/vocesparalelas.com.ar\/sitio\/wp-json\/wp\/v2\/categories?post=49104"},{"taxonomy":"post_tag","embeddable":true,"href":"https:\/\/vocesparalelas.com.ar\/sitio\/wp-json\/wp\/v2\/tags?post=49104"}],"curies":[{"name":"wp","href":"https:\/\/api.w.org\/{rel}","templated":true}]}}