{"id":49093,"date":"2022-05-20T22:00:59","date_gmt":"2022-05-21T01:00:59","guid":{"rendered":"https:\/\/vocesparalelas.com.ar\/sitio\/?p=49093"},"modified":"2022-05-20T22:00:59","modified_gmt":"2022-05-21T01:00:59","slug":"se-adhirio-a-la-ley-de-cupo-laboral-trans-travesti-la-unsj","status":"publish","type":"post","link":"https:\/\/vocesparalelas.com.ar\/sitio\/se-adhirio-a-la-ley-de-cupo-laboral-trans-travesti-la-unsj\/","title":{"rendered":"Se adhiri\u00f3 a la Ley de cupo laboral trans-travesti la UNSJ"},"content":{"rendered":"<p>En su sesi\u00f3n de ayer, el Consejo Superior de la UNSJ decidi\u00f3, por unanimidad, adherir a la Ley 27636 de Cupo Laboral para personas Travestis, Transg\u00e9nero y Transexuales \u201cDiana Sacay\u00e1n-Lohana Berkins\u201d. Para su implementaci\u00f3n, se dispuso tambi\u00e9n la creaci\u00f3n de una comisi\u00f3n ad-hoc que tendr\u00e1 a su cargo la reglamentaci\u00f3n interna, que tendr\u00e1 amplia participaci\u00f3n de distintos sectores y que deber\u00e1 dar a conocer tal reglamentaci\u00f3n en un plazo de 45 d\u00edas como m\u00e1ximo.<\/p>\n<p>Con importante marco de p\u00fablico, en la persona de representantes de distintas organizaciones sociales, las y los miembros del Consejo Superior escucharon la exposici\u00f3n de la responsable de la Oficina de G\u00e9nero, Dra. Ana Carrizo, quien explic\u00f3 los alcances de la ley, su historia y contenido. Luego, a propuesta del estamento estudiantil, se escuch\u00f3 la voz de diferentes representantes de organizaciones sociales, que calificaron la adhesi\u00f3n a la ley por parte de la UNSJ como \u201cun antes y un despu\u00e9s para los colectivos de la provincia\u201d.<\/p>\n<p><span style=\"color: #3366ff;\"><strong>Otros temas<\/strong><\/span><\/p>\n<p>Resolvi\u00f3 por amplia mayor\u00eda adherir al C\u00f3digo de \u00c9tica para la Televisi\u00f3n P\u00fablica, que se enmarca en la Ley de Medios de Comunicaci\u00f3n Audiovisuales. La medida servir\u00e1 como marco de referencia para la elaboraci\u00f3n de un c\u00f3digo espec\u00edfico, que comprenda no s\u00f3lo a Xama TV, el canal universitario, sino tambi\u00e9n a Radio Universidad.<\/p>\n<p>Al exponer las caracter\u00edsticas del C\u00f3digo de \u00c9tica, el secretario de Comunicaci\u00f3n, Omar Cereso, se\u00f1al\u00f3 que \u201ccontiene gu\u00edas que regulan el ejercicio de la profesi\u00f3n de los comunicadores en los medios p\u00fablicos y tambi\u00e9n es un compendio de normativa, concentrando el camino por el cual debemos transitar\u201d.<\/p>\n<p>\u201cLa Ley de 26.522 -remarc\u00f3- es la que establece que debe generarse un C\u00f3digo de \u00c9tica para los medios p\u00fablicos. De ah\u00ed que nace el primero para la Argentina, que es \u00e9ste que fue presentado el a\u00f1o pasado, en el marco de los 70 a\u00f1os de la Televisi\u00f3n P\u00fablica, con una metodolog\u00eda de gestaci\u00f3n muy interesante, porque fue participativo para los trabajadores del canal y representantes gremiales\u201d.<\/p>\n<p>El Lic. Omar Cereso tambi\u00e9n explic\u00f3 que una vez aprobado este C\u00f3digo, se invit\u00f3 a adherir al mismo \u201ccomo instancia previa o como \u201cparaguas\u201d de referencia para debatir espec\u00edficamente los c\u00f3digos que hacen a nuestros medios de comunicaci\u00f3n. Nuestro canal Xama pertenece al Consejo Federal de la Televisi\u00f3n P\u00fablica, que tambi\u00e9n ha adherido. Cuando lo conversamos con las autoridades, nos pareci\u00f3 importante que sea conocido como punto de partida para la construcci\u00f3n de nuestro c\u00f3digo\u201d.<\/p>\n<p>Otras universidades tambi\u00e9n se abocaron al debate y consideraci\u00f3n del C\u00f3digo de \u00c9tica, algo que el funcionario consider\u00f3 de \u201cvital importancia\u201d. \u201cTodos conocemos la injerencia que tienen los medios en la construcci\u00f3n de ciudadan\u00eda y lo que significa para la vida en democracia. Dif\u00edcil es pensar que una iniciativa como \u00e9sta venga de los medios privados, somos los medios p\u00fablicos los que tenemos que tomar la iniciativa\u201d, asegur\u00f3.<\/p>\n<p>\u201cEsta aprobaci\u00f3n -dijo-implica una adhesi\u00f3n a impulsar el debate interno en nuestra universidad y la voluntad de la gesti\u00f3n es hacerlo de manera participativa, convocando a especialistas del departamento de Comunicaci\u00f3n Social. En la comisi\u00f3n que consider\u00f3 la adhesi\u00f3n, se gener\u00f3 alguna opini\u00f3n en contrario, que calific\u00f3 al C\u00f3digo de \u00c9tica como una l\u00ednea editorial muy ideologizada. Todo c\u00f3digo de \u00c9tica se sustenta en ideas y paradigmas y en este caso, se sustenta en el paradigma de los derechos humanos, entendiendo a la comunicaci\u00f3n como un derecho humano y desde esa mirada se plantea\u201d.<\/p>\n<p>En defensa de la propuesta, habl\u00f3 tambi\u00e9n la docente e investigadora de la carrera de Comunicaci\u00f3n Social, Lic. Cecilia Yornet, quien adelant\u00f3 su apoyo a la adhesi\u00f3n y se\u00f1al\u00f3 la importancia de la iniciativa para los medios universitarios.<\/p>\n<p>En otro orden, las comisiones internas del Consejo Superior avanzaron en la aprobaci\u00f3n de distintos expedientes, algunos de los cuales eran de larga data. Tal es el caso de la comisi\u00f3n de Extensi\u00f3n, que present\u00f3 para su aprobaci\u00f3n m\u00e1s de 90 expedientes de a\u00f1os anteriores, que permanec\u00edan sin resoluci\u00f3n por parte del cuerpo, algunos de los cuales fueron archivados y otros, refrendados.<\/p>\n","protected":false},"excerpt":{"rendered":"<p>En su sesi\u00f3n de ayer, el Consejo Superior de la UNSJ decidi\u00f3, por unanimidad, adherir a la Ley 27636 de<\/p>\n","protected":false},"author":3,"featured_media":43407,"comment_status":"closed","ping_status":"closed","sticky":false,"template":"","format":"standard","meta":{"_acf_changed":false,"_seopress_robots_primary_cat":"none","_seopress_titles_title":"","_seopress_titles_desc":"","_seopress_robots_index":"","colormag_page_container_layout":"default_layout","colormag_page_sidebar_layout":"default_layout","footnotes":""},"categories":[1],"tags":[],"class_list":["post-49093","post","type-post","status-publish","format-standard","has-post-thumbnail","hentry","category-destacadas"],"acf":[],"_links":{"self":[{"href":"https:\/\/vocesparalelas.com.ar\/sitio\/wp-json\/wp\/v2\/posts\/49093","targetHints":{"allow":["GET"]}}],"collection":[{"href":"https:\/\/vocesparalelas.com.ar\/sitio\/wp-json\/wp\/v2\/posts"}],"about":[{"href":"https:\/\/vocesparalelas.com.ar\/sitio\/wp-json\/wp\/v2\/types\/post"}],"author":[{"embeddable":true,"href":"https:\/\/vocesparalelas.com.ar\/sitio\/wp-json\/wp\/v2\/users\/3"}],"replies":[{"embeddable":true,"href":"https:\/\/vocesparalelas.com.ar\/sitio\/wp-json\/wp\/v2\/comments?post=49093"}],"version-history":[{"count":1,"href":"https:\/\/vocesparalelas.com.ar\/sitio\/wp-json\/wp\/v2\/posts\/49093\/revisions"}],"predecessor-version":[{"id":49096,"href":"https:\/\/vocesparalelas.com.ar\/sitio\/wp-json\/wp\/v2\/posts\/49093\/revisions\/49096"}],"wp:featuredmedia":[{"embeddable":true,"href":"https:\/\/vocesparalelas.com.ar\/sitio\/wp-json\/wp\/v2\/media\/43407"}],"wp:attachment":[{"href":"https:\/\/vocesparalelas.com.ar\/sitio\/wp-json\/wp\/v2\/media?parent=49093"}],"wp:term":[{"taxonomy":"category","embeddable":true,"href":"https:\/\/vocesparalelas.com.ar\/sitio\/wp-json\/wp\/v2\/categories?post=49093"},{"taxonomy":"post_tag","embeddable":true,"href":"https:\/\/vocesparalelas.com.ar\/sitio\/wp-json\/wp\/v2\/tags?post=49093"}],"curies":[{"name":"wp","href":"https:\/\/api.w.org\/{rel}","templated":true}]}}