{"id":49086,"date":"2022-05-20T21:39:10","date_gmt":"2022-05-21T00:39:10","guid":{"rendered":"https:\/\/vocesparalelas.com.ar\/sitio\/?p=49086"},"modified":"2022-05-24T00:13:09","modified_gmt":"2022-05-24T03:13:09","slug":"firma-del-acta-complementaria-para-la-diplomatura-en-extension-en-competencias-digitales","status":"publish","type":"post","link":"https:\/\/vocesparalelas.com.ar\/sitio\/firma-del-acta-complementaria-para-la-diplomatura-en-extension-en-competencias-digitales\/","title":{"rendered":"Firma del Acta Complementaria para la Diplomatura en Extensi\u00f3n en Competencias Digitales"},"content":{"rendered":"<p>El Viernes, 20 de Mayo de 2022, en el edificio de la Municipalidad de Pocito se realiz\u00f3 la firma de un Acta Complementaria entre la Facultad de Ciencias Exactas, F\u00edsicas y Naturales de la Universidad Nacional de San Juan y la Municipalidad de Pocito.<\/p>\n<figure id=\"attachment_49088\" aria-describedby=\"caption-attachment-49088\" style=\"width: 800px\" class=\"wp-caption alignnone\"><img loading=\"lazy\" decoding=\"async\" class=\"size-full wp-image-49088\" src=\"https:\/\/vocesparalelas.com.ar\/sitio\/wp-content\/uploads\/2022\/05\/FCEFN-POCITO-1.jpg\" alt=\"\" width=\"800\" height=\"533\" srcset=\"https:\/\/vocesparalelas.com.ar\/sitio\/wp-content\/uploads\/2022\/05\/FCEFN-POCITO-1.jpg 800w, https:\/\/vocesparalelas.com.ar\/sitio\/wp-content\/uploads\/2022\/05\/FCEFN-POCITO-1-300x200.jpg 300w, https:\/\/vocesparalelas.com.ar\/sitio\/wp-content\/uploads\/2022\/05\/FCEFN-POCITO-1-768x512.jpg 768w\" sizes=\"auto, (max-width: 800px) 100vw, 800px\" \/><figcaption id=\"caption-attachment-49088\" class=\"wp-caption-text\">Decano de la FCEFN de la UNSJ, Ing. Rodolfo Bloch<\/figcaption><\/figure>\n<p><img loading=\"lazy\" decoding=\"async\" class=\"size-full wp-image-49089\" src=\"https:\/\/vocesparalelas.com.ar\/sitio\/wp-content\/uploads\/2022\/05\/FCEFN-POCITO-2.jpg\" alt=\"\" width=\"800\" height=\"533\" srcset=\"https:\/\/vocesparalelas.com.ar\/sitio\/wp-content\/uploads\/2022\/05\/FCEFN-POCITO-2.jpg 800w, https:\/\/vocesparalelas.com.ar\/sitio\/wp-content\/uploads\/2022\/05\/FCEFN-POCITO-2-300x200.jpg 300w, https:\/\/vocesparalelas.com.ar\/sitio\/wp-content\/uploads\/2022\/05\/FCEFN-POCITO-2-768x512.jpg 768w\" sizes=\"auto, (max-width: 800px) 100vw, 800px\" \/><\/p>\n<p>Intendente de la Municipalidad de Pocito, Armando S\u00e1nchezCon esta firma se formaliza la ejecuci\u00f3n del proyecto \u201cCompetencias Digitales Pocito\u201d, una iniciativa presentada por el Ing. Am\u00e9rico Sirvente, a la Secretar\u00eda de Pol\u00edticas Universitarias.<\/p>\n<p>En el acto estuvieron presentes el decano de la FCEFN de la UNSJ, Ing. Rodolfo Bloch; la vicedecana, Dra. Natalia Nu\u00f1ez; el intendente de la Municipalidad de Pocito, Armando S\u00e1nchez; el Ing. Am\u00e9rico Sirvente, coordinador del proyecto \u201cCompetencias Digitales Pocito\u201d, docentes, supervisoras de distintas \u00e1reas de educaci\u00f3n de Pocito, estudiantes y colaboradores del proyecto.<\/p>\n<p>El proyecto tiene una duraci\u00f3n de dos a\u00f1os, est\u00e1 destinado a docentes del departamento de Pocito de los distintos niveles educativos y el objetivo es mejorar habilidades tecnol\u00f3gicas y encarar las actividades post pandemia en condiciones adecuadas.<\/p>\n<p>Los docentes que realicen la capacitaci\u00f3n obtienen el t\u00edtulo de Diplomatura en Extensi\u00f3n en Competencias Digitales.<\/p>\n<p>El Ing. Am\u00e9rico Sirvente brind\u00f3 una charla explicativa de c\u00f3mo se gest\u00f3 el proyecto y qu\u00e9 consiste la Diplomatura en Extensi\u00f3n en Competencias Digitales.<\/p>\n<p><img loading=\"lazy\" decoding=\"async\" class=\"alignnone size-full wp-image-49090\" src=\"https:\/\/vocesparalelas.com.ar\/sitio\/wp-content\/uploads\/2022\/05\/FCEFN-POCITO-4.jpg\" alt=\"\" width=\"800\" height=\"533\" srcset=\"https:\/\/vocesparalelas.com.ar\/sitio\/wp-content\/uploads\/2022\/05\/FCEFN-POCITO-4.jpg 800w, https:\/\/vocesparalelas.com.ar\/sitio\/wp-content\/uploads\/2022\/05\/FCEFN-POCITO-4-300x200.jpg 300w, https:\/\/vocesparalelas.com.ar\/sitio\/wp-content\/uploads\/2022\/05\/FCEFN-POCITO-4-768x512.jpg 768w\" sizes=\"auto, (max-width: 800px) 100vw, 800px\" \/><\/p>\n<p>&nbsp;<\/p>\n<p>&nbsp;<\/p>\n<p>&nbsp;<\/p>\n<p>&nbsp;<\/p>\n","protected":false},"excerpt":{"rendered":"<p>El Viernes, 20 de Mayo de 2022, en el edificio de la Municipalidad de Pocito se realiz\u00f3 la firma de<\/p>\n","protected":false},"author":3,"featured_media":49091,"comment_status":"closed","ping_status":"closed","sticky":false,"template":"","format":"standard","meta":{"_acf_changed":false,"_seopress_robots_primary_cat":"none","_seopress_titles_title":"","_seopress_titles_desc":"","_seopress_robots_index":"","colormag_page_container_layout":"default_layout","colormag_page_sidebar_layout":"default_layout","footnotes":""},"categories":[15],"tags":[],"class_list":["post-49086","post","type-post","status-publish","format-standard","has-post-thumbnail","hentry","category-posgrados"],"acf":[],"_links":{"self":[{"href":"https:\/\/vocesparalelas.com.ar\/sitio\/wp-json\/wp\/v2\/posts\/49086","targetHints":{"allow":["GET"]}}],"collection":[{"href":"https:\/\/vocesparalelas.com.ar\/sitio\/wp-json\/wp\/v2\/posts"}],"about":[{"href":"https:\/\/vocesparalelas.com.ar\/sitio\/wp-json\/wp\/v2\/types\/post"}],"author":[{"embeddable":true,"href":"https:\/\/vocesparalelas.com.ar\/sitio\/wp-json\/wp\/v2\/users\/3"}],"replies":[{"embeddable":true,"href":"https:\/\/vocesparalelas.com.ar\/sitio\/wp-json\/wp\/v2\/comments?post=49086"}],"version-history":[{"count":1,"href":"https:\/\/vocesparalelas.com.ar\/sitio\/wp-json\/wp\/v2\/posts\/49086\/revisions"}],"predecessor-version":[{"id":49092,"href":"https:\/\/vocesparalelas.com.ar\/sitio\/wp-json\/wp\/v2\/posts\/49086\/revisions\/49092"}],"wp:featuredmedia":[{"embeddable":true,"href":"https:\/\/vocesparalelas.com.ar\/sitio\/wp-json\/wp\/v2\/media\/49091"}],"wp:attachment":[{"href":"https:\/\/vocesparalelas.com.ar\/sitio\/wp-json\/wp\/v2\/media?parent=49086"}],"wp:term":[{"taxonomy":"category","embeddable":true,"href":"https:\/\/vocesparalelas.com.ar\/sitio\/wp-json\/wp\/v2\/categories?post=49086"},{"taxonomy":"post_tag","embeddable":true,"href":"https:\/\/vocesparalelas.com.ar\/sitio\/wp-json\/wp\/v2\/tags?post=49086"}],"curies":[{"name":"wp","href":"https:\/\/api.w.org\/{rel}","templated":true}]}}