{"id":49080,"date":"2022-05-19T22:49:58","date_gmt":"2022-05-20T01:49:58","guid":{"rendered":"https:\/\/vocesparalelas.com.ar\/sitio\/?p=49080"},"modified":"2022-05-21T00:11:23","modified_gmt":"2022-05-21T03:11:23","slug":"7-jornadas-de-membrillos-del-sol-en-san-juan","status":"publish","type":"post","link":"https:\/\/vocesparalelas.com.ar\/sitio\/7-jornadas-de-membrillos-del-sol-en-san-juan\/","title":{"rendered":"7\u00b0 Jornadas de Membrillos del Sol en San Juan"},"content":{"rendered":"<p>El Ministerio de Producci\u00f3n y Desarrollo Econ\u00f3mico del Gobierno de San Juan a trav\u00e9s de la Secretar\u00eda de Agricultura, Ganader\u00eda y Agroindustria y la Direcci\u00f3n de Desarrollo Agr\u00edcola realiza una serie de charlas en el marco de las 7\u00b0 Jornadas de Membrillos del Sol.<\/p>\n<p>Las mismas tienen lugar el Jueves, 26 de Mayo, a las 16:30 horas en la Sala de Capacitaci\u00f3n de dicha direcci\u00f3n, Avenida Jos\u00e9 Ignacio de la Roza 316 &#8211; O &#8211; Capital.<\/p>\n<p>Los docentes de la Universidad Nacional de San Juan, profesionales del Instituto Nacional de Tecnolog\u00eda Agropecuaria y del Ministerio de Producci\u00f3n brindan conocimientos sobre diversas tem\u00e1ticas entorno al membrillo.<\/p>\n<p><span style=\"color: #99cc00;\"><strong>El cronograma de charlas<\/strong><\/span><\/p>\n<p>1-Programa de Desarrollo de la Cadena de Valor de Membrillo. Disertantes: ServInnAgro &#8211; Ing. Mart\u00edn Sastre &#8211; Enzo Bravo.<\/p>\n<p>2- Charla informativa de Sanidad Vegetal a cargo de la Direcci\u00f3n de Sanidad Vegetal Animal y Alimentos.<\/p>\n<p>3- Manejo agroecol\u00f3gico de plagas: \u00abTengo Carpocapsa, \u00bfqu\u00e9 hago?\u201d. Disertante: Ing. Carolina Sosa INTA &#8211; San Juan.<\/p>\n<p>4-\u00abManejo cultural de montes de membrillo\u00bb. Disertante: Ing. Agr. Yanina Guzm\u00e1n, Ing. Agr. Mar\u00eda P\u00eda G\u00f3mez y Sayra Jaled, C\u00e1tedra Fruticultura del Dpto. de Ing. Agron\u00f3mica<\/p>\n<p><strong><span style=\"color: #99cc00;\">Informaci\u00f3n o consulta<\/span><\/strong><\/p>\n<p>Comunicarse con la Direcci\u00f3n de Desarrollo Agr\u00edcola al 42101790 o al correo electr\u00f3nico: <span id=\"cloak0080b371009c16b9904069230cfc3a4a\"><a href=\"mailto:desarrolloagricola@sanjuan.gov.ar\">desarrolloagricola@sanjuan.gov.ar<\/a><\/span><\/p>\n<p>&nbsp;<\/p>\n<p>&nbsp;<\/p>\n","protected":false},"excerpt":{"rendered":"<p>El Ministerio de Producci\u00f3n y Desarrollo Econ\u00f3mico del Gobierno de San Juan a trav\u00e9s de la Secretar\u00eda de Agricultura, Ganader\u00eda<\/p>\n","protected":false},"author":3,"featured_media":11836,"comment_status":"closed","ping_status":"closed","sticky":false,"template":"","format":"standard","meta":{"_acf_changed":false,"_seopress_robots_primary_cat":"none","_seopress_titles_title":"","_seopress_titles_desc":"","_seopress_robots_index":"","colormag_page_container_layout":"default_layout","colormag_page_sidebar_layout":"default_layout","footnotes":""},"categories":[9],"tags":[],"class_list":["post-49080","post","type-post","status-publish","format-standard","has-post-thumbnail","hentry","category-cursos"],"acf":[],"_links":{"self":[{"href":"https:\/\/vocesparalelas.com.ar\/sitio\/wp-json\/wp\/v2\/posts\/49080","targetHints":{"allow":["GET"]}}],"collection":[{"href":"https:\/\/vocesparalelas.com.ar\/sitio\/wp-json\/wp\/v2\/posts"}],"about":[{"href":"https:\/\/vocesparalelas.com.ar\/sitio\/wp-json\/wp\/v2\/types\/post"}],"author":[{"embeddable":true,"href":"https:\/\/vocesparalelas.com.ar\/sitio\/wp-json\/wp\/v2\/users\/3"}],"replies":[{"embeddable":true,"href":"https:\/\/vocesparalelas.com.ar\/sitio\/wp-json\/wp\/v2\/comments?post=49080"}],"version-history":[{"count":1,"href":"https:\/\/vocesparalelas.com.ar\/sitio\/wp-json\/wp\/v2\/posts\/49080\/revisions"}],"predecessor-version":[{"id":49082,"href":"https:\/\/vocesparalelas.com.ar\/sitio\/wp-json\/wp\/v2\/posts\/49080\/revisions\/49082"}],"wp:featuredmedia":[{"embeddable":true,"href":"https:\/\/vocesparalelas.com.ar\/sitio\/wp-json\/wp\/v2\/media\/11836"}],"wp:attachment":[{"href":"https:\/\/vocesparalelas.com.ar\/sitio\/wp-json\/wp\/v2\/media?parent=49080"}],"wp:term":[{"taxonomy":"category","embeddable":true,"href":"https:\/\/vocesparalelas.com.ar\/sitio\/wp-json\/wp\/v2\/categories?post=49080"},{"taxonomy":"post_tag","embeddable":true,"href":"https:\/\/vocesparalelas.com.ar\/sitio\/wp-json\/wp\/v2\/tags?post=49080"}],"curies":[{"name":"wp","href":"https:\/\/api.w.org\/{rel}","templated":true}]}}