{"id":49050,"date":"2022-05-19T21:33:29","date_gmt":"2022-05-20T00:33:29","guid":{"rendered":"https:\/\/vocesparalelas.com.ar\/sitio\/?p=49050"},"modified":"2022-05-19T21:33:29","modified_gmt":"2022-05-20T00:33:29","slug":"entregaron-141-viviendas-del-barrio-gran-libertador-en-el-departamento-rivadavia","status":"publish","type":"post","link":"https:\/\/vocesparalelas.com.ar\/sitio\/entregaron-141-viviendas-del-barrio-gran-libertador-en-el-departamento-rivadavia\/","title":{"rendered":"Entregaron 141 viviendas del Barrio Gran Libertador en el Departamento Rivadavia"},"content":{"rendered":"<p>Pasado el mediod\u00eda del Jueves, 19 de Mayo de 2022, el gobernador de San Juan, Dr. Sergio U\u00f1ac junto al presidente Dr. Alberto Fern\u00e1ndez y el ministro de Desarrollo Territorial y H\u00e1bitat de la Naci\u00f3n, Ing. Jorge Ferraresi, entregaron las llaves del barrio Gran Libertador, en el departamento Rivadavia.<\/p>\n<p>La inauguraci\u00f3n del complejo de viviendas fue parte de la actividad presidencial en San Juan, sumada a la visita que los funcionarios realizaron a la obra del Barrio Las Pampas, en Pocito.<\/p>\n<p>Acompa\u00f1aron a los mandatarios el vicegobernador de San Juan, CPN Roberto Gattoni; los senadores Dr. Rub\u00e9n U\u00f1ac y LIc. Cristina L\u00f3pez; los diputados nacionales Walberto Allende y Dra. Fabiola Aubone; el ministro de Obras y Servicios P\u00fablicos, Ing. Julio Ortiz Andino; el secretario de Vivienda y H\u00e1bitat de San Juan, Robert Garc\u00e9s y el director del IPV, Arq. Marcelo Yornet. Tambi\u00e9n participaron en el acto el secretario de Seguridad, Dr. Carlos Munisaga; el subsecretario de la Unidad Gobernaci\u00f3n, Luis Rueda; concejales de Rivadavia; entre otras autoridades.<\/p>\n<p>El ministro Ing. Jorge Ferraresi dijo que \u00abhoy trajimos un convenio para sumar 150 viviendas m\u00e1s a las que ya se est\u00e1n construyendo. Tenemos 150 mil viviendas en ejecuci\u00f3n y vamos a entregar la vivienda n\u00famero 50.000 de Naci\u00f3n ac\u00e1 en San Juan en julio. Aspiramos a terminar el mandato en el 2023 con 265 mil viviendas. Adem\u00e1s, estamos trabajamos con la Provincia en una ley de desarrollo territorial que nos va a permitir, a partir del 2024, construir 6000 viviendas por a\u00f1o\u201d.<\/p>\n<p>Luego, el presidente de la Naci\u00f3n, Dr. Alberto Fern\u00e1ndez se mostr\u00f3 contento de visitar una vez m\u00e1s la provincia y dijo que su presencia en San Juan tiene como motivo \u00abdarle a los sanjuaninos lo que se merecen, una vivienda digna\u201d.<\/p>\n<p>Sobre su visita, dijo que \u201crecorrimos junto al gobernador la construcci\u00f3n de casas que nos comprometimos a hacer desde el Gobierno nacional junto al ministro Ferraresi despu\u00e9s de aquel terremoto tan triste que nos toc\u00f3 afrontar, y vemos que eso avanza r\u00e1pidamente\u201d.<\/p>\n<p>Para cerrar, detall\u00f3 que \u201cqueremos que en agosto se est\u00e9n entregando las primeras casas\u201d.<\/p>\n<p><iframe loading=\"lazy\" title=\"El presidente Fern\u00e1ndez acompa\u00f1\u00f3 a Sergio U\u00f1ac en la entrega del barrio Gran Libertador\" width=\"800\" height=\"450\" src=\"https:\/\/www.youtube.com\/embed\/PvzR7vlVdo0?feature=oembed\" frameborder=\"0\" allow=\"accelerometer; autoplay; clipboard-write; encrypted-media; gyroscope; picture-in-picture\" allowfullscreen><\/iframe><\/p>\n<p>&nbsp;<\/p>\n<p><strong><span style=\"color: #339966;\">Un proyecto concretado tras m\u00e1s de veinte a\u00f1os de espera<\/span><\/strong><\/p>\n<p>Este grupo habitacional fue dise\u00f1ado en 1993 por la Cooperativa de Vivienda y Consumo, San Juan Ltda., conjuntamente con el IPV.<\/p>\n<p>En 1996, tras la quiebra de la empresa que lo ejecutaba, los trabajos se paralizaron durante dos d\u00e9cadas.<\/p>\n<p>En el 2019, el Gobierno de San Juan se comprometi\u00f3 a continuar las tareas para as\u00ed cumplir el sue\u00f1o de esas familias que anhelaban su vivienda propia.<\/p>\n<p>En este marco, el IPV llev\u00f3 adelante tareas de rehabilitaci\u00f3n, obra nueva y reconstrucci\u00f3n de espacios, para la finalizaci\u00f3n del complejo habitacional.<\/p>\n<p>Se consider\u00f3 un avance f\u00edsico del 18,66 % al momento del inicio de la obra y se trabaj\u00f3 desde mamposter\u00edas y readecuaci\u00f3n de estructuras, demolici\u00f3n y armado completo de escaleras, normalizaci\u00f3n de instalaciones y otros cambios.<\/p>\n<h3><span style=\"color: #339966;\">M\u00e1s sobre el Gran Libertador<\/span><\/h3>\n<p>El barrio est\u00e1 compuesto por 141 departamentos, divididos en 16 monobloques de tres plantas y ubicados en la avenida Libertador antes de Meglioli, Departamento Rivadavia.<\/p>\n<p><img loading=\"lazy\" decoding=\"async\" class=\"alignnone size-full wp-image-49053\" src=\"https:\/\/vocesparalelas.com.ar\/sitio\/wp-content\/uploads\/2022\/05\/COMPLEJO-PARQUE-GRAN-LIBERTADOR.jpg\" alt=\"\" width=\"800\" height=\"548\" srcset=\"https:\/\/vocesparalelas.com.ar\/sitio\/wp-content\/uploads\/2022\/05\/COMPLEJO-PARQUE-GRAN-LIBERTADOR.jpg 800w, https:\/\/vocesparalelas.com.ar\/sitio\/wp-content\/uploads\/2022\/05\/COMPLEJO-PARQUE-GRAN-LIBERTADOR-300x206.jpg 300w, https:\/\/vocesparalelas.com.ar\/sitio\/wp-content\/uploads\/2022\/05\/COMPLEJO-PARQUE-GRAN-LIBERTADOR-768x526.jpg 768w, https:\/\/vocesparalelas.com.ar\/sitio\/wp-content\/uploads\/2022\/05\/COMPLEJO-PARQUE-GRAN-LIBERTADOR-130x90.jpg 130w\" sizes=\"auto, (max-width: 800px) 100vw, 800px\" \/><\/p>\n<p>Cada departamento cuenta con una superficie cubierta de 68 m<sup>2<\/sup>\u00a0m\u00e1s un balc\u00f3n de 5 m<sup>2<\/sup>\u00a0y poseen tres dormitorios, ba\u00f1o, cocina comedor y lavadero interior.<\/p>\n<p>Adem\u00e1s, el complejo cuenta con red de agua potable, de energ\u00eda el\u00e9ctrica, arbolado p\u00fablico con su correspondiente sistema de riego, cloacas y red de gas. En cuanto a los accesos vehiculares, el barrio cuenta con tres: por calle Ituzaing\u00f3 y acceso peatonal por Av. Libertador Gral. San Mart\u00edn.<\/p>\n<p>Adem\u00e1s, posee estructura sismo resistente, mamposter\u00eda de ladrill\u00f3n, losa de hormig\u00f3n, instalaci\u00f3n sanitaria, equipamiento de ba\u00f1o con inodoro, bidet, lavatorio, accesorios y ventilaci\u00f3n correspondiente; bajo escalera cisternas con bombas y conexi\u00f3n de canilla surtidor para riego de espacios verdes.<\/p>\n<p>Los departamentos est\u00e1n munidos, tambi\u00e9n, de cocina con mesada de granito, pileta de acero inoxidable, pileta de lavadero de acero inoxidable con mesada, adem\u00e1s se provee el artefacto de cocina de cuatro hornallas y horno; puerta ventana aluminio, carpinter\u00eda de madera con mosquiteros.<\/p>\n<p>Con respecto a la infraestructura urbana, las calles est\u00e1n dotadas de pasantes peatonales y vehiculares sobre cuneta, redes de agua potable, de cloacas, el\u00e9ctrica, de gas, alumbrado p\u00fablico de estacionamiento y parque con farolas con led y sistema de riego.<\/p>\n<p>Adem\u00e1s, los espacios comunes internos del complejo cuentan con play\u00f3n polideportivo, arenero, espacios de circulaciones con pergolados, equipados con iluminaci\u00f3n con farolas led y bancos de hormig\u00f3n. Est\u00e1n incluidos en los espacios comunes el servicio contra incendios correspondiente, dotados de carteles indicativos de salida, luces de emergencia y matafuegos del tipo ABC.<\/p>\n<p><iframe loading=\"lazy\" title=\"BARRIO EL GRAN LIBERTADOR EN SAN JUAN\" width=\"800\" height=\"450\" src=\"https:\/\/www.youtube.com\/embed\/aNKGr0_3QZw?start=21&#038;feature=oembed\" frameborder=\"0\" allow=\"accelerometer; autoplay; clipboard-write; encrypted-media; gyroscope; picture-in-picture\" allowfullscreen><\/iframe><\/p>\n<p>&nbsp;<\/p>\n<p>&nbsp;<\/p>\n<p>&nbsp;<\/p>\n","protected":false},"excerpt":{"rendered":"<p>Pasado el mediod\u00eda del Jueves, 19 de Mayo de 2022, el gobernador de San Juan, Dr. Sergio U\u00f1ac junto al<\/p>\n","protected":false},"author":3,"featured_media":49052,"comment_status":"closed","ping_status":"closed","sticky":false,"template":"","format":"video","meta":{"_acf_changed":false,"_seopress_robots_primary_cat":"none","_seopress_titles_title":"","_seopress_titles_desc":"","_seopress_robots_index":"","colormag_page_container_layout":"default_layout","colormag_page_sidebar_layout":"default_layout","footnotes":""},"categories":[1,7],"tags":[],"class_list":["post-49050","post","type-post","status-publish","format-video","has-post-thumbnail","hentry","category-destacadas","category-videos","post_format-post-format-video"],"acf":[],"_links":{"self":[{"href":"https:\/\/vocesparalelas.com.ar\/sitio\/wp-json\/wp\/v2\/posts\/49050","targetHints":{"allow":["GET"]}}],"collection":[{"href":"https:\/\/vocesparalelas.com.ar\/sitio\/wp-json\/wp\/v2\/posts"}],"about":[{"href":"https:\/\/vocesparalelas.com.ar\/sitio\/wp-json\/wp\/v2\/types\/post"}],"author":[{"embeddable":true,"href":"https:\/\/vocesparalelas.com.ar\/sitio\/wp-json\/wp\/v2\/users\/3"}],"replies":[{"embeddable":true,"href":"https:\/\/vocesparalelas.com.ar\/sitio\/wp-json\/wp\/v2\/comments?post=49050"}],"version-history":[{"count":1,"href":"https:\/\/vocesparalelas.com.ar\/sitio\/wp-json\/wp\/v2\/posts\/49050\/revisions"}],"predecessor-version":[{"id":49054,"href":"https:\/\/vocesparalelas.com.ar\/sitio\/wp-json\/wp\/v2\/posts\/49050\/revisions\/49054"}],"wp:featuredmedia":[{"embeddable":true,"href":"https:\/\/vocesparalelas.com.ar\/sitio\/wp-json\/wp\/v2\/media\/49052"}],"wp:attachment":[{"href":"https:\/\/vocesparalelas.com.ar\/sitio\/wp-json\/wp\/v2\/media?parent=49050"}],"wp:term":[{"taxonomy":"category","embeddable":true,"href":"https:\/\/vocesparalelas.com.ar\/sitio\/wp-json\/wp\/v2\/categories?post=49050"},{"taxonomy":"post_tag","embeddable":true,"href":"https:\/\/vocesparalelas.com.ar\/sitio\/wp-json\/wp\/v2\/tags?post=49050"}],"curies":[{"name":"wp","href":"https:\/\/api.w.org\/{rel}","templated":true}]}}