{"id":49045,"date":"2022-05-19T19:31:48","date_gmt":"2022-05-19T22:31:48","guid":{"rendered":"https:\/\/vocesparalelas.com.ar\/sitio\/?p=49045"},"modified":"2022-05-19T19:38:21","modified_gmt":"2022-05-19T22:38:21","slug":"derogo-el-articulo-11o-de-la-ley-1181-a-la-camara-de-diputados-de-san-juan","status":"publish","type":"post","link":"https:\/\/vocesparalelas.com.ar\/sitio\/derogo-el-articulo-11o-de-la-ley-1181-a-la-camara-de-diputados-de-san-juan\/","title":{"rendered":"Derog\u00f3 el art\u00edculo 11\u00ba de la Ley 1181-A la C\u00e1mara de Diputados de San Juan"},"content":{"rendered":"<div class=\"itemFullText jbintrotext\">\n<p>Con el objetivo de facilitar a las empresas que inviertan en obras de infraestructura el\u00e9ctrica, siempre que las mismas sean de utilidad p\u00fablica y por consiguiente traigan bienestar para los sanjuaninos, la C\u00e1mara de Diputados de San Juan dej\u00f3 sin vigencia la aplicaci\u00f3n del art\u00edculo 11\u00ba de la Ley 1181-A que tiene que ver con la prohibici\u00f3n de la compensaci\u00f3n de las obras de infraestructura energ\u00e9tica, con las regal\u00edas mineras.<\/p>\n<\/div>\n<div class=\"itemFullText\">\n<p>Por otro lado, el cuerpo legislativo aprob\u00f3 otros siete proyectos de Ley que tienen que ver con la implementaci\u00f3n de Buenas Pr\u00e1cticas Frutihort\u00edcolas; Gesti\u00f3n de los Riegos en el Sistema Agroindustrial; asistencia financiera de SEDRONAR; Mejoramiento de la Infraestructura Escolar; Abordaje Comunitario \u201cAbrazar Argentina\u201d; \u00abI Juegos Sudamericanos de Deportes Sobre Ruedas\u00bb y la imposici\u00f3n de nombre a escuela de Sarmiento.<\/p>\n<p>La Tercera Sesi\u00f3n del per\u00edodo ordinario estuvo conducida de forma alternada por el vicegobernador CPN Roberto Gattoni y el vicepresidente segundo de la C\u00e1mara de Diputados, legislador Carlos Platero. Acompa\u00f1aron los secretarios Legislativo, Dr. Nicol\u00e1s Alvo y Administrativo, Lic. Roberto Iglesias.<\/p>\n<p><span style=\"color: #800080;\"><strong>Derogaci\u00f3n del art\u00edculo 11\u00ba de la Ley 1181-A<\/strong><\/span><\/p>\n<\/div>\n<p><a href=\"https:\/\/vocesparalelas.com.ar\/sitio\/wp-content\/uploads\/2022\/05\/LP-1181-A.pdf\">LP-1181-A<\/a><\/p>\n<div class=\"itemFullText\">\n<p>Con veintitr\u00e9s votos positivos, el cuerpo parlamentario\u00a0derog\u00f3 el texto del art\u00edculo 11\u00ba de la\u00a0Ley N\u00ba 1181-A, que establece lo siguiente:<\/p>\n<p>ART\u00cdCULO 11.- Las empresas mineras, incluidas las empresas detalladas en los art\u00edculos anteriores, que desarrollen actividades que deriven en requerimientos de capacidad instalada de las obras objeto de la presente ley o que efect\u00faen aportes econ\u00f3micos para la amortizaci\u00f3n o pago de dichas obras de infraestructura energ\u00e9tica en beneficio de la Provincia de San Juan, seg\u00fan los criterios establecidos en los art\u00edculos precedentes, no podr\u00e1n compensar el valor de su inversi\u00f3n, con las regal\u00edas mineras previstas en la Ley N\u00ba 716-M, no obstante la utilidad p\u00fablica que se declara por la presente ley, ni tampoco podr\u00e1n afectar la base sobre la que se calculan las mencionadas regal\u00edas mineras.<\/p>\n<p>Este punto del orden del d\u00eda obtuvo adem\u00e1s cinco votos negativos y siete abstenciones. En la ocasi\u00f3n, el diputado Sergio Miodowsky hizo moci\u00f3n para que volviera su tratamiento a comisiones, la cual fue rechazada por la mayor\u00eda.<\/p>\n<p>En cuanto a los fundamentos, \u00e9stos fueron presentados por el diputado Jorge Barifusa como miembro informante. En la ocasi\u00f3n, indic\u00f3 que \u201cel motivo de la norma proyectada se basa en la necesidad de retomar el criterio compensatorio respecto a las obras energ\u00e9ticas, esto es, tal cual se encontraba establecido en el art\u00edculo 19\u00ba de la Ley N\u00ba 716\u2014 M. Es decir, que, con la derogaci\u00f3n proyectada, se intenta facilitar a las empresas que inviertan en obras de infraestructura el\u00e9ctrica, siempre que las mismas sean de utilidad p\u00fablica y por consiguiente traigan bienestar para los sanjuaninos. En este sentido, las obras que las empresas proyecten deber\u00e1n cumplimentar todas las exigencias legales previstas en la ley y entre las que se encuentran, la declaraci\u00f3n legal de utilidad p\u00fablica y la aprobaci\u00f3n del proyecto con los 2\/3 de los miembros del Poder Legislativo entre otros requisitos\u201d.<\/p>\n<p>Tambi\u00e9n hablaron en favor del proyecto los diputados Eduardo Cabello, Mario Romero, Horacio Quiroga, Gast\u00f3n Berenguer, Fernanda Paredes, Celina Ramella, Enrique Monta\u00f1o, Mauro Marinero, y Juan Carlos Abarca. Por otra parte, manifestaron su oposici\u00f3n durante el debate los legisladores Sergio Miodoswky, Leonardo Gioja y Juan Carlos Gioja.<\/p>\n<p><span style=\"color: #800080;\"><strong>Buenas Pr\u00e1cticas Frutihort\u00edcolas<\/strong><\/span><\/p>\n<p>El plenario ratific\u00f3 un Acta Acuerdo suscripto entre el Ministerio de Agricultura, Ganader\u00eda y Pesca de la Naci\u00f3n, y la provincia de San Juan, con el objetivo de implementar Buenas Pr\u00e1cticas Frutihort\u00edcolas Obligatorias. Los argumentos de este asunto fueron presentados por el diputado Jos\u00e9 Luis Esteve.<\/p>\n<p>En la ocasi\u00f3n, se\u00f1al\u00f3 que \u201cel acuerdo es para fortalecer la inocuidad de los productos, alimentos que se consumen frescos, como as\u00ed tambi\u00e9n la preservaci\u00f3n y el manejo racional de los recursos: suelo, agua, y energ\u00eda; estimulando la difusi\u00f3n, la capacitaci\u00f3n y la adopci\u00f3n de sistemas de producci\u00f3n sustentables.<\/p>\n<p><span style=\"color: #800080;\"><strong>Gesti\u00f3n Integral de los Riesgos en el Sistema Agroindustrial<\/strong><\/span><\/p>\n<p>Posteriormente, los legisladores aprobaron un convenio marco de pr\u00e9stamo subsidiario firmado entre Ministerio de Agricultura, Ganader\u00eda y Pesca de la Naci\u00f3n y el Gobierno de la provincia de San Juan, para la ejecuci\u00f3n del \u00abPrograma de Gesti\u00f3n Integral de los Riesgos en el Sistema Agroindustrial Rural (GIRSAR)\u00bb por cinco millones quinientos mil d\u00f3lares estadounidenses (U$S 5.500.000) con m\u00e1s sus intereses y comisiones. En esta oportunidad habl\u00f3 el legislador Rodolfo Jalife.<\/p>\n<p>Durante su alocuci\u00f3n, el diputado se\u00f1al\u00f3 que \u201cel mencionado programa contempla el financiamiento de dos obras: \u00abObra de Mejora de la Red de Riego del Valle de J\u00e1chal Canal Del Alto\u00bb y \u00abDesarrollo Agr\u00edcola y de Incorporaci\u00f3n Tecnol\u00f3gica al \u00c1rea Bajo Riego del departamento Pocito-San Juan\u00bb.<\/p>\n<p><span style=\"color: #800080;\"><strong>Asistencia financiera de SEDRONAR<\/strong><\/span><\/p>\n<p>Los diputados despu\u00e9s ratificaron un convenio espec\u00edfico entre la Secretar\u00eda de Pol\u00edticas Integrales sobre Drogas de la Naci\u00f3n Argentina (SEDRONAR) y el Ministerio de Desarrollo Humano y Promoci\u00f3n Social de San Juan. El diputado Gustavo Rodr\u00edguez fue el encargado de brindar los argumentos de este asunto como miembro informante.<\/p>\n<p>En la oportunidad, el legislador record\u00f3 que \u201cla SEDRONAR es el organismo responsable de elaborar pol\u00edticas y planificar estrategias, para el cuidado de las personas a trav\u00e9s de la atenci\u00f3n, la prevenci\u00f3n y la capacitaci\u00f3n en la materia de consumo y problem\u00e1tica de estupefacientes y sustancias psicoactivas.<\/p>\n<p>En este sentido, se\u00f1al\u00f3 que \u201cel objetivo del acuerdo es prestar asistencia financiera por la SEDRONAR para la ejecuci\u00f3n del Proyecto Centro de Atenci\u00f3n y Acompa\u00f1amiento Rivadavia, en el marco del Programa Federal de Articulaci\u00f3n en Materia de Consumos Problem\u00e1ticos\u201d.<\/p>\n<p>Posteriormente, indic\u00f3 que \u201cla SEDRONAR est\u00e1 comprometida a financiar el proyecto presentado por el Ministerio a trav\u00e9s del otorgamiento de un subsidio institucional por la suma m\u00e1xima de Pesos Un Mill\u00f3n veintisiete mil ($1.027.000), que equivale aproximadamente al 74,85% del presupuesto total del Proyecto, determinado seg\u00fan la t\u00e9cnica. c\u00f3mputos y presupuestos detallados en el mismo\u201d.<\/p>\n<p><span style=\"color: #800080;\"><strong>Mejoramiento de Infraestructura Escolar<\/strong><\/span><\/p>\n<p>A continuaci\u00f3n, la Legislatura ratific\u00f3 el convenio de adhesi\u00f3n celebrado entre el Ministerio de Educaci\u00f3n de la Naci\u00f3n, y el Ministerio de Educaci\u00f3n de la provincia de San Juan, para acordar la ejecuci\u00f3n del Proyecto de Mejoramiento de la Infraestructura Escolar Vuelta al Aula.<\/p>\n<p>Este asunto fue presentado por la diputada Fernanda Paredes quien manifest\u00f3 que \u201cser\u00e1 aplicado mediante el desarrollo de actividades tendientes al logro de objetivos vinculados directamente con contribuir con la mejora de las condiciones edilicias adecuadas para garantizar el acceso y la asistencia segura de todos los alumnos y alumnas de todos los niveles y modalidades de la educaci\u00f3n obligatoria de acuerdo al Plan Operativo y el Plan de Adquisiciones que se determinar\u00e1n, en el marco de la Ley de Educaci\u00f3n Nacional N\u00b0 26.206\u201d.<\/p>\n<p><span style=\"color: #800080;\"><strong>Abordaje Comunitario \u00abAbrazar Argentina\u00bb<\/strong><\/span><\/p>\n<p>M\u00e1s tarde, el cuerpo legislativo aprob\u00f3 un convenio celebrado entre la Secretar\u00eda de Abordaje Integral del Ministerio de Desarrollo Social de la Naci\u00f3n y el Ministerio de Desarrollo Humano y Promoci\u00f3n Social de la provincia, con el objeto de otorgar un subsidio institucional para la implementaci\u00f3n del Programa de Abordaje Comunitario \u00abAbrazar Argentina\u00bb.<\/p>\n<p>El diputado Gast\u00f3n Berenguer habl\u00f3 como miembro informante y sostuvo que \u201cla finalidad de este acuerdo es acompa\u00f1ar la implementaci\u00f3n de las estrategias de intervenci\u00f3n comunitaria que se llevan a cabo desde el Ministerio de Desarrollo Humano de la provincia de San Juan, la cual viene desplegando diversas medidas de trabajo para los habitantes del territorio de San Juan que se encuentran en condiciones de extrema vulnerabilidad\u201d.<\/p>\n<p>Seguidamente agreg\u00f3 que \u201cel monto comprometido por el Ministerio nacional ser\u00e1 transferido a la cuenta bancaria de Desarrollo Humano, en un \u00fanico desembolso de conformidad con las disponibilidades presupuestarias existentes. El monto total del subsidio ser\u00e1 destinado a financiar los siguientes rubros: 1. Bienes de Uso: Pesos Nueve Millones Novecientos Noventa y Dos Mil Cuatrocientos (39.992.400)\u201d.<\/p>\n<p>Adem\u00e1s, indic\u00f3 que \u201cel plazo de ejecuci\u00f3n ser\u00e1 dentro de los 90 d\u00edas corridos de acreditado el monto del subsidio en la cuenta referida y deber\u00e1 procederse a utilizar los fondos para la adquisici\u00f3n de los elementos que deber\u00e1n ser destinados a personas f\u00edsicas en situaci\u00f3n de vulnerabilidad social en la zona de residencia que motiva el presente subsidio. Los fondos transferidos ser\u00e1n destinados a la adquisici\u00f3n de cocinas a gas y calefones a gas\u201d.<\/p>\n<p><span style=\"color: #800080;\"><strong>\u00abI Juegos Sudamericanos de Deportes Sobre Ruedas\u00bb<\/strong><\/span><\/p>\n<p>Posteriormente los legisladores ratificaron el convenio marco de Colaboraci\u00f3n, celebrado entre el Gobierno de la provincia de San Juan representado por el ministro de Obras y Servicios P\u00fablicos, Julio Ortiz Andino, y el secretario de Deportes, Jorge Chica Mu\u00f1oz, por una parte y por la otra, la Municipalidad de Pocito, representada por su intendente, Armando S\u00e1nchez para la realizaci\u00f3n de los \u00abI Juegos Sudamericanos de Deportes Sobre Ruedas\u00bb en la provincia de San Juan entre el 27 de mayo al 12 de junio de 2022.<\/p>\n<p>En esta oportunidad habl\u00f3 la diputada Marcela Monti como miembro informante. Durante su alocuci\u00f3n explic\u00f3 que \u201cse considera como lugar apto para su concreci\u00f3n el Patin\u00f3dromo Municipal ubicado en el Polideportivo \u00abJes\u00fas Patrocinio Morales\u00bb de Pocito. Por este motivo, el acuerdo busca impulsar todas las refacciones o mejoras que sean necesarias en el Patin\u00f3dromo Municipal, en el marco de los est\u00e1ndares prefijados para competiciones internacionales y que deber\u00e1n oportunamente ser avalados por la C.A.P. (Confederaci\u00f3n Argentina de Patinaje) y la C.S.P. (Confederaci\u00f3n Sudamericana de Patinaje)\u201d.<\/p>\n<p>Cabe destacar que estos juegos han sido declarados de inter\u00e9s \u201cDeportivo y Social\u201d mediante decreto del Poder Legislativo provincial.<\/p>\n<p><span style=\"color: #800080;\"><strong>Imponen nombre a escuela de Los Berros<\/strong><\/span><\/p>\n<p>Asimismo, el cuerpo parlamentario aprob\u00f3 un proyecto de Ley de autor\u00eda del diputado Federico Hensel que propone imponer el nombre de \u00abEscuela de Educaci\u00f3n Especial M\u00faltiple Cristo de la Quebrada\u00bb al establecimiento de Educaci\u00f3n Especial M\u00faltiple Los Berros, ubicado en aquella localidad del departamento Sarmiento.<\/p>\n<p><span style=\"color: #800080;\"><strong>Resoluciones<\/strong><\/span><\/p>\n<p>Por \u00faltimo, los legisladores declararon de inter\u00e9s:<\/p>\n<ul>\n<li>Educativo, Social y Cultural la pel\u00edcula y su producci\u00f3n, \u00abEmar Acosta. Doctora, tiene la palabra\u00bb, que ser\u00e1 presentada en el mes de mayo del corriente a\u00f1o. (diputado Andr\u00e9s Chanampa).<\/li>\n<li>Social, Educativo y Sanitario, las Jornadas virtuales de Capacitaci\u00f3n sobre \u00abPrevenci\u00f3n de accidentes por inhalaci\u00f3n de mon\u00f3xido de carbono, uso responsable del gas y eficiencia energ\u00e9tica\u201d, organizadas por el Ente Nacional Regulador del Gas (ENARGAS), a llevarse a cabo en la provincia de San Juan, el 1 de junio de 2022. (diputada Marcela Monti).<\/li>\n<li>Cient\u00edfico, Social y Tur\u00edstico las \u00abX Jornadas Nacionales sobre Discapacidad y Derechos y I Congreso Internacional sobre Discapacidad y Derechos\u201d a realizarse los d\u00edas 10, 11, 12 y 13 de mayo de 2022 en el Foro de Abogados de la provincia de San Juan, bajo modalidad presencial y virtual. (diputada Celina Ramella);<\/li>\n<li>Cultural y Social la XI Cabalgata de la Amistad del departamento Zonda, a celebrarse el domingo 22 de mayo. (diputado Edgardo Sancassani).<\/li>\n<li>Educativo y Social el \u201cPrimer Encuentro Provincial en Seguridad Vial y Ciudadana\u201d, organizada por el instituto en Seguridad Ciudadana y Prevenci\u00f3n del Delito y del Instituto en Derecho del Transporte y Seguridad Vial del Foro de Abogados de la provincia de San Juan, a realizarse los d\u00edas 20 y 21 de mayo de 2022.<\/li>\n<\/ul>\n<\/div>\n","protected":false},"excerpt":{"rendered":"<p>Con el objetivo de facilitar a las empresas que inviertan en obras de infraestructura el\u00e9ctrica, siempre que las mismas sean<\/p>\n","protected":false},"author":3,"featured_media":49047,"comment_status":"closed","ping_status":"closed","sticky":false,"template":"","format":"video","meta":{"_acf_changed":false,"_seopress_robots_primary_cat":"none","_seopress_titles_title":"","_seopress_titles_desc":"","_seopress_robots_index":"","colormag_page_container_layout":"default_layout","colormag_page_sidebar_layout":"default_layout","footnotes":""},"categories":[1,7],"tags":[],"class_list":["post-49045","post","type-post","status-publish","format-video","has-post-thumbnail","hentry","category-destacadas","category-videos","post_format-post-format-video"],"acf":[],"_links":{"self":[{"href":"https:\/\/vocesparalelas.com.ar\/sitio\/wp-json\/wp\/v2\/posts\/49045","targetHints":{"allow":["GET"]}}],"collection":[{"href":"https:\/\/vocesparalelas.com.ar\/sitio\/wp-json\/wp\/v2\/posts"}],"about":[{"href":"https:\/\/vocesparalelas.com.ar\/sitio\/wp-json\/wp\/v2\/types\/post"}],"author":[{"embeddable":true,"href":"https:\/\/vocesparalelas.com.ar\/sitio\/wp-json\/wp\/v2\/users\/3"}],"replies":[{"embeddable":true,"href":"https:\/\/vocesparalelas.com.ar\/sitio\/wp-json\/wp\/v2\/comments?post=49045"}],"version-history":[{"count":1,"href":"https:\/\/vocesparalelas.com.ar\/sitio\/wp-json\/wp\/v2\/posts\/49045\/revisions"}],"predecessor-version":[{"id":49049,"href":"https:\/\/vocesparalelas.com.ar\/sitio\/wp-json\/wp\/v2\/posts\/49045\/revisions\/49049"}],"wp:featuredmedia":[{"embeddable":true,"href":"https:\/\/vocesparalelas.com.ar\/sitio\/wp-json\/wp\/v2\/media\/49047"}],"wp:attachment":[{"href":"https:\/\/vocesparalelas.com.ar\/sitio\/wp-json\/wp\/v2\/media?parent=49045"}],"wp:term":[{"taxonomy":"category","embeddable":true,"href":"https:\/\/vocesparalelas.com.ar\/sitio\/wp-json\/wp\/v2\/categories?post=49045"},{"taxonomy":"post_tag","embeddable":true,"href":"https:\/\/vocesparalelas.com.ar\/sitio\/wp-json\/wp\/v2\/tags?post=49045"}],"curies":[{"name":"wp","href":"https:\/\/api.w.org\/{rel}","templated":true}]}}