{"id":49021,"date":"2022-05-17T22:03:26","date_gmt":"2022-05-18T01:03:26","guid":{"rendered":"https:\/\/vocesparalelas.com.ar\/sitio\/?p=49021"},"modified":"2022-05-19T21:34:11","modified_gmt":"2022-05-20T00:34:11","slug":"el-presidente-dr-alberto-fernandez-llega-a-san-juan-2","status":"publish","type":"post","link":"https:\/\/vocesparalelas.com.ar\/sitio\/el-presidente-dr-alberto-fernandez-llega-a-san-juan-2\/","title":{"rendered":"El presidente Dr. Alberto Fern\u00e1ndez llega a San Juan"},"content":{"rendered":"<p>El presidente de la Naci\u00f3n Argentina, Dr. Alberto Fern\u00e1ndez llega a San Juan, el Jueves, 19 de Mayo, para recorrer obras de viviendas y acompa\u00f1ar al gobernador Dr. Sergio U\u00f1ac en la entrega de viviendas del Barrio Gran Libertador.<\/p>\n<p>El mandatario Nacional llega acompa\u00f1ado por el ministro de Desarrollo Territorial, Viviendas y H\u00e1bitat de la Naci\u00f3n, Ing. Jorge Ferraresi, que junto a una comitiva de San Juan desarrollan las actividades previstas.<\/p>\n<p>Las mismas comienzan previo al mediod\u00eda con la recorrida del Barrio Las Pampas para observar el avance de obras en la urbanizaci\u00f3n e infraestructura del nuevo barrio que consta de 788 viviendas.<\/p>\n<p><iframe loading=\"lazy\" title=\"BARRIO LAS PAMPAS EN SAN JUAN\" width=\"800\" height=\"450\" src=\"https:\/\/www.youtube.com\/embed\/Lxa3Dvk-c94?feature=oembed\" frameborder=\"0\" allow=\"accelerometer; autoplay; clipboard-write; encrypted-media; gyroscope; picture-in-picture\" allowfullscreen><\/iframe><\/p>\n<p>&nbsp;<\/p>\n<p>Seguidamente, los funcionarios se trasladan hacia Rivadavia para desarrollar la entrega de 141 departamentos correspondientes al Barrio Gran Libertador.<\/p>\n<p>Este barrio fue dise\u00f1ado en 1993 por la Cooperativa de Vivienda y Consumo, San Juan Lta. en conjunto con el IPV.<\/p>\n<p>En el a\u00f1o 1996, tras la quiebra de la empresa que lo ejecut\u00f3, los trabajos se paralizaron durante dos d\u00e9cadas.<\/p>\n<p>En el 2019, el Gobierno de San Juan se comprometi\u00f3 a continuar las tareas para as\u00ed cumplir el sue\u00f1o de esas familias que anhelaban su vivienda propia.<\/p>\n<p><iframe loading=\"lazy\" title=\"BARRIO EL GRAN LIBERTADOR EN SAN JUAN\" width=\"800\" height=\"450\" src=\"https:\/\/www.youtube.com\/embed\/aNKGr0_3QZw?feature=oembed\" frameborder=\"0\" allow=\"accelerometer; autoplay; clipboard-write; encrypted-media; gyroscope; picture-in-picture\" allowfullscreen><\/iframe><\/p>\n<p>&nbsp;<\/p>\n<p><img loading=\"lazy\" decoding=\"async\" class=\"alignnone size-full wp-image-49024\" src=\"https:\/\/vocesparalelas.com.ar\/sitio\/wp-content\/uploads\/2022\/05\/BARRIO-EL-LIBERTADOR-01.png\" alt=\"\" width=\"800\" height=\"560\" srcset=\"https:\/\/vocesparalelas.com.ar\/sitio\/wp-content\/uploads\/2022\/05\/BARRIO-EL-LIBERTADOR-01.png 800w, https:\/\/vocesparalelas.com.ar\/sitio\/wp-content\/uploads\/2022\/05\/BARRIO-EL-LIBERTADOR-01-300x210.png 300w, https:\/\/vocesparalelas.com.ar\/sitio\/wp-content\/uploads\/2022\/05\/BARRIO-EL-LIBERTADOR-01-768x538.png 768w, https:\/\/vocesparalelas.com.ar\/sitio\/wp-content\/uploads\/2022\/05\/BARRIO-EL-LIBERTADOR-01-130x90.png 130w\" sizes=\"auto, (max-width: 800px) 100vw, 800px\" \/><\/p>\n<p><a href=\"https:\/\/vocesparalelas.com.ar\/sitio\/wp-content\/uploads\/2022\/05\/FERNANDEZ-Visita-AF-Mayo22.pdf\">FERNANDEZ-Visita AF Mayo22<\/a><\/p>\n<p>&nbsp;<\/p>\n","protected":false},"excerpt":{"rendered":"<p>El presidente de la Naci\u00f3n Argentina, Dr. Alberto Fern\u00e1ndez llega a San Juan, el Jueves, 19 de Mayo, para recorrer<\/p>\n","protected":false},"author":3,"featured_media":34385,"comment_status":"closed","ping_status":"closed","sticky":false,"template":"","format":"video","meta":{"_acf_changed":false,"_seopress_robots_primary_cat":"none","_seopress_titles_title":"","_seopress_titles_desc":"","_seopress_robots_index":"","colormag_page_container_layout":"default_layout","colormag_page_sidebar_layout":"default_layout","footnotes":""},"categories":[1,7],"tags":[],"class_list":["post-49021","post","type-post","status-publish","format-video","has-post-thumbnail","hentry","category-destacadas","category-videos","post_format-post-format-video"],"acf":[],"_links":{"self":[{"href":"https:\/\/vocesparalelas.com.ar\/sitio\/wp-json\/wp\/v2\/posts\/49021","targetHints":{"allow":["GET"]}}],"collection":[{"href":"https:\/\/vocesparalelas.com.ar\/sitio\/wp-json\/wp\/v2\/posts"}],"about":[{"href":"https:\/\/vocesparalelas.com.ar\/sitio\/wp-json\/wp\/v2\/types\/post"}],"author":[{"embeddable":true,"href":"https:\/\/vocesparalelas.com.ar\/sitio\/wp-json\/wp\/v2\/users\/3"}],"replies":[{"embeddable":true,"href":"https:\/\/vocesparalelas.com.ar\/sitio\/wp-json\/wp\/v2\/comments?post=49021"}],"version-history":[{"count":3,"href":"https:\/\/vocesparalelas.com.ar\/sitio\/wp-json\/wp\/v2\/posts\/49021\/revisions"}],"predecessor-version":[{"id":49040,"href":"https:\/\/vocesparalelas.com.ar\/sitio\/wp-json\/wp\/v2\/posts\/49021\/revisions\/49040"}],"wp:featuredmedia":[{"embeddable":true,"href":"https:\/\/vocesparalelas.com.ar\/sitio\/wp-json\/wp\/v2\/media\/34385"}],"wp:attachment":[{"href":"https:\/\/vocesparalelas.com.ar\/sitio\/wp-json\/wp\/v2\/media?parent=49021"}],"wp:term":[{"taxonomy":"category","embeddable":true,"href":"https:\/\/vocesparalelas.com.ar\/sitio\/wp-json\/wp\/v2\/categories?post=49021"},{"taxonomy":"post_tag","embeddable":true,"href":"https:\/\/vocesparalelas.com.ar\/sitio\/wp-json\/wp\/v2\/tags?post=49021"}],"curies":[{"name":"wp","href":"https:\/\/api.w.org\/{rel}","templated":true}]}}