{"id":49005,"date":"2022-05-18T19:41:09","date_gmt":"2022-05-18T22:41:09","guid":{"rendered":"https:\/\/vocesparalelas.com.ar\/sitio\/?p=49005"},"modified":"2022-05-20T00:11:49","modified_gmt":"2022-05-20T03:11:49","slug":"no-te-censaron-informa-al-indec-via-e-mail","status":"publish","type":"post","link":"https:\/\/vocesparalelas.com.ar\/sitio\/no-te-censaron-informa-al-indec-via-e-mail\/","title":{"rendered":"No te censaron informa al INDEC v\u00eda e-Mail"},"content":{"rendered":"<div dir=\"auto\">Desde el INDEC informan que , una vez terminado el operativo censal del d\u00eda 18 de Mayo, como procedimiento establecido, se efect\u00faa\u00a0 una revisi\u00f3n del relevamiento realizado a fin de detectar si alguna vivienda no fue censada.<\/div>\n<ul>\n<li dir=\"auto\">Los casos que no fueron visitados por un censista y no completaron el formulario digital, ser\u00e1n relevados\u00a0 en la semana de supervisi\u00f3n o recuperaci\u00f3n que ser\u00e1 comunicada por INDEC<\/li>\n<li dir=\"auto\">Asimismo, se podr\u00e1 enviar un mail a <a href=\"mailto:censo@indec.gob.ar\" rel=\"noreferrer\">censo@indec.gob.ar<\/a>. En el \u00abAsunto\u00bb deben escribir \u00abNo fui censado\/a\u00bb con datos personales.<\/li>\n<li dir=\"auto\">Datos a indicar: nombre, la provincia, Partido\/Departamento, la localidad, la calle, el n\u00famero, el piso y el departamento. Si hicieron el censo digital poner el c\u00f3digo de seis d\u00edgitos y un tel\u00e9fono de contacto.<\/li>\n<li dir=\"auto\">Tambi\u00e9n contin\u00faa vigente el 0800-3452022 para consultas<\/li>\n<\/ul>\n","protected":false},"excerpt":{"rendered":"<p>Desde el INDEC informan que , una vez terminado el operativo censal del d\u00eda 18 de Mayo, como procedimiento establecido,<\/p>\n","protected":false},"author":3,"featured_media":49007,"comment_status":"closed","ping_status":"closed","sticky":false,"template":"","format":"standard","meta":{"_acf_changed":false,"_seopress_robots_primary_cat":"none","_seopress_titles_title":"","_seopress_titles_desc":"","_seopress_robots_index":"","colormag_page_container_layout":"default_layout","colormag_page_sidebar_layout":"default_layout","footnotes":""},"categories":[6],"tags":[],"class_list":["post-49005","post","type-post","status-publish","format-standard","has-post-thumbnail","hentry","category-eventos"],"acf":[],"_links":{"self":[{"href":"https:\/\/vocesparalelas.com.ar\/sitio\/wp-json\/wp\/v2\/posts\/49005","targetHints":{"allow":["GET"]}}],"collection":[{"href":"https:\/\/vocesparalelas.com.ar\/sitio\/wp-json\/wp\/v2\/posts"}],"about":[{"href":"https:\/\/vocesparalelas.com.ar\/sitio\/wp-json\/wp\/v2\/types\/post"}],"author":[{"embeddable":true,"href":"https:\/\/vocesparalelas.com.ar\/sitio\/wp-json\/wp\/v2\/users\/3"}],"replies":[{"embeddable":true,"href":"https:\/\/vocesparalelas.com.ar\/sitio\/wp-json\/wp\/v2\/comments?post=49005"}],"version-history":[{"count":1,"href":"https:\/\/vocesparalelas.com.ar\/sitio\/wp-json\/wp\/v2\/posts\/49005\/revisions"}],"predecessor-version":[{"id":49008,"href":"https:\/\/vocesparalelas.com.ar\/sitio\/wp-json\/wp\/v2\/posts\/49005\/revisions\/49008"}],"wp:featuredmedia":[{"embeddable":true,"href":"https:\/\/vocesparalelas.com.ar\/sitio\/wp-json\/wp\/v2\/media\/49007"}],"wp:attachment":[{"href":"https:\/\/vocesparalelas.com.ar\/sitio\/wp-json\/wp\/v2\/media?parent=49005"}],"wp:term":[{"taxonomy":"category","embeddable":true,"href":"https:\/\/vocesparalelas.com.ar\/sitio\/wp-json\/wp\/v2\/categories?post=49005"},{"taxonomy":"post_tag","embeddable":true,"href":"https:\/\/vocesparalelas.com.ar\/sitio\/wp-json\/wp\/v2\/tags?post=49005"}],"curies":[{"name":"wp","href":"https:\/\/api.w.org\/{rel}","templated":true}]}}