{"id":48992,"date":"2022-05-18T14:58:33","date_gmt":"2022-05-18T17:58:33","guid":{"rendered":"https:\/\/vocesparalelas.com.ar\/sitio\/?p=48992"},"modified":"2022-05-18T19:51:56","modified_gmt":"2022-05-18T22:51:56","slug":"san-juan-alcanzo-el-526-del-censo-2022-digital","status":"publish","type":"post","link":"https:\/\/vocesparalelas.com.ar\/sitio\/san-juan-alcanzo-el-526-del-censo-2022-digital\/","title":{"rendered":"San Juan alcanz\u00f3 el 52,6% del Censo 2022 Digital"},"content":{"rendered":"<p>18 de mayo, el gobernador Sergio U\u00f1ac asisti\u00f3 a IXD, lugar donde funciona la sede del operativo Censo 2022. El mandatario lleg\u00f3 al sitio para ponerse al tanto sobre c\u00f3mo se est\u00e1 desarrollando el censo en la provincia de San Juan.<\/p>\n<p>En el marco de esta acci\u00f3n brind\u00f3 una conferencia de prensa, posterior a la que dieron los funcionarios encargados del centro operativo.<\/p>\n<p>Estuvo acompa\u00f1ado por las ministras de Hacienda y Finanzas, Marisa L\u00f3pez; de Educaci\u00f3n, Cecilia Trincado Moncho; el coordinador censal Marcelo Esp\u00f3sito; el secretario de Estado Seguridad y Orden P\u00fablico, Carlos Munisaga; subsecretario de Seguridad, Abel Hern\u00e1ndez y la directora del INDEC Claudia Lecich.<\/p>\n<p><img loading=\"lazy\" decoding=\"async\" class=\"alignnone size-full wp-image-48996\" src=\"https:\/\/vocesparalelas.com.ar\/sitio\/wp-content\/uploads\/2022\/05\/CENSO-2022.jpg\" alt=\"\" width=\"800\" height=\"534\" srcset=\"https:\/\/vocesparalelas.com.ar\/sitio\/wp-content\/uploads\/2022\/05\/CENSO-2022.jpg 800w, https:\/\/vocesparalelas.com.ar\/sitio\/wp-content\/uploads\/2022\/05\/CENSO-2022-300x200.jpg 300w, https:\/\/vocesparalelas.com.ar\/sitio\/wp-content\/uploads\/2022\/05\/CENSO-2022-768x513.jpg 768w\" sizes=\"auto, (max-width: 800px) 100vw, 800px\" \/><\/p>\n<p>En la provincia, la organizaci\u00f3n del Censo 2022 est\u00e1 a cargo del Instituto de Investigaciones Econ\u00f3micas (IIEE), que articula de manera directa con el Instituto Nacional de Estad\u00edsticas y Censo (Indec). En total, son m\u00e1s de 13.000 los censistas de las 387 escuelas designadas para esta tarea.<\/p>\n<p>En este contexto, el mandatario provincial destac\u00f3 el alto porcentaje arrojado por el Censo Digital. Adem\u00e1s agradeci\u00f3 a los sanjuaninos por su desempe\u00f1o en el operativo y al equipo que est\u00e1 trabajando en el censo.<\/p>\n<p>\u201cEl censo sirve para saber cu\u00e1ntos somos, pero tambi\u00e9n para saber quienes somos, lo que hacemos, con datos que ser\u00e1n muy transparentes para definir temas que los estados nacionales, provinciales y municipales necesitan redefinir, para establecer pol\u00edticas p\u00fablicas\u201d, explic\u00f3.<\/p>\n<p>Para finalizar, U\u00f1ac agreg\u00f3 que est\u00e1 conforme con el desempe\u00f1o de los censistas y el comit\u00e9 censal. Puso en relieve la vocaci\u00f3n de los censistas en las \u00e1reas rurales en el pa\u00eds y fundamentalmente en San Juan. \u201cLa sociedad sanjuanina tiene mucho apego a las normas y esto lo vimos en pandemia, por eso se est\u00e1 cumpliendo bien con este censo\u201d, dijo.<\/p>\n<p>Por su parte, la ministra de Hacienda, Marisa L\u00f3pez tambi\u00e9n agradeci\u00f3 al equipo de trabajo del Censo. Adem\u00e1s, asegur\u00f3 que la asistencia de los censistas en las escuelas fue perfecta. \u00abEl compromiso de ellos es fundamental para poder lograr los datos que son tan importantes. Saber cu\u00e1ntos somos\u00bb.<\/p>\n<p>Luego, destac\u00f3 que el censo es un legado de Domingo Faustino Sarmiento y que el conocernos sirve para poder tomar decisiones.<br \/>\nFinalmente pidi\u00f3 la colaboraci\u00f3n de todos los sanjuaninos para esperar a los censistas y que puedan brindar la informaci\u00f3n requerida.<\/p>\n<p>Respecto al Censo Digital dijo que San Juan alcanz\u00f3 el 52,6%.<\/p>\n","protected":false},"excerpt":{"rendered":"<p>18 de mayo, el gobernador Sergio U\u00f1ac asisti\u00f3 a IXD, lugar donde funciona la sede del operativo Censo 2022. El<\/p>\n","protected":false},"author":3,"featured_media":49012,"comment_status":"closed","ping_status":"closed","sticky":false,"template":"","format":"standard","meta":{"_acf_changed":false,"_seopress_robots_primary_cat":"none","_seopress_titles_title":"","_seopress_titles_desc":"","_seopress_robots_index":"","colormag_page_container_layout":"default_layout","colormag_page_sidebar_layout":"default_layout","footnotes":""},"categories":[1],"tags":[],"class_list":["post-48992","post","type-post","status-publish","format-standard","has-post-thumbnail","hentry","category-destacadas"],"acf":[],"_links":{"self":[{"href":"https:\/\/vocesparalelas.com.ar\/sitio\/wp-json\/wp\/v2\/posts\/48992","targetHints":{"allow":["GET"]}}],"collection":[{"href":"https:\/\/vocesparalelas.com.ar\/sitio\/wp-json\/wp\/v2\/posts"}],"about":[{"href":"https:\/\/vocesparalelas.com.ar\/sitio\/wp-json\/wp\/v2\/types\/post"}],"author":[{"embeddable":true,"href":"https:\/\/vocesparalelas.com.ar\/sitio\/wp-json\/wp\/v2\/users\/3"}],"replies":[{"embeddable":true,"href":"https:\/\/vocesparalelas.com.ar\/sitio\/wp-json\/wp\/v2\/comments?post=48992"}],"version-history":[{"count":1,"href":"https:\/\/vocesparalelas.com.ar\/sitio\/wp-json\/wp\/v2\/posts\/48992\/revisions"}],"predecessor-version":[{"id":48997,"href":"https:\/\/vocesparalelas.com.ar\/sitio\/wp-json\/wp\/v2\/posts\/48992\/revisions\/48997"}],"wp:featuredmedia":[{"embeddable":true,"href":"https:\/\/vocesparalelas.com.ar\/sitio\/wp-json\/wp\/v2\/media\/49012"}],"wp:attachment":[{"href":"https:\/\/vocesparalelas.com.ar\/sitio\/wp-json\/wp\/v2\/media?parent=48992"}],"wp:term":[{"taxonomy":"category","embeddable":true,"href":"https:\/\/vocesparalelas.com.ar\/sitio\/wp-json\/wp\/v2\/categories?post=48992"},{"taxonomy":"post_tag","embeddable":true,"href":"https:\/\/vocesparalelas.com.ar\/sitio\/wp-json\/wp\/v2\/tags?post=48992"}],"curies":[{"name":"wp","href":"https:\/\/api.w.org\/{rel}","templated":true}]}}