{"id":48975,"date":"2022-05-17T20:33:45","date_gmt":"2022-05-17T23:33:45","guid":{"rendered":"https:\/\/vocesparalelas.com.ar\/sitio\/?p=48975"},"modified":"2022-05-17T20:37:51","modified_gmt":"2022-05-17T23:37:51","slug":"audiencia-publica-hacia-la-nueva-ley-de-discapacidad-en-san-juan","status":"publish","type":"post","link":"https:\/\/vocesparalelas.com.ar\/sitio\/audiencia-publica-hacia-la-nueva-ley-de-discapacidad-en-san-juan\/","title":{"rendered":"Audiencia p\u00fablica hacia la nueva Ley de Discapacidad en San Juan"},"content":{"rendered":"<p>En pleno proceso de debate por la Nueva Ley de Discapacidad, el Ministerio de Desarrollo Humano y Promoci\u00f3n Social a trav\u00e9s de la Direcci\u00f3n de Personas con Discapacidad y la Agencia Nacional de Discapacidad (Andis), llev\u00f3 a cabo la segunda jornada de Audiencia P\u00fablica que tuvo a San Juan como sede regional.<\/p>\n<p>Con una gran convocatoria ciudadana, el encuentro reuni\u00f3 a referentes de la regi\u00f3n Cuyo &#8211; Mendoza, San Luis, La Rioja y San Juan &#8211; contando con la participaci\u00f3n activa de m\u00e1s de 70 oradores, generando instancias de di\u00e1logo e intercambio de opiniones con una visi\u00f3n m\u00e1s federal; donde los aportes de la sociedad civil, personas con discapacidad, familias y organizaciones involucradas como organismos p\u00fablicos, fueron algunos de los sectores claves para la creaci\u00f3n de esta nueva normativa.<\/p>\n<p>Cabe recordar que aquellas personas que se inscribieron como oradoras (personas con discapacidad, familiares, representantes de organismos e instituciones), contaron con cinco minutos para exponer sobre el tema de su inter\u00e9s.<\/p>\n<p>Al respecto, la titular de la Direcci\u00f3n de Personas con Discapacidad, expres\u00f3: \u201cEstamos muy contentos con la cantidad de personas que concurrieron a la audiencia p\u00fablica en nuestra provincia. Cada participaci\u00f3n fue muy valiosa. Los aportes realizados servir\u00e1n para la construcci\u00f3n de la nueva ley\u201d.<\/p>\n<p><img loading=\"lazy\" decoding=\"async\" class=\"alignnone size-full wp-image-48978\" src=\"https:\/\/vocesparalelas.com.ar\/sitio\/wp-content\/uploads\/2022\/05\/DISCAPACIDAD-LEY-02.jpg\" alt=\"\" width=\"800\" height=\"533\" srcset=\"https:\/\/vocesparalelas.com.ar\/sitio\/wp-content\/uploads\/2022\/05\/DISCAPACIDAD-LEY-02.jpg 800w, https:\/\/vocesparalelas.com.ar\/sitio\/wp-content\/uploads\/2022\/05\/DISCAPACIDAD-LEY-02-300x200.jpg 300w, https:\/\/vocesparalelas.com.ar\/sitio\/wp-content\/uploads\/2022\/05\/DISCAPACIDAD-LEY-02-768x512.jpg 768w\" sizes=\"auto, (max-width: 800px) 100vw, 800px\" \/><\/p>\n<p>Las audiencias en torno a una nueva Ley de Discapacidad buscan reemplazar la Ley 22.431, que fue sancionada y promulgada en 1981, durante la \u00faltima dictadura c\u00edvico militar; esto implica una modernizaci\u00f3n e incorporaci\u00f3n a nuevos sistemas.<\/p>\n<p>Esta nueva ley tendr\u00e1 una mayor impronta de derechos humanos, con perspectiva de g\u00e9nero, interseccional e intercultural; pretendiendo reconocer primero a la persona y promoviendo la inclusi\u00f3n en todos sus \u00e1mbitos.<\/p>\n<p>F\u00e1tima Rosales, una joven con discapacidad que fue una de las oradoras de la audiencia p\u00fablica, consider\u00f3 \u201cfundamental una ley con perspectiva de g\u00e9nero, social y de discapacidad. Adem\u00e1s, es importante que todas las personas con discapacidad puedan acceder a una pensi\u00f3n, promoviendo su independencia. Otro de los puntos a tener en cuenta, es que la lengua de se\u00f1as deber\u00eda ser incorporada en la curricular escolar desde tempranas edades, logrando as\u00ed una mayor inclusi\u00f3n\u201d.<\/p>\n<p>Una de las oradoras, en representaci\u00f3n de la Asociaci\u00f3n Civil Dinos XV Deporte Adaptado, valor\u00f3 como \u201cimportante ser escuchados, tener mayor acceso y facilidad para nuestros hijos, ellos quieren necesitan seguir con sus estudios. Los proyectos de discapacidad deben ser tomados como pol\u00edticas de Estado\u201d.<\/p>\n<p>Otra de las oradoras, en representaci\u00f3n de la Asociaci\u00f3n Civil Alas Solidarias, se refiri\u00f3 a la importancia de \u00abtrabajar para mejorar la calidad de vida de las personas con discapacidad de nuestra provincia. Es muy importante trabajar por una mayor inserci\u00f3n laboral; pedimos un aumento de cupo en instituciones p\u00fablicas como privadas\u201d.<\/p>\n<p>&nbsp;<\/p>\n<p><img loading=\"lazy\" decoding=\"async\" class=\"alignnone size-full wp-image-48979\" src=\"https:\/\/vocesparalelas.com.ar\/sitio\/wp-content\/uploads\/2022\/05\/DISCAPACIDAD-LEY-03.jpg\" alt=\"\" width=\"800\" height=\"487\" srcset=\"https:\/\/vocesparalelas.com.ar\/sitio\/wp-content\/uploads\/2022\/05\/DISCAPACIDAD-LEY-03.jpg 800w, https:\/\/vocesparalelas.com.ar\/sitio\/wp-content\/uploads\/2022\/05\/DISCAPACIDAD-LEY-03-300x183.jpg 300w, https:\/\/vocesparalelas.com.ar\/sitio\/wp-content\/uploads\/2022\/05\/DISCAPACIDAD-LEY-03-768x468.jpg 768w\" sizes=\"auto, (max-width: 800px) 100vw, 800px\" \/><\/p>\n<p>&nbsp;<\/p>\n<p>&nbsp;<\/p>\n<p>&nbsp;<\/p>\n","protected":false},"excerpt":{"rendered":"<p>En pleno proceso de debate por la Nueva Ley de Discapacidad, el Ministerio de Desarrollo Humano y Promoci\u00f3n Social a<\/p>\n","protected":false},"author":3,"featured_media":48977,"comment_status":"closed","ping_status":"closed","sticky":false,"template":"","format":"standard","meta":{"_acf_changed":false,"_seopress_robots_primary_cat":"none","_seopress_titles_title":"","_seopress_titles_desc":"","_seopress_robots_index":"","colormag_page_container_layout":"default_layout","colormag_page_sidebar_layout":"default_layout","footnotes":""},"categories":[1],"tags":[],"class_list":["post-48975","post","type-post","status-publish","format-standard","has-post-thumbnail","hentry","category-destacadas"],"acf":[],"_links":{"self":[{"href":"https:\/\/vocesparalelas.com.ar\/sitio\/wp-json\/wp\/v2\/posts\/48975","targetHints":{"allow":["GET"]}}],"collection":[{"href":"https:\/\/vocesparalelas.com.ar\/sitio\/wp-json\/wp\/v2\/posts"}],"about":[{"href":"https:\/\/vocesparalelas.com.ar\/sitio\/wp-json\/wp\/v2\/types\/post"}],"author":[{"embeddable":true,"href":"https:\/\/vocesparalelas.com.ar\/sitio\/wp-json\/wp\/v2\/users\/3"}],"replies":[{"embeddable":true,"href":"https:\/\/vocesparalelas.com.ar\/sitio\/wp-json\/wp\/v2\/comments?post=48975"}],"version-history":[{"count":1,"href":"https:\/\/vocesparalelas.com.ar\/sitio\/wp-json\/wp\/v2\/posts\/48975\/revisions"}],"predecessor-version":[{"id":48980,"href":"https:\/\/vocesparalelas.com.ar\/sitio\/wp-json\/wp\/v2\/posts\/48975\/revisions\/48980"}],"wp:featuredmedia":[{"embeddable":true,"href":"https:\/\/vocesparalelas.com.ar\/sitio\/wp-json\/wp\/v2\/media\/48977"}],"wp:attachment":[{"href":"https:\/\/vocesparalelas.com.ar\/sitio\/wp-json\/wp\/v2\/media?parent=48975"}],"wp:term":[{"taxonomy":"category","embeddable":true,"href":"https:\/\/vocesparalelas.com.ar\/sitio\/wp-json\/wp\/v2\/categories?post=48975"},{"taxonomy":"post_tag","embeddable":true,"href":"https:\/\/vocesparalelas.com.ar\/sitio\/wp-json\/wp\/v2\/tags?post=48975"}],"curies":[{"name":"wp","href":"https:\/\/api.w.org\/{rel}","templated":true}]}}