{"id":48963,"date":"2022-05-17T20:06:57","date_gmt":"2022-05-17T23:06:57","guid":{"rendered":"https:\/\/vocesparalelas.com.ar\/sitio\/?p=48963"},"modified":"2022-05-17T20:06:57","modified_gmt":"2022-05-17T23:06:57","slug":"capacitaron-a-alumnos-del-secundarios-de-san-juan-en-seguridad-vial","status":"publish","type":"post","link":"https:\/\/vocesparalelas.com.ar\/sitio\/capacitaron-a-alumnos-del-secundarios-de-san-juan-en-seguridad-vial\/","title":{"rendered":"Capacitaron a alumnos del Secundarios de San Juan en seguridad vial"},"content":{"rendered":"<p>Los Estudiantes de los \u00faltimos a\u00f1os de los Departamentos de Pocito, San Mart\u00edn y Santa Luc\u00eda recibieron charlas sobre seguridad vial en general y uso de cascos para motociclistas.<\/p>\n<p>La iniciativa se trata de un trabajo intersectorial entre los ministerios de Salud P\u00fablica, a trav\u00e9s del programa Municipios Saludables encabezado por la Lic. Silvia Guevara; de Educaci\u00f3n; de Gobierno, mediante la Direcci\u00f3n de Tr\u00e1nsito y Transporte, y la Agencia Nacional de Seguridad Vial.<\/p>\n<p>Municipios y Comunidades Saludables es un programa federal del Ministerio de Salud de la Naci\u00f3n mediante el cual se busca fortalecer las capacidades de los municipios en la promoci\u00f3n y la gesti\u00f3n de la salud en el \u00e1mbito local.<\/p>\n<p>En esta oportunidad, luego de un trabajo previo sobre estas l\u00edneas de acci\u00f3n con la Direcci\u00f3n de Tr\u00e1nsito y Transporte, los referentes locales y los municipios de Pocito, San Mart\u00edn y Santa Luc\u00eda diagramaron las capacitaciones que estuvieron dirigidas a estudiantes de los \u00faltimos cursos de las escuelas secundarias.<\/p>\n<p>Dos instructores de Naci\u00f3n capacitaron mediante charlas y una serie de videos a los chicos de 16 y 17 a\u00f1os que est\u00e1n pr\u00f3ximos a obtener el carnet de conducir. Adem\u00e1s se obsequiaron cascos a los estudiantes.<\/p>\n<p>En Santa Luc\u00eda, se realiz\u00f3 en el sal\u00f3n cultural y en San Mart\u00edn en el estadio, con los chicos de las escuelas. En Pocito, tuvo lugar en la Escuela Froil\u00e1n Ferrer, con la presencia del intendente Armando S\u00e1nchez.<\/p>\n<p>En todos los casos estuvieron los directivos, el personal de Tr\u00e1nsito de la Provincia, el equipo de Naci\u00f3n y el equipo de Municipios Saludables, representando al Ministerio de Salud de la Provincia.<\/p>\n<p>Por otro lado, Naci\u00f3n les pide a los municipios de Pocito, San Mart\u00edn y Santa Luc\u00eda veinte controles de alcoholemia que realiza la polic\u00eda de tr\u00e1nsito de la Provincia. El municipio hace el registro y as\u00ed pueden cumplir con otra de las actividades obligatorias.<\/p>\n<p>Por otra parte, los referentes locales de Municipios Saludables realizar\u00e1n un estudio observacional sobre comportamiento en materia de seguridad vial y con municipios o departamentos con gran cantidad de poblaci\u00f3n.<\/p>\n<p>As\u00ed fue que se eligi\u00f3 a Capital y Rawson para el estudio que se realizar\u00e1 en junio. Se ejecutar\u00e1 con el personal del programa y se invit\u00f3 a las zonas sanitarias para que participen con sus equipos, adem\u00e1s de la Polic\u00eda de la Provincia y los municipios citados.<\/p>\n<p>Este relevamiento se har\u00e1 en cuatro puntos estrat\u00e9gicos para observar el comportamiento vial de las personas que conducen motos y autos, dos d\u00edas h\u00e1biles y un fin de semana.<\/p>\n<p>Para Salud P\u00fablica, el comportamiento vial es sumamente importante porque es la instituci\u00f3n receptora de las personas que atraviesan los siniestros viales, con los diferentes costos que esto ocasiona.<\/p>\n<p><img loading=\"lazy\" decoding=\"async\" class=\"alignnone size-full wp-image-48966\" src=\"https:\/\/vocesparalelas.com.ar\/sitio\/wp-content\/uploads\/2022\/05\/VIAL-02.jpg\" alt=\"\" width=\"800\" height=\"534\" srcset=\"https:\/\/vocesparalelas.com.ar\/sitio\/wp-content\/uploads\/2022\/05\/VIAL-02.jpg 800w, https:\/\/vocesparalelas.com.ar\/sitio\/wp-content\/uploads\/2022\/05\/VIAL-02-300x200.jpg 300w, https:\/\/vocesparalelas.com.ar\/sitio\/wp-content\/uploads\/2022\/05\/VIAL-02-768x513.jpg 768w\" sizes=\"auto, (max-width: 800px) 100vw, 800px\" \/><\/p>\n<p>&nbsp;<\/p>\n<p>&nbsp;<\/p>\n<p>&nbsp;<\/p>\n","protected":false},"excerpt":{"rendered":"<p>Los Estudiantes de los \u00faltimos a\u00f1os de los Departamentos de Pocito, San Mart\u00edn y Santa Luc\u00eda recibieron charlas sobre seguridad<\/p>\n","protected":false},"author":3,"featured_media":48965,"comment_status":"closed","ping_status":"closed","sticky":false,"template":"","format":"standard","meta":{"_acf_changed":false,"_seopress_robots_primary_cat":"none","_seopress_titles_title":"","_seopress_titles_desc":"","_seopress_robots_index":"","colormag_page_container_layout":"default_layout","colormag_page_sidebar_layout":"default_layout","footnotes":""},"categories":[1],"tags":[],"class_list":["post-48963","post","type-post","status-publish","format-standard","has-post-thumbnail","hentry","category-destacadas"],"acf":[],"_links":{"self":[{"href":"https:\/\/vocesparalelas.com.ar\/sitio\/wp-json\/wp\/v2\/posts\/48963","targetHints":{"allow":["GET"]}}],"collection":[{"href":"https:\/\/vocesparalelas.com.ar\/sitio\/wp-json\/wp\/v2\/posts"}],"about":[{"href":"https:\/\/vocesparalelas.com.ar\/sitio\/wp-json\/wp\/v2\/types\/post"}],"author":[{"embeddable":true,"href":"https:\/\/vocesparalelas.com.ar\/sitio\/wp-json\/wp\/v2\/users\/3"}],"replies":[{"embeddable":true,"href":"https:\/\/vocesparalelas.com.ar\/sitio\/wp-json\/wp\/v2\/comments?post=48963"}],"version-history":[{"count":1,"href":"https:\/\/vocesparalelas.com.ar\/sitio\/wp-json\/wp\/v2\/posts\/48963\/revisions"}],"predecessor-version":[{"id":48967,"href":"https:\/\/vocesparalelas.com.ar\/sitio\/wp-json\/wp\/v2\/posts\/48963\/revisions\/48967"}],"wp:featuredmedia":[{"embeddable":true,"href":"https:\/\/vocesparalelas.com.ar\/sitio\/wp-json\/wp\/v2\/media\/48965"}],"wp:attachment":[{"href":"https:\/\/vocesparalelas.com.ar\/sitio\/wp-json\/wp\/v2\/media?parent=48963"}],"wp:term":[{"taxonomy":"category","embeddable":true,"href":"https:\/\/vocesparalelas.com.ar\/sitio\/wp-json\/wp\/v2\/categories?post=48963"},{"taxonomy":"post_tag","embeddable":true,"href":"https:\/\/vocesparalelas.com.ar\/sitio\/wp-json\/wp\/v2\/tags?post=48963"}],"curies":[{"name":"wp","href":"https:\/\/api.w.org\/{rel}","templated":true}]}}