{"id":48955,"date":"2022-05-17T19:58:28","date_gmt":"2022-05-17T22:58:28","guid":{"rendered":"https:\/\/vocesparalelas.com.ar\/sitio\/?p=48955"},"modified":"2022-05-17T20:01:39","modified_gmt":"2022-05-17T23:01:39","slug":"se-inauguro-la-primera-planta-de-reutilizacion-de-aceites-minerales-en-desuso-de-cuyo-en-san-juan","status":"publish","type":"post","link":"https:\/\/vocesparalelas.com.ar\/sitio\/se-inauguro-la-primera-planta-de-reutilizacion-de-aceites-minerales-en-desuso-de-cuyo-en-san-juan\/","title":{"rendered":"Se inaugur\u00f3 la primera planta de reutilizaci\u00f3n de aceites minerales en desuso de Cuyo en San Juan"},"content":{"rendered":"<p>El Martes, 17 de Mayo de 2022, el gobernador de San Juan, Dr. Sergio U\u00f1ac acompa\u00f1\u00f3 al presidente de CAMC Argentina SA, Federico Ramos, en la inauguraci\u00f3n de la primera planta de reutilizaci\u00f3n de aceites minerales en desuso de Cuyo, la cual est\u00e1 ubicada en el Parque Industrial Tecnol\u00f3gico Ambiental (PITAR).<\/p>\n<p>Con el objetivo de resolver la disposici\u00f3n final de los aceites usados y las emulsiones de agua con hidrocarburo, la operaci\u00f3n que realizar\u00e1 CAMC Argentina consta en la recepci\u00f3n de un residuo peligroso compuesto por aceites minerales o emulsiones del mismo que no permiten su reutilizaci\u00f3n o reciclado, a menos que sean tratados de acuerdo a toda la normativa ambiental vigente.<\/p>\n<p>El objetivo es liberar el hidrocarburo de todos los contaminantes que posee y de esa forma, poder generar obtener diferentes combustibles estandarizados bajo normas nacionales e internacionales para ser reutilizados en otras fuentes que requieran energ\u00eda u obtenci\u00f3n de base para la fabricaci\u00f3n de nuevos lubricantes.<\/p>\n<p><img loading=\"lazy\" decoding=\"async\" class=\"alignnone size-full wp-image-48960\" src=\"https:\/\/vocesparalelas.com.ar\/sitio\/wp-content\/uploads\/2022\/05\/PITAR-02.jpg\" alt=\"\" width=\"800\" height=\"534\" srcset=\"https:\/\/vocesparalelas.com.ar\/sitio\/wp-content\/uploads\/2022\/05\/PITAR-02.jpg 800w, https:\/\/vocesparalelas.com.ar\/sitio\/wp-content\/uploads\/2022\/05\/PITAR-02-300x200.jpg 300w, https:\/\/vocesparalelas.com.ar\/sitio\/wp-content\/uploads\/2022\/05\/PITAR-02-768x513.jpg 768w\" sizes=\"auto, (max-width: 800px) 100vw, 800px\" \/><\/p>\n<p>En la ocasi\u00f3n, acompa\u00f1aron al gobernador el ministro de Producci\u00f3n y Desarrollo Econ\u00f3mico, Ariel Lucero; el secretario de Ambiente y Desarrollo Sustentable, Francisco Guevara; los intendentes de Rivadavia, Dr. Fabian Mart\u00edn y de Iglesia, Jorge Espejo; el presidente de la Uni\u00f3n Industrial, Ricardo Palacios; el presidente de la C\u00e1mara Argentina de Servicios Mineros, Daniel C\u00e1rcamo; el secretario general de la Uni\u00f3n Obrera Ladrilleros de Argentina, Luis C\u00e1ceres; el representante de la Uni\u00f3n Industrial Argentina, Ing. Hugo Goransky; entre otras autoridades.<\/p>\n<p>En su discurso, el gobernador puso en valor la diversificaci\u00f3n de la matriz productiva que lleva adelante la Provincia, la cual tiene al cuidado del medioambiente como uno de sus ejes fundamentales.<\/p>\n<p>En ese sentido asegur\u00f3 que \u00ablos sanjuaninos entendimos que deb\u00edamos sumar actividades a las actuales y as\u00ed lo fuimos haciendo a lo largo de las d\u00e9cadas\u00bb, asegur\u00f3 el gobernador, que enumer\u00f3 la mencionada evoluci\u00f3n de San Juan desde la agricultura a la industria y el desarrollo minero, hasta las energ\u00edas renovables y el turismo.<\/p>\n<p>\u00abLos sanjuaninos encontramos en el camino de la diversificaci\u00f3n la posibilidad de construir un pa\u00eds federal\u00bb, afirm\u00f3 U\u00f1ac.<\/p>\n<p>Para cerrar dijo que \u00abel Acuerdo San Juan fue un ejercicio fenomenal para la provincia donde se demostr\u00f3 que en San Juan se puede discutir, dialogar para construir caminos que nos comprometan y nos incluyan a todos\u00bb.<\/p>\n<p>Por su parte, el secretario de Ambiente, Francisco Guevara, se refiri\u00f3 al D\u00eda Internacional del Reciclaje, que se celebra en la jornada, y brind\u00f3 detalles de las caracter\u00edsticas naturales y paisajistas con las que cuenta el PITAR.<\/p>\n<p>Luego, puso en valor el emprendimiento que se puso en funcionamiento y cont\u00f3 los distintos proyectos en los que la cartera que dirige est\u00e1 llevando adelante dentro del predio.<\/p>\n<p>Concluyendo con sus palabras manifest\u00f3 que \u00absumamos un granito de arena para encender la llama del cuidado del ambiente, acompa\u00f1ando industrias verdes y sustentables para sumarse a la diversificaci\u00f3n de la matriz productiva\u00bb.<\/p>\n<p>A su turno, el intendente de Rivadavia, Fabian Mart\u00edn, puso en valor el PITAR junto a la inversi\u00f3n realizada por la familia Ramos. Adem\u00e1s, destac\u00f3 la visi\u00f3n y el trabajo del gobernador U\u00f1ac para poner en funcionamiento el mencionado parque.<\/p>\n<p>\u00abHace dos d\u00e9cadas este predio era un basural a cielo abierto donde la gente tiraba la basura y hoy ha cambiado much\u00edsimo\u00bb, dijo Mart\u00edn, que agreg\u00f3 \u00abel Gobierno ha trabajado muy bien la pol\u00edtica ambiental de San Juan y lo vamos a apoyar siempre\u00bb.<\/p>\n<p>El presidente de CAMC, Federico Ramos, explic\u00f3 en detalle el proceso de reutilzaci\u00f3n que tendr\u00e1n los aceites minerales usados generados en la provincia y la regi\u00f3n.<\/p>\n<p>En ese contexto afirm\u00f3 que dieron conclusi\u00f3n a la primera etapa de inversi\u00f3n de la empresa y dijo que \u00abla segunda etapa es la construcci\u00f3n de una nave industrial en el predio anexo a este mismo donde podremos tratar y reciclar otras corrientes de residuos peligrosos para darle una soluci\u00f3n sustentable a los grandes, medianos y peque\u00f1os generadores de San Juan y la regi\u00f3n\u00bb.<\/p>\n<p>Finalmente agradeci\u00f3 al gobernador por el apoyo que le brinda a los empresarios, en especial a los del PITAR y dijo que \u00abesta planta dar\u00e1 trabajo directo e indirecto a unas 50 personas y es la prueba que cuando los desaf\u00edos son acompa\u00f1ados con pol\u00edticas p\u00fablicas no quedan solo en las palabras ya que se hacen viables\u00bb.<\/p>\n<p><iframe loading=\"lazy\" title=\"Sergio U\u00f1ac dej\u00f3 inaugurada la primera Planta de Reutilizaci\u00f3n de Aceites Minerales de Cuyo\" width=\"800\" height=\"450\" src=\"https:\/\/www.youtube.com\/embed\/0rquJN6PXc4?feature=oembed\" frameborder=\"0\" allow=\"accelerometer; autoplay; clipboard-write; encrypted-media; gyroscope; picture-in-picture\" allowfullscreen><\/iframe><\/p>\n<p>&nbsp;<\/p>\n<p>&nbsp;<\/p>\n","protected":false},"excerpt":{"rendered":"<p>El Martes, 17 de Mayo de 2022, el gobernador de San Juan, Dr. Sergio U\u00f1ac acompa\u00f1\u00f3 al presidente de CAMC<\/p>\n","protected":false},"author":3,"featured_media":48957,"comment_status":"closed","ping_status":"closed","sticky":false,"template":"","format":"video","meta":{"_acf_changed":false,"_seopress_robots_primary_cat":"none","_seopress_titles_title":"","_seopress_titles_desc":"","_seopress_robots_index":"","colormag_page_container_layout":"default_layout","colormag_page_sidebar_layout":"default_layout","footnotes":""},"categories":[1,7],"tags":[],"class_list":["post-48955","post","type-post","status-publish","format-video","has-post-thumbnail","hentry","category-destacadas","category-videos","post_format-post-format-video"],"acf":[],"_links":{"self":[{"href":"https:\/\/vocesparalelas.com.ar\/sitio\/wp-json\/wp\/v2\/posts\/48955","targetHints":{"allow":["GET"]}}],"collection":[{"href":"https:\/\/vocesparalelas.com.ar\/sitio\/wp-json\/wp\/v2\/posts"}],"about":[{"href":"https:\/\/vocesparalelas.com.ar\/sitio\/wp-json\/wp\/v2\/types\/post"}],"author":[{"embeddable":true,"href":"https:\/\/vocesparalelas.com.ar\/sitio\/wp-json\/wp\/v2\/users\/3"}],"replies":[{"embeddable":true,"href":"https:\/\/vocesparalelas.com.ar\/sitio\/wp-json\/wp\/v2\/comments?post=48955"}],"version-history":[{"count":3,"href":"https:\/\/vocesparalelas.com.ar\/sitio\/wp-json\/wp\/v2\/posts\/48955\/revisions"}],"predecessor-version":[{"id":48962,"href":"https:\/\/vocesparalelas.com.ar\/sitio\/wp-json\/wp\/v2\/posts\/48955\/revisions\/48962"}],"wp:featuredmedia":[{"embeddable":true,"href":"https:\/\/vocesparalelas.com.ar\/sitio\/wp-json\/wp\/v2\/media\/48957"}],"wp:attachment":[{"href":"https:\/\/vocesparalelas.com.ar\/sitio\/wp-json\/wp\/v2\/media?parent=48955"}],"wp:term":[{"taxonomy":"category","embeddable":true,"href":"https:\/\/vocesparalelas.com.ar\/sitio\/wp-json\/wp\/v2\/categories?post=48955"},{"taxonomy":"post_tag","embeddable":true,"href":"https:\/\/vocesparalelas.com.ar\/sitio\/wp-json\/wp\/v2\/tags?post=48955"}],"curies":[{"name":"wp","href":"https:\/\/api.w.org\/{rel}","templated":true}]}}