{"id":48943,"date":"2022-05-16T22:45:15","date_gmt":"2022-05-17T01:45:15","guid":{"rendered":"https:\/\/vocesparalelas.com.ar\/sitio\/?p=48943"},"modified":"2022-05-16T22:47:02","modified_gmt":"2022-05-17T01:47:02","slug":"ante-el-paro-del-transporte-publico-la-actividad-en-la-unsj-es-normal-pero-se-justifica-la-no-asistencia","status":"publish","type":"post","link":"https:\/\/vocesparalelas.com.ar\/sitio\/ante-el-paro-del-transporte-publico-la-actividad-en-la-unsj-es-normal-pero-se-justifica-la-no-asistencia\/","title":{"rendered":"Ante el paro del Transporte P\u00fablico la actividad en la UNSJ es normal pero se justifica la no asistencia"},"content":{"rendered":"<p>Ante la confirmaci\u00f3n de la medida de fuerza dispuesta por UTA, suspendiendo el servicio de transporte p\u00fablico en los pr\u00f3ximos d\u00edas, la UNSJ informa que la actividad acad\u00e9mica es normal\u00a0en los Institutos Preuniversitarios, Escuela Universitaria de Ciencias de la Salud y en las Facultades.<\/p>\n<p>Asimismo, anuncia que se justifica la inasistencia a quienes no puedan asistir por falta de transporte.<\/p>\n","protected":false},"excerpt":{"rendered":"<p>Ante la confirmaci\u00f3n de la medida de fuerza dispuesta por UTA, suspendiendo el servicio de transporte p\u00fablico en los pr\u00f3ximos<\/p>\n","protected":false},"author":3,"featured_media":37900,"comment_status":"closed","ping_status":"closed","sticky":false,"template":"","format":"standard","meta":{"_acf_changed":false,"_seopress_robots_primary_cat":"none","_seopress_titles_title":"","_seopress_titles_desc":"","_seopress_robots_index":"","colormag_page_container_layout":"default_layout","colormag_page_sidebar_layout":"default_layout","footnotes":""},"categories":[1],"tags":[],"class_list":["post-48943","post","type-post","status-publish","format-standard","has-post-thumbnail","hentry","category-destacadas"],"acf":[],"_links":{"self":[{"href":"https:\/\/vocesparalelas.com.ar\/sitio\/wp-json\/wp\/v2\/posts\/48943","targetHints":{"allow":["GET"]}}],"collection":[{"href":"https:\/\/vocesparalelas.com.ar\/sitio\/wp-json\/wp\/v2\/posts"}],"about":[{"href":"https:\/\/vocesparalelas.com.ar\/sitio\/wp-json\/wp\/v2\/types\/post"}],"author":[{"embeddable":true,"href":"https:\/\/vocesparalelas.com.ar\/sitio\/wp-json\/wp\/v2\/users\/3"}],"replies":[{"embeddable":true,"href":"https:\/\/vocesparalelas.com.ar\/sitio\/wp-json\/wp\/v2\/comments?post=48943"}],"version-history":[{"count":2,"href":"https:\/\/vocesparalelas.com.ar\/sitio\/wp-json\/wp\/v2\/posts\/48943\/revisions"}],"predecessor-version":[{"id":48946,"href":"https:\/\/vocesparalelas.com.ar\/sitio\/wp-json\/wp\/v2\/posts\/48943\/revisions\/48946"}],"wp:featuredmedia":[{"embeddable":true,"href":"https:\/\/vocesparalelas.com.ar\/sitio\/wp-json\/wp\/v2\/media\/37900"}],"wp:attachment":[{"href":"https:\/\/vocesparalelas.com.ar\/sitio\/wp-json\/wp\/v2\/media?parent=48943"}],"wp:term":[{"taxonomy":"category","embeddable":true,"href":"https:\/\/vocesparalelas.com.ar\/sitio\/wp-json\/wp\/v2\/categories?post=48943"},{"taxonomy":"post_tag","embeddable":true,"href":"https:\/\/vocesparalelas.com.ar\/sitio\/wp-json\/wp\/v2\/tags?post=48943"}],"curies":[{"name":"wp","href":"https:\/\/api.w.org\/{rel}","templated":true}]}}