{"id":48901,"date":"2022-05-16T12:23:18","date_gmt":"2022-05-16T15:23:18","guid":{"rendered":"https:\/\/vocesparalelas.com.ar\/sitio\/?p=48901"},"modified":"2022-05-16T12:23:18","modified_gmt":"2022-05-16T15:23:18","slug":"firma-de-dos-convenios-de-la-faud-de-la-unsj-al-servicio-de-la-comunidad-del-departamento-iglesia","status":"publish","type":"post","link":"https:\/\/vocesparalelas.com.ar\/sitio\/firma-de-dos-convenios-de-la-faud-de-la-unsj-al-servicio-de-la-comunidad-del-departamento-iglesia\/","title":{"rendered":"Firma de dos convenios de la FAUD de la UNSJ al servicio de la comunidad del Departamento Iglesia"},"content":{"rendered":"<p>El decano de la Facultad de Arquitectura, Urbanismo y Dise\u00f1o de la UNSJ, Arq. Guillermo Velasco, visit\u00f3 al intendente de la Municipalidad de Iglesia, Jorge Espejo, para firmar dos importantes Actas Complementarias.<\/p>\n<p><img loading=\"lazy\" decoding=\"async\" class=\"alignnone size-full wp-image-48903\" src=\"https:\/\/vocesparalelas.com.ar\/sitio\/wp-content\/uploads\/2022\/05\/FAUD-Firma-de-Actas-02.jpg\" alt=\"\" width=\"800\" height=\"513\" srcset=\"https:\/\/vocesparalelas.com.ar\/sitio\/wp-content\/uploads\/2022\/05\/FAUD-Firma-de-Actas-02.jpg 800w, https:\/\/vocesparalelas.com.ar\/sitio\/wp-content\/uploads\/2022\/05\/FAUD-Firma-de-Actas-02-300x192.jpg 300w, https:\/\/vocesparalelas.com.ar\/sitio\/wp-content\/uploads\/2022\/05\/FAUD-Firma-de-Actas-02-768x492.jpg 768w\" sizes=\"auto, (max-width: 800px) 100vw, 800px\" \/><\/p>\n<p>A trav\u00e9s del Instituto Regional de Planeamiento y H\u00e1bitat &#8211; IRPHa -, instituto de doble dependencia, CONICET-UNSJ, perteneciente a la FAUD, que permite la asesor\u00eda a la Municipalidad de Iglesia para la restauraci\u00f3n y puesta en valor de casonas hist\u00f3ricas del departamento.<\/p>\n<p>La otra firma implica el dictado de un Curso-Taller sobre construcci\u00f3n en tierra cruda, de tal manera de mejorar el sistema constructivo de las edificaciones con adobe, adobe estabilizado o quincha.<\/p>\n<p>Dichas construcciones constituyen una realidad y son caracter\u00edsticas del Departamento. El objetivo es mejorar las condiciones constructivas optimizando sus fortalezas y mitigando sus vulnerabilidades, de manera de reducir los riesgos. Esas tareas ser\u00e1n realizadas por el IRPHa y el Laboratorio de Experimentaci\u00f3n Constructiva, dependiente del \u00c1rea Materialidad.<\/p>\n<p>Uno de los grandes objetivos de la Universidad y de la Facultad es vincularse con el medio e involucrarse en la comunidad, y el trabajo conjunto entre ambas instituciones cumple con ese cometido.<\/p>\n<p><img loading=\"lazy\" decoding=\"async\" class=\"alignnone size-full wp-image-43789\" src=\"https:\/\/vocesparalelas.com.ar\/sitio\/wp-content\/uploads\/2021\/11\/FAUD-LOGO-NUEVO.jpg\" alt=\"\" width=\"800\" height=\"533\" srcset=\"https:\/\/vocesparalelas.com.ar\/sitio\/wp-content\/uploads\/2021\/11\/FAUD-LOGO-NUEVO.jpg 800w, https:\/\/vocesparalelas.com.ar\/sitio\/wp-content\/uploads\/2021\/11\/FAUD-LOGO-NUEVO-300x200.jpg 300w, https:\/\/vocesparalelas.com.ar\/sitio\/wp-content\/uploads\/2021\/11\/FAUD-LOGO-NUEVO-768x512.jpg 768w\" sizes=\"auto, (max-width: 800px) 100vw, 800px\" \/><\/p>\n<p>&nbsp;<\/p>\n<p>&nbsp;<\/p>\n<p>&nbsp;<\/p>\n<p>&nbsp;<\/p>\n","protected":false},"excerpt":{"rendered":"<p>El decano de la Facultad de Arquitectura, Urbanismo y Dise\u00f1o de la UNSJ, Arq. Guillermo Velasco, visit\u00f3 al intendente de<\/p>\n","protected":false},"author":3,"featured_media":48904,"comment_status":"closed","ping_status":"closed","sticky":false,"template":"","format":"standard","meta":{"_acf_changed":false,"_seopress_robots_primary_cat":"none","_seopress_titles_title":"","_seopress_titles_desc":"","_seopress_robots_index":"","colormag_page_container_layout":"default_layout","colormag_page_sidebar_layout":"default_layout","footnotes":""},"categories":[1],"tags":[],"class_list":["post-48901","post","type-post","status-publish","format-standard","has-post-thumbnail","hentry","category-destacadas"],"acf":[],"_links":{"self":[{"href":"https:\/\/vocesparalelas.com.ar\/sitio\/wp-json\/wp\/v2\/posts\/48901","targetHints":{"allow":["GET"]}}],"collection":[{"href":"https:\/\/vocesparalelas.com.ar\/sitio\/wp-json\/wp\/v2\/posts"}],"about":[{"href":"https:\/\/vocesparalelas.com.ar\/sitio\/wp-json\/wp\/v2\/types\/post"}],"author":[{"embeddable":true,"href":"https:\/\/vocesparalelas.com.ar\/sitio\/wp-json\/wp\/v2\/users\/3"}],"replies":[{"embeddable":true,"href":"https:\/\/vocesparalelas.com.ar\/sitio\/wp-json\/wp\/v2\/comments?post=48901"}],"version-history":[{"count":1,"href":"https:\/\/vocesparalelas.com.ar\/sitio\/wp-json\/wp\/v2\/posts\/48901\/revisions"}],"predecessor-version":[{"id":48905,"href":"https:\/\/vocesparalelas.com.ar\/sitio\/wp-json\/wp\/v2\/posts\/48901\/revisions\/48905"}],"wp:featuredmedia":[{"embeddable":true,"href":"https:\/\/vocesparalelas.com.ar\/sitio\/wp-json\/wp\/v2\/media\/48904"}],"wp:attachment":[{"href":"https:\/\/vocesparalelas.com.ar\/sitio\/wp-json\/wp\/v2\/media?parent=48901"}],"wp:term":[{"taxonomy":"category","embeddable":true,"href":"https:\/\/vocesparalelas.com.ar\/sitio\/wp-json\/wp\/v2\/categories?post=48901"},{"taxonomy":"post_tag","embeddable":true,"href":"https:\/\/vocesparalelas.com.ar\/sitio\/wp-json\/wp\/v2\/tags?post=48901"}],"curies":[{"name":"wp","href":"https:\/\/api.w.org\/{rel}","templated":true}]}}