{"id":48871,"date":"2022-05-14T21:15:31","date_gmt":"2022-05-15T00:15:31","guid":{"rendered":"https:\/\/vocesparalelas.com.ar\/sitio\/?p=48871"},"modified":"2022-05-14T21:15:31","modified_gmt":"2022-05-15T00:15:31","slug":"se-presento-la-coleccion-binacional-paso-de-agua-negra-en-el-senado-de-la-nacion-argentina","status":"publish","type":"post","link":"https:\/\/vocesparalelas.com.ar\/sitio\/se-presento-la-coleccion-binacional-paso-de-agua-negra-en-el-senado-de-la-nacion-argentina\/","title":{"rendered":"Se present\u00f3 la Colecci\u00f3n Binacional Paso de Agua Negra en el Senado de la Naci\u00f3n Argentina"},"content":{"rendered":"<div class=\"itemFullText jbintrotext\">\n<p>En el marco de un hist\u00f3rico acto cumplido en el Senado de la Naci\u00f3n Argentina, una delegaci\u00f3n binacional compuesta por consejeros regionales de Coquimbo, Rep\u00fablica de Chile y de diputados provinciales de San Juan fue recibido por la senadora nacional Cristina L\u00f3pez Valverde y concretaron esta entrega de ejemplares que integran la Colecci\u00f3n Binacional.<\/p>\n<\/div>\n<div class=\"itemFullText\">\n<p>Ello ocurri\u00f3 en el edificio del Senado de la Naci\u00f3n, ubicado en calle Hip\u00f3lito Irigoyen 1702, de Capital Federal y en forma espec\u00edfica en la Sala Eva Per\u00f3n, en el marco de una ceremonia que encabez\u00f3 la anfitriona, la senadora Cristina L\u00f3pez Valverde y a la vez titular de la comisi\u00f3n de Educaci\u00f3n y Cultura del Senado y convoc\u00f3 al presidente de la comisi\u00f3n de Di\u00e1logo Pol\u00edtico, diputado provincial, Juan Carlos Abarca; las diputadas provinciales Fernanda Paredes y Florencia Pe\u00f1aloza y el legislador Enrique Monta\u00f1o y los consejeros regionales (CORE) de Coquimbo, Rep\u00fablica de Chile,\u00a0 Tatiana Ivonne del Pilar Castillo Gonz\u00e1lez; Tatiana Alejandra Cort\u00e9s; Juan Manuel Barraza y el presidente de la Comisi\u00f3n de Infraestructura y Ordenamiento Territorial del CORE Coquimbo Wladimir Pleticosic.<\/p>\n<p>Tras las palabras de bienvenida de la Presidenta de la Comisi\u00f3n de Educaci\u00f3n Y Cultura del Honorable Senado de la Naci\u00f3n, senadora nacional por San Juan, Cristina L\u00f3pez Valverde, fue cumplida la presentaci\u00f3n ante los presentes del documental \u201cEmar Acosta\u201d, primera mujer diputada de Latinoam\u00e9rica<\/p>\n<p>Posteriormente, hizo uso de la palabra Leticia Sormani de Fonseca, en representaci\u00f3n de la familia Acosta Luna, sobrina de Emar Acosta, luego de lo cual fue llevada a cabo la presentaci\u00f3n de la Colecci\u00f3n Binacional Paso de Agua Negra.<\/p>\n<p>M\u00e1s tarde, se dirigi\u00f3 a los presentes el titular de la comisi\u00f3n de Infraestructura y Ordenamiento Territorial del CORE Coquimbo, Consejero Regional Wladimir Pleticosic, quien destac\u00f3 las gestiones en favor de la integraci\u00f3n regional entre San Juan y Coquimabo.<\/p>\n<p>Luego, hizo uso de la palabra el presidente de la comisi\u00f3n de Di\u00e1logo Pol\u00edtico, diputado provincial, Juan Carlos Abarca, quien inst\u00f3 a los CORE y a los legisladores provinciales y a la sociedad toda a gestionar en favor de Agua Negra.<\/p>\n<p>Luego fue realizada la entrega de libros de la Colecci\u00f3n Binacional Paso de Agua Negra a la Biblioteca del Congreso.<\/p>\n<p>Por \u00faltimo, fue realizada una visita guiada especial al Senado de la Naci\u00f3n para los miembros de la delegaci\u00f3n del Consejo Regional de Coquimbo.<\/p>\n<p>&nbsp;<\/p>\n<\/div>\n","protected":false},"excerpt":{"rendered":"<p>En el marco de un hist\u00f3rico acto cumplido en el Senado de la Naci\u00f3n Argentina, una delegaci\u00f3n binacional compuesta por<\/p>\n","protected":false},"author":3,"featured_media":48873,"comment_status":"closed","ping_status":"closed","sticky":false,"template":"","format":"standard","meta":{"_acf_changed":false,"_seopress_robots_primary_cat":"none","_seopress_titles_title":"","_seopress_titles_desc":"","_seopress_robots_index":"","colormag_page_container_layout":"default_layout","colormag_page_sidebar_layout":"default_layout","footnotes":""},"categories":[1],"tags":[],"class_list":["post-48871","post","type-post","status-publish","format-standard","has-post-thumbnail","hentry","category-destacadas"],"acf":[],"_links":{"self":[{"href":"https:\/\/vocesparalelas.com.ar\/sitio\/wp-json\/wp\/v2\/posts\/48871","targetHints":{"allow":["GET"]}}],"collection":[{"href":"https:\/\/vocesparalelas.com.ar\/sitio\/wp-json\/wp\/v2\/posts"}],"about":[{"href":"https:\/\/vocesparalelas.com.ar\/sitio\/wp-json\/wp\/v2\/types\/post"}],"author":[{"embeddable":true,"href":"https:\/\/vocesparalelas.com.ar\/sitio\/wp-json\/wp\/v2\/users\/3"}],"replies":[{"embeddable":true,"href":"https:\/\/vocesparalelas.com.ar\/sitio\/wp-json\/wp\/v2\/comments?post=48871"}],"version-history":[{"count":1,"href":"https:\/\/vocesparalelas.com.ar\/sitio\/wp-json\/wp\/v2\/posts\/48871\/revisions"}],"predecessor-version":[{"id":48874,"href":"https:\/\/vocesparalelas.com.ar\/sitio\/wp-json\/wp\/v2\/posts\/48871\/revisions\/48874"}],"wp:featuredmedia":[{"embeddable":true,"href":"https:\/\/vocesparalelas.com.ar\/sitio\/wp-json\/wp\/v2\/media\/48873"}],"wp:attachment":[{"href":"https:\/\/vocesparalelas.com.ar\/sitio\/wp-json\/wp\/v2\/media?parent=48871"}],"wp:term":[{"taxonomy":"category","embeddable":true,"href":"https:\/\/vocesparalelas.com.ar\/sitio\/wp-json\/wp\/v2\/categories?post=48871"},{"taxonomy":"post_tag","embeddable":true,"href":"https:\/\/vocesparalelas.com.ar\/sitio\/wp-json\/wp\/v2\/tags?post=48871"}],"curies":[{"name":"wp","href":"https:\/\/api.w.org\/{rel}","templated":true}]}}