{"id":48847,"date":"2022-05-13T21:38:48","date_gmt":"2022-05-14T00:38:48","guid":{"rendered":"https:\/\/vocesparalelas.com.ar\/sitio\/?p=48847"},"modified":"2022-05-15T20:48:26","modified_gmt":"2022-05-15T23:48:26","slug":"disfruta-el-eclipse-total-de-luna","status":"publish","type":"post","link":"https:\/\/vocesparalelas.com.ar\/sitio\/disfruta-el-eclipse-total-de-luna\/","title":{"rendered":"Disfruta el Eclipse Total de Luna"},"content":{"rendered":"<p>Durante la noche del Domingo, 15 de Mayo y la madrugada del Lunes, 16 de Mayo se puede observar el Eclipse Total de Luna que tiene como protagonistas a la Tierra, el Sol y a la propia Luna.<\/p>\n<p>Un Eclipse Total de Luna se da cuando la Tierra se interpone entre el Sol y sat\u00e9lite natural generando un cono de sombra, que oscurece a la Luna ti\u00f1\u00e9ndola de un color rojizo mientras se encuentra en su fase llena, por eso se la conoce como \u00abluna de sangre\u00bb.<\/p>\n<p>En San Juan, el fen\u00f3meno se puede observar a simple vista siempre y cuando el tiempo acompa\u00f1e y el cielo se encuentre limpio.<\/p>\n<p><span style=\"color: #339966;\"><strong>Detalles a tener en cuenta\u00a0<\/strong><\/span><\/p>\n<ul>\n<li>En Argentina, el eclipse total se puede ver desde cualquier punto, siempre y cuando la nubosidad lo permita.<\/li>\n<li>A las 0.29 h del 16 de Mayo comienza el eclipse total y la Luna ya se ver\u00e1 de color rojo.<\/li>\n<li>No hace falta m\u00e1scaras ni lentes homologados o filtros especiales, se puede apreciar a simple vista.<\/li>\n<li>El pr\u00f3ximo eclipse total de la Luna se presenta el 8 de Noviembre de 2022.<\/li>\n<\/ul>\n","protected":false},"excerpt":{"rendered":"<p>Durante la noche del Domingo, 15 de Mayo y la madrugada del Lunes, 16 de Mayo se puede observar el<\/p>\n","protected":false},"author":3,"featured_media":21701,"comment_status":"closed","ping_status":"closed","sticky":false,"template":"","format":"standard","meta":{"_acf_changed":false,"_seopress_robots_primary_cat":"none","_seopress_titles_title":"","_seopress_titles_desc":"","_seopress_robots_index":"","colormag_page_container_layout":"default_layout","colormag_page_sidebar_layout":"default_layout","footnotes":""},"categories":[6],"tags":[],"class_list":["post-48847","post","type-post","status-publish","format-standard","has-post-thumbnail","hentry","category-eventos"],"acf":[],"_links":{"self":[{"href":"https:\/\/vocesparalelas.com.ar\/sitio\/wp-json\/wp\/v2\/posts\/48847","targetHints":{"allow":["GET"]}}],"collection":[{"href":"https:\/\/vocesparalelas.com.ar\/sitio\/wp-json\/wp\/v2\/posts"}],"about":[{"href":"https:\/\/vocesparalelas.com.ar\/sitio\/wp-json\/wp\/v2\/types\/post"}],"author":[{"embeddable":true,"href":"https:\/\/vocesparalelas.com.ar\/sitio\/wp-json\/wp\/v2\/users\/3"}],"replies":[{"embeddable":true,"href":"https:\/\/vocesparalelas.com.ar\/sitio\/wp-json\/wp\/v2\/comments?post=48847"}],"version-history":[{"count":1,"href":"https:\/\/vocesparalelas.com.ar\/sitio\/wp-json\/wp\/v2\/posts\/48847\/revisions"}],"predecessor-version":[{"id":48849,"href":"https:\/\/vocesparalelas.com.ar\/sitio\/wp-json\/wp\/v2\/posts\/48847\/revisions\/48849"}],"wp:featuredmedia":[{"embeddable":true,"href":"https:\/\/vocesparalelas.com.ar\/sitio\/wp-json\/wp\/v2\/media\/21701"}],"wp:attachment":[{"href":"https:\/\/vocesparalelas.com.ar\/sitio\/wp-json\/wp\/v2\/media?parent=48847"}],"wp:term":[{"taxonomy":"category","embeddable":true,"href":"https:\/\/vocesparalelas.com.ar\/sitio\/wp-json\/wp\/v2\/categories?post=48847"},{"taxonomy":"post_tag","embeddable":true,"href":"https:\/\/vocesparalelas.com.ar\/sitio\/wp-json\/wp\/v2\/tags?post=48847"}],"curies":[{"name":"wp","href":"https:\/\/api.w.org\/{rel}","templated":true}]}}