{"id":48832,"date":"2022-05-13T14:26:58","date_gmt":"2022-05-13T17:26:58","guid":{"rendered":"https:\/\/vocesparalelas.com.ar\/sitio\/?p=48832"},"modified":"2022-05-14T20:14:08","modified_gmt":"2022-05-14T23:14:08","slug":"dia-internacional-de-los-museos-2022-en-san-juan","status":"publish","type":"post","link":"https:\/\/vocesparalelas.com.ar\/sitio\/dia-internacional-de-los-museos-2022-en-san-juan\/","title":{"rendered":"D\u00eda Internacional de los Museos 2022 en San Juan"},"content":{"rendered":"<p>Se celebra el D\u00eda Internacional de los Museos en San Juan con una semana cargada de actividades que rescatan el v\u00ednculo entre instituciones culturales, bajo el lema \u201cEl poder de los Museos\u201d.<\/p>\n<p>La presente edici\u00f3n invita a reflexionar sobre el poder transformador y el fortalecimiento de lazos entre museos y centros culturales de la provincia, mediante una convocatoria amplia a diversos actores y referentes culturales; para el disfrute de toda la comunidad.<\/p>\n<p><span style=\"color: #ff6600;\"><strong>Participan<\/strong><\/span><\/p>\n<ul>\n<li>Museo Casa Natal de Sarmiento;<\/li>\n<li>Museo Hist\u00f3rico Policial;<\/li>\n<li>Instituto y Museo de Ciencias Naturales<\/li>\n<li>Museo Tornamb\u00e9<\/li>\n<li>Museo de la Historia Urbana<\/li>\n<li>Asociaci\u00f3n AMUPRI<\/li>\n<li>Centro Cultural Estaci\u00f3n San Mart\u00edn<\/li>\n<li>Centro Cultural Conte Grand<\/li>\n<li>Centro Ambiental Anchipurac<\/li>\n<li>Asociaci\u00f3n Cultural Sanmartiniana<\/li>\n<li>Instituto de Historia Regional y Argentina<\/li>\n<li>Sociedad Israelita de Beneficencia de San Juan<\/li>\n<li>Club Sirio Liban\u00e9s de San Juan<\/li>\n<li>Regimiento de Infanter\u00eda de Monta\u00f1a 22<\/li>\n<li>Universidad Nacional de San Juan<\/li>\n<li>Facultad de Filosof\u00eda, Humanidades y Artes de la UNS<\/li>\n<\/ul>\n<p><span style=\"color: #ff6600;\"><strong>Programaci\u00f3n<\/strong><\/span><\/p>\n<p><a href=\"https:\/\/vocesparalelas.com.ar\/sitio\/wp-content\/uploads\/2022\/05\/PROGRAMACIO\u0301N-DIA-INTERNACIONAL-DE-LOS-MUSEOS-2022.pdf\">PROGRAMACIO\u0301N DIA INTERNACIONAL DE LOS MUSEOS 2022<\/a><\/p>\n<p>&nbsp;<\/p>\n<p>&nbsp;<\/p>\n<p>&nbsp;<\/p>\n","protected":false},"excerpt":{"rendered":"<p>Se celebra el D\u00eda Internacional de los Museos en San Juan con una semana cargada de actividades que rescatan el<\/p>\n","protected":false},"author":3,"featured_media":48835,"comment_status":"closed","ping_status":"closed","sticky":false,"template":"","format":"standard","meta":{"_acf_changed":false,"_seopress_robots_primary_cat":"none","_seopress_titles_title":"","_seopress_titles_desc":"","_seopress_robots_index":"","colormag_page_container_layout":"default_layout","colormag_page_sidebar_layout":"default_layout","footnotes":""},"categories":[20],"tags":[],"class_list":["post-48832","post","type-post","status-publish","format-standard","has-post-thumbnail","hentry","category-cartelera"],"acf":[],"_links":{"self":[{"href":"https:\/\/vocesparalelas.com.ar\/sitio\/wp-json\/wp\/v2\/posts\/48832","targetHints":{"allow":["GET"]}}],"collection":[{"href":"https:\/\/vocesparalelas.com.ar\/sitio\/wp-json\/wp\/v2\/posts"}],"about":[{"href":"https:\/\/vocesparalelas.com.ar\/sitio\/wp-json\/wp\/v2\/types\/post"}],"author":[{"embeddable":true,"href":"https:\/\/vocesparalelas.com.ar\/sitio\/wp-json\/wp\/v2\/users\/3"}],"replies":[{"embeddable":true,"href":"https:\/\/vocesparalelas.com.ar\/sitio\/wp-json\/wp\/v2\/comments?post=48832"}],"version-history":[{"count":1,"href":"https:\/\/vocesparalelas.com.ar\/sitio\/wp-json\/wp\/v2\/posts\/48832\/revisions"}],"predecessor-version":[{"id":48836,"href":"https:\/\/vocesparalelas.com.ar\/sitio\/wp-json\/wp\/v2\/posts\/48832\/revisions\/48836"}],"wp:featuredmedia":[{"embeddable":true,"href":"https:\/\/vocesparalelas.com.ar\/sitio\/wp-json\/wp\/v2\/media\/48835"}],"wp:attachment":[{"href":"https:\/\/vocesparalelas.com.ar\/sitio\/wp-json\/wp\/v2\/media?parent=48832"}],"wp:term":[{"taxonomy":"category","embeddable":true,"href":"https:\/\/vocesparalelas.com.ar\/sitio\/wp-json\/wp\/v2\/categories?post=48832"},{"taxonomy":"post_tag","embeddable":true,"href":"https:\/\/vocesparalelas.com.ar\/sitio\/wp-json\/wp\/v2\/tags?post=48832"}],"curies":[{"name":"wp","href":"https:\/\/api.w.org\/{rel}","templated":true}]}}