{"id":48828,"date":"2022-05-13T14:03:51","date_gmt":"2022-05-13T17:03:51","guid":{"rendered":"https:\/\/vocesparalelas.com.ar\/sitio\/?p=48828"},"modified":"2022-05-15T00:19:40","modified_gmt":"2022-05-15T03:19:40","slug":"reposicion-de-la-obra-de-danza-maestra-carmina-burana","status":"publish","type":"post","link":"https:\/\/vocesparalelas.com.ar\/sitio\/reposicion-de-la-obra-de-danza-maestra-carmina-burana\/","title":{"rendered":"Reposici\u00f3n de la Obra de Danza Maestra \u00abCarmina Burana\u00bb"},"content":{"rendered":"<p>El S\u00e1bado, 14 de Mayo, a las 21:30 hs.; en el Teatro Sarmiento se presenta la Reposici\u00f3n de la Obra de Danza Maestra \u00abCarmina Burana\u00bb, de Carl Orff, con creaci\u00f3n y composici\u00f3n del reconocido director, core\u00f3grafo y maestro Juan Carlos Abraham.<\/p>\n<p>La reposici\u00f3n est\u00e1 a cargo de Riveros Luna C\u00eda. de Danzas, artistas invitados e int\u00e9rpretes de anteriores reposiciones; bajo la direcci\u00f3n de Javier Riveros y Natalia Luna.<\/p>\n<p>Cabe destacar que esta obra fue estrenada en San Juan en el a\u00f1o 1977 y su primera reposici\u00f3n fue en 1987 por Abraham. Los objetivos son reconocer el trabajo de Juan Carlos Abraham, uno de los grandes artistas de la provincia de San Juan, cuya labor fue enriquecer el lenguaje de la Danza en todos sus aspectos; Revalorizar una de las obras maestras de la Danza de este artista, y de la historia de esta provincia.<\/p>\n<p>La reposici\u00f3n de la obra de Juan Carlos Abraham forma parte del proyecto \u00abEl Sarmiento Produce\u00bb, bajo coordinaci\u00f3n del Ministerio de Turismo y Cultura del Gobierno de San Juan. Dicho programa tiene por objetivo revalorizar las artes esc\u00e9nicas a trav\u00e9s de la cogesti\u00f3n con los hacedores independientes.<\/p>\n<p><span style=\"color: #99cc00;\"><strong>Ficha t\u00e9cnico art\u00edstica reposici\u00f3n \u00abCarmina Burana\u00bb<\/strong><\/span><\/p>\n<ul>\n<li>Int\u00e9rpretes: Virginia Luna, Luciana Icazatti, Sebasti\u00e1n Gonz\u00e1lez, Karen Aguirre, Florencia D. Tejada, Victoria Sanchez, Jorgelina Leotta, Federico Luna, Federico Acosta, Fernando Mu\u00f1oz, Ignacio Herrera, Brian Moyano, Florencia Arce, Jorgelina Leotta, Agustina Zapata, Guadalupe Garrido, Paz Gonz\u00e1lez, Sol Puidengolas,\u00a0Viviana Quiroga, Marcela Puga, Fabiana Rivera, Ana Mar\u00eda Ortiz, Silvina Venbenuto, Mar\u00eda L. Mareca, Milagros Mareca, Ana Boetti, Patricia Grafiggna, Soledad Benavidez, Sandra Vazquez.<\/li>\n<li>M\u00fasica: Carl Orff<\/li>\n<li>Coreograf\u00eda: Juan Carlos Abraham<\/li>\n<li>Reposici\u00f3n de Obra: Javier Riveros y Natalia Luna<\/li>\n<li>Relatos: Valentina Viviani<\/li>\n<li>M\u00e1scaras: Anal\u00eda Luna, Erica Luna, Leticia Ibazeta<\/li>\n<li>Vestuario: Andrea Martinez<\/li>\n<li>Asesoramiento escenogr\u00e1fico y de vestuario: Javier Riveros, Natalia Luna<\/li>\n<li>Iluminaci\u00f3n: Rodolfo Mier<\/li>\n<li>Producci\u00f3n: Mar\u00eda de los Angeles Perez<\/li>\n<li>Direcci\u00f3n General: Javier Riveros y Natalia Luna<\/li>\n<li>CoProducci\u00f3n: Ministerio Turismo y Cultura de la Pcia. de San Juan.<\/li>\n<li>Directora del Teatro Sarmiento: Karen Achiles<\/li>\n<li>Coordinadora de Artes Esc\u00e9nicas: Mercedes Rivero Prolongo<\/li>\n<\/ul>\n<p>Las entradas tienen un valor de $350 y pueden adquirirse on line, a trav\u00e9s del siguiente link<\/p>\n<p><a href=\"https:\/\/bit.ly\/CARMINABURANADanza\">https:\/\/bit.ly\/CARMINABURANADanza<\/a><\/p>\n<p>Tambi\u00e9n, en\u00a0 boleter\u00eda del Teatro Sarmiento desde el Jueves, 12 de Mayo, de 9 a 13 hs y 17 a 20 hs.<\/p>\n<p><img loading=\"lazy\" decoding=\"async\" class=\"alignnone size-large wp-image-48830\" src=\"https:\/\/vocesparalelas.com.ar\/sitio\/wp-content\/uploads\/2022\/05\/CARMINA-BURANA-800x800.jpg\" alt=\"\" width=\"800\" height=\"800\" srcset=\"https:\/\/vocesparalelas.com.ar\/sitio\/wp-content\/uploads\/2022\/05\/CARMINA-BURANA-800x800.jpg 800w, https:\/\/vocesparalelas.com.ar\/sitio\/wp-content\/uploads\/2022\/05\/CARMINA-BURANA-300x300.jpg 300w, https:\/\/vocesparalelas.com.ar\/sitio\/wp-content\/uploads\/2022\/05\/CARMINA-BURANA-150x150.jpg 150w, https:\/\/vocesparalelas.com.ar\/sitio\/wp-content\/uploads\/2022\/05\/CARMINA-BURANA-768x768.jpg 768w, https:\/\/vocesparalelas.com.ar\/sitio\/wp-content\/uploads\/2022\/05\/CARMINA-BURANA.jpg 1024w\" sizes=\"auto, (max-width: 800px) 100vw, 800px\" \/><\/p>\n","protected":false},"excerpt":{"rendered":"<p>El S\u00e1bado, 14 de Mayo, a las 21:30 hs.; en el Teatro Sarmiento se presenta la Reposici\u00f3n de la Obra<\/p>\n","protected":false},"author":3,"featured_media":15615,"comment_status":"closed","ping_status":"closed","sticky":false,"template":"","format":"standard","meta":{"_acf_changed":false,"_seopress_robots_primary_cat":"none","_seopress_titles_title":"","_seopress_titles_desc":"","_seopress_robots_index":"","colormag_page_container_layout":"default_layout","colormag_page_sidebar_layout":"default_layout","footnotes":""},"categories":[20],"tags":[],"class_list":["post-48828","post","type-post","status-publish","format-standard","has-post-thumbnail","hentry","category-cartelera"],"acf":[],"_links":{"self":[{"href":"https:\/\/vocesparalelas.com.ar\/sitio\/wp-json\/wp\/v2\/posts\/48828","targetHints":{"allow":["GET"]}}],"collection":[{"href":"https:\/\/vocesparalelas.com.ar\/sitio\/wp-json\/wp\/v2\/posts"}],"about":[{"href":"https:\/\/vocesparalelas.com.ar\/sitio\/wp-json\/wp\/v2\/types\/post"}],"author":[{"embeddable":true,"href":"https:\/\/vocesparalelas.com.ar\/sitio\/wp-json\/wp\/v2\/users\/3"}],"replies":[{"embeddable":true,"href":"https:\/\/vocesparalelas.com.ar\/sitio\/wp-json\/wp\/v2\/comments?post=48828"}],"version-history":[{"count":1,"href":"https:\/\/vocesparalelas.com.ar\/sitio\/wp-json\/wp\/v2\/posts\/48828\/revisions"}],"predecessor-version":[{"id":48831,"href":"https:\/\/vocesparalelas.com.ar\/sitio\/wp-json\/wp\/v2\/posts\/48828\/revisions\/48831"}],"wp:featuredmedia":[{"embeddable":true,"href":"https:\/\/vocesparalelas.com.ar\/sitio\/wp-json\/wp\/v2\/media\/15615"}],"wp:attachment":[{"href":"https:\/\/vocesparalelas.com.ar\/sitio\/wp-json\/wp\/v2\/media?parent=48828"}],"wp:term":[{"taxonomy":"category","embeddable":true,"href":"https:\/\/vocesparalelas.com.ar\/sitio\/wp-json\/wp\/v2\/categories?post=48828"},{"taxonomy":"post_tag","embeddable":true,"href":"https:\/\/vocesparalelas.com.ar\/sitio\/wp-json\/wp\/v2\/tags?post=48828"}],"curies":[{"name":"wp","href":"https:\/\/api.w.org\/{rel}","templated":true}]}}