{"id":48823,"date":"2022-05-12T21:28:16","date_gmt":"2022-05-13T00:28:16","guid":{"rendered":"https:\/\/vocesparalelas.com.ar\/sitio\/?p=48823"},"modified":"2022-05-14T00:07:20","modified_gmt":"2022-05-14T03:07:20","slug":"la-eucs-de-la-unsj-se-fortalece-en-san-juan","status":"publish","type":"post","link":"https:\/\/vocesparalelas.com.ar\/sitio\/la-eucs-de-la-unsj-se-fortalece-en-san-juan\/","title":{"rendered":"La EUCS de la UNSJ se fortalece en San Juan"},"content":{"rendered":"<p>El Jueves, 12 de Mayo de 2022, en las presentaciones de la Memoria Anual en la Asamblea Universitaria de la Universidad Nacional de San Juan.<\/p>\n<p>Voces Paralelas entrevist\u00f3 al Director de la EUCS de la UNSJ, Lic. \u00c1ngel Pinto, quien dese\u00f3 a los enfermeros un d\u00eda muy especial en su d\u00eda. Adem\u00e1s, remarc\u00f3 que es la primera vez que se presenta para dar el informe anual 2020 &#8211; 2021 durante la Asamblea.<\/p>\n<p><iframe loading=\"lazy\" title=\"UNSJ EUCS LIC PINTO\" width=\"800\" height=\"450\" src=\"https:\/\/www.youtube.com\/embed\/eRDLdaFLAQQ?feature=oembed\" frameborder=\"0\" allow=\"accelerometer; autoplay; clipboard-write; encrypted-media; gyroscope; picture-in-picture\" allowfullscreen><\/iframe><\/p>\n<p><img loading=\"lazy\" decoding=\"async\" class=\"alignnone size-full wp-image-48809\" src=\"https:\/\/vocesparalelas.com.ar\/sitio\/wp-content\/uploads\/2022\/05\/UNSJ-EUCS-PINTO-01.jpg\" alt=\"\" width=\"800\" height=\"533\" srcset=\"https:\/\/vocesparalelas.com.ar\/sitio\/wp-content\/uploads\/2022\/05\/UNSJ-EUCS-PINTO-01.jpg 800w, https:\/\/vocesparalelas.com.ar\/sitio\/wp-content\/uploads\/2022\/05\/UNSJ-EUCS-PINTO-01-300x200.jpg 300w, https:\/\/vocesparalelas.com.ar\/sitio\/wp-content\/uploads\/2022\/05\/UNSJ-EUCS-PINTO-01-768x512.jpg 768w\" sizes=\"auto, (max-width: 800px) 100vw, 800px\" \/><\/p>\n<p>&nbsp;<\/p>\n<p>&nbsp;<\/p>\n","protected":false},"excerpt":{"rendered":"<p>El Jueves, 12 de Mayo de 2022, en las presentaciones de la Memoria Anual en la Asamblea Universitaria de la<\/p>\n","protected":false},"author":3,"featured_media":48810,"comment_status":"closed","ping_status":"closed","sticky":false,"template":"","format":"video","meta":{"_acf_changed":false,"_seopress_robots_primary_cat":"none","_seopress_titles_title":"","_seopress_titles_desc":"","_seopress_robots_index":"","colormag_page_container_layout":"default_layout","colormag_page_sidebar_layout":"default_layout","footnotes":""},"categories":[10,7],"tags":[],"class_list":["post-48823","post","type-post","status-publish","format-video","has-post-thumbnail","hentry","category-opiniones","category-videos","post_format-post-format-video"],"acf":[],"_links":{"self":[{"href":"https:\/\/vocesparalelas.com.ar\/sitio\/wp-json\/wp\/v2\/posts\/48823","targetHints":{"allow":["GET"]}}],"collection":[{"href":"https:\/\/vocesparalelas.com.ar\/sitio\/wp-json\/wp\/v2\/posts"}],"about":[{"href":"https:\/\/vocesparalelas.com.ar\/sitio\/wp-json\/wp\/v2\/types\/post"}],"author":[{"embeddable":true,"href":"https:\/\/vocesparalelas.com.ar\/sitio\/wp-json\/wp\/v2\/users\/3"}],"replies":[{"embeddable":true,"href":"https:\/\/vocesparalelas.com.ar\/sitio\/wp-json\/wp\/v2\/comments?post=48823"}],"version-history":[{"count":1,"href":"https:\/\/vocesparalelas.com.ar\/sitio\/wp-json\/wp\/v2\/posts\/48823\/revisions"}],"predecessor-version":[{"id":48825,"href":"https:\/\/vocesparalelas.com.ar\/sitio\/wp-json\/wp\/v2\/posts\/48823\/revisions\/48825"}],"wp:featuredmedia":[{"embeddable":true,"href":"https:\/\/vocesparalelas.com.ar\/sitio\/wp-json\/wp\/v2\/media\/48810"}],"wp:attachment":[{"href":"https:\/\/vocesparalelas.com.ar\/sitio\/wp-json\/wp\/v2\/media?parent=48823"}],"wp:term":[{"taxonomy":"category","embeddable":true,"href":"https:\/\/vocesparalelas.com.ar\/sitio\/wp-json\/wp\/v2\/categories?post=48823"},{"taxonomy":"post_tag","embeddable":true,"href":"https:\/\/vocesparalelas.com.ar\/sitio\/wp-json\/wp\/v2\/tags?post=48823"}],"curies":[{"name":"wp","href":"https:\/\/api.w.org\/{rel}","templated":true}]}}