{"id":48797,"date":"2022-05-12T22:22:19","date_gmt":"2022-05-13T01:22:19","guid":{"rendered":"https:\/\/vocesparalelas.com.ar\/sitio\/?p=48797"},"modified":"2022-05-13T23:27:02","modified_gmt":"2022-05-14T02:27:02","slug":"detalles-del-operativo-censo-2022-en-san-juan","status":"publish","type":"post","link":"https:\/\/vocesparalelas.com.ar\/sitio\/detalles-del-operativo-censo-2022-en-san-juan\/","title":{"rendered":"Detalles del operativo Censo 2022 en San Juan"},"content":{"rendered":"<p>En conferencia de prensa, la ministro de Hacienda y Finanzas del Gobierno de San Juan, CPN Marisa L\u00f3pez, brind\u00f3 detalles sobre la situaci\u00f3n en la provincia respecto al Censo 2022.<\/p>\n<p>En primer t\u00e9rmino, la ministro destac\u00f3 que \u00abel gran avance en el porcentaje de la poblaci\u00f3n de San Juan que optaron por el censo digital. Estamos alcanzando el 20%, pido quienes tienen la posibilidad de hacerlo que lo hagan. Responder el censo digital es muy importante para nosotros por la tarea de los censistas pero tambi\u00e9n para las familias censadas, porque solo deben exhibir del c\u00f3digo que arroja el censo digital y responder una pregunta, lo que les lleva aproximadamente un minuto\u201d.<\/p>\n<p>Adem\u00e1s, record\u00f3 que en caso de no poder hacerlo en su domicilio, contin\u00faan vigentes Puntos Digitales en los distintos departamentos de San Juan y movilidades identificadas con carteler\u00eda del censo a los efectos de asistirlos para realizar el censo y evacuar las dudas. Estamos trabajando para que estos puntos digitales est\u00e9n abiertos hasta los S\u00e1bados y Domingos hasta el Mi\u00e9rcoles, a las 8 h. que es el d\u00eda del censo, horario en que se cierra el censo digital y comienza el presencial\u201d.<\/p>\n<p>Por otra parte, cuanto a la preparaci\u00f3n del Censo Presencial, asegur\u00f3 que se cuenta con el 100% del personal que se necesita y se est\u00e1n capacitando en cada tarea que se requiere.<\/p>\n<p>Tambi\u00e9n, destac\u00f3 que \u00abel Lunes se inici\u00f3 el censo rural para lo cual se cuenta con la colaboraci\u00f3n de las fuerzas de seguridad y los ministerios de Educaci\u00f3n, Salud P\u00fablica y Desarrollo humano y Promoci\u00f3n Social para el operativo censal de viviendas colectivas. En los departamentos, los asistentes municipales conjuntamente con las polic\u00edas comunales nos est\u00e1n ayudando en la tarea de llegar a las zonas de m\u00e1s dif\u00edcil acceso\u201d.<\/p>\n<p>Finalmente, la ministro record\u00f3 que \u00abel primer censo se realiz\u00f3 en la presidencia de Sarmiento en 1869 y se realiza de forma ininterrumpida y apel\u00f3 a la memoria que siempre nos preparamos con entusiasmo para recibir al censista. Queremos transmitir la necesidad y la importancia de contar con datos estad\u00edsticos, el censo nos aporta datos para trabajar en las fortalezas que tiene una zona o regi\u00f3n, pero tambi\u00e9n en las debilidades. Es una informaci\u00f3n que nos sirve a todos\u201d.<\/p>\n<p>Estuvieron presentes, la secretaria de la Gesti\u00f3n P\u00fablica, Lorena L\u00f3pez, el coordinador de Log\u00edstica del Censo, Marcelo Esp\u00f3sito y la directora del IIEE, Claudia Lecich.<\/p>\n<p><span style=\"color: #99cc00;\"><strong>Datos destacados al 12 de Mayo<\/strong><\/span><\/p>\n<ul>\n<li>San Juan tiene el 20% de la poblaci\u00f3n con Censo Digital completo. Se mantienen los Puntos Digitales en todos los departamentos.<\/li>\n<li>Nuestra provincia tiene el 100 % del personal que realizar\u00e1 el Operativo Censal.<\/li>\n<li>19 jefes de Departamento.<\/li>\n<li>101 jefes de Fracci\u00f3n.<\/li>\n<li>254 asistentes de Fracci\u00f3n.<\/li>\n<li>888 jefes de Radio.<\/li>\n<li>13.000 Censistas m\u00e1s refuerzos disponibles en caso de ser necesario.<\/li>\n<li>Se encuentra en desarrollo el operativo censal rural y en zonas de dif\u00edcil acceso con la colaboraci\u00f3n del Min de Educaci\u00f3n, Seguridad, Gendarmer\u00eda, Ej\u00e9rcito y Municipios<\/li>\n<li>Se encuentra en desarrollo el operativo censal de viviendas colectivas con la colaboraci\u00f3n de los ministerios de Salud y Desarrollo Humano.<\/li>\n<\/ul>\n","protected":false},"excerpt":{"rendered":"<p>En conferencia de prensa, la ministro de Hacienda y Finanzas del Gobierno de San Juan, CPN Marisa L\u00f3pez, brind\u00f3 detalles<\/p>\n","protected":false},"author":3,"featured_media":48799,"comment_status":"closed","ping_status":"closed","sticky":false,"template":"","format":"standard","meta":{"_acf_changed":false,"_seopress_robots_primary_cat":"none","_seopress_titles_title":"","_seopress_titles_desc":"","_seopress_robots_index":"","colormag_page_container_layout":"default_layout","colormag_page_sidebar_layout":"default_layout","footnotes":""},"categories":[6],"tags":[],"class_list":["post-48797","post","type-post","status-publish","format-standard","has-post-thumbnail","hentry","category-eventos"],"acf":[],"_links":{"self":[{"href":"https:\/\/vocesparalelas.com.ar\/sitio\/wp-json\/wp\/v2\/posts\/48797","targetHints":{"allow":["GET"]}}],"collection":[{"href":"https:\/\/vocesparalelas.com.ar\/sitio\/wp-json\/wp\/v2\/posts"}],"about":[{"href":"https:\/\/vocesparalelas.com.ar\/sitio\/wp-json\/wp\/v2\/types\/post"}],"author":[{"embeddable":true,"href":"https:\/\/vocesparalelas.com.ar\/sitio\/wp-json\/wp\/v2\/users\/3"}],"replies":[{"embeddable":true,"href":"https:\/\/vocesparalelas.com.ar\/sitio\/wp-json\/wp\/v2\/comments?post=48797"}],"version-history":[{"count":1,"href":"https:\/\/vocesparalelas.com.ar\/sitio\/wp-json\/wp\/v2\/posts\/48797\/revisions"}],"predecessor-version":[{"id":48800,"href":"https:\/\/vocesparalelas.com.ar\/sitio\/wp-json\/wp\/v2\/posts\/48797\/revisions\/48800"}],"wp:featuredmedia":[{"embeddable":true,"href":"https:\/\/vocesparalelas.com.ar\/sitio\/wp-json\/wp\/v2\/media\/48799"}],"wp:attachment":[{"href":"https:\/\/vocesparalelas.com.ar\/sitio\/wp-json\/wp\/v2\/media?parent=48797"}],"wp:term":[{"taxonomy":"category","embeddable":true,"href":"https:\/\/vocesparalelas.com.ar\/sitio\/wp-json\/wp\/v2\/categories?post=48797"},{"taxonomy":"post_tag","embeddable":true,"href":"https:\/\/vocesparalelas.com.ar\/sitio\/wp-json\/wp\/v2\/tags?post=48797"}],"curies":[{"name":"wp","href":"https:\/\/api.w.org\/{rel}","templated":true}]}}