{"id":48793,"date":"2022-05-12T19:30:12","date_gmt":"2022-05-12T22:30:12","guid":{"rendered":"https:\/\/vocesparalelas.com.ar\/sitio\/?p=48793"},"modified":"2022-05-12T20:30:23","modified_gmt":"2022-05-12T23:30:23","slug":"se-profundiza-el-vinculo-de-integracion-binacional-entre-chile-y-argentina","status":"publish","type":"post","link":"https:\/\/vocesparalelas.com.ar\/sitio\/se-profundiza-el-vinculo-de-integracion-binacional-entre-chile-y-argentina\/","title":{"rendered":"Se profundiza el v\u00ednculo de integraci\u00f3n binacional entre Chile y Argentina"},"content":{"rendered":"<div class=\"itemFullText jbintrotext\">\n<p>El titular del bloque Justicialista, diputado de San Juan, Juan Carlos Abarca y presidente de la Comisi\u00f3n de Di\u00e1logo Pol\u00edtico presidi\u00f3 en la provincia de Buenos Aires, junto a legisladores de San Juan, Rep\u00fablica Argentina y Consejeros Regionales &#8211; CORE &#8211; de la regi\u00f3n de Coquimbo, Rep\u00fablica Chile, en una reuni\u00f3n t\u00e9cnica sobre transferencia tecnol\u00f3gica en territorio que incluy\u00f3 una visita a las instalaciones en la sede del Instituto Nacional de Tecnolog\u00eda Industrial &#8211; INTI &#8211; y un encuentro con las autoridades del referido instituto.<\/p>\n<\/div>\n<div class=\"itemFullText\">\n<p>La reuni\u00f3n fue realizada en dependencias del INTI, en Avenida General Paz 5445, localidad de San Mart\u00edn y ello se inscribe en el marco de la iniciativa \u201cAgua Negra territorio tecnol\u00f3gico binacional\u201d, que fuera aprobada por la Comisi\u00f3n de Di\u00e1logo Pol\u00edtico, en ocasi\u00f3n de la reuni\u00f3n cumplida el el 22 de Febrero de 2022, realizado como una forma de profundizar a\u00fan m\u00e1s el v\u00ednculo de integraci\u00f3n binacional entre ambas regiones.<\/p>\n<p>Es oportuno consignar que la comisi\u00f3n de Di\u00e1logo Pol\u00edtico fue creada a partir del\u00a0 art\u00edculo 19\u00ba del Tratado de Maip\u00fa, suscripto el 30 de octubre de 2009, entre las entonces presidentas de Chile, Michelle Bachelet y Argentina, Cristina Fern\u00e1ndez, que se\u00f1alaba que \u201cLos Comit\u00e9s de Integraci\u00f3n podr\u00e1n prever la constituci\u00f3n de comisiones de di\u00e1logo pol\u00edtico, integradas por representantes de las Legislaturas provinciales argentinas y de los Consejos Regionales chilenos, para el fortalecimiento de sus instituciones locales, y coadyuvar, en el marco de sus competencias espec\u00edficas, a la consolidaci\u00f3n de una sociedad democr\u00e1tica y del proceso de integraci\u00f3n social y econ\u00f3mico binacional.<\/p>\n<p>Por el INTI estuvieron presentes su presidente, Rub\u00e9n Geneyro; la gerente de Servicios Industriales, In\u00e9s Dolmann; la gerente de Desarrollo Tecnol\u00f3gico e Innovaci\u00f3n, Mar\u00eda Julieta Comin; la gerente de Relaciones Institucionales y Comunicaci\u00f3n, Mar\u00eda Fernanda Becce; la subgerente de Relaciones Institucionales, Mar\u00eda Eugenia Su\u00e1rez y el responsable de la subgerencia operativa Regi\u00f3n Cuyo \u2013 sede Mendoza, Juan Carlos Najul.<\/p>\n<p>En tanto que por San Juan lo hicieron las diputadas provinciales Fernanda Paredes y Florencia Pe\u00f1aloza y el legislador Enrique Monta\u00f1o; mientras que por la hermana Rep\u00fablica de Chile, los Consejeros Regionales de Coquimbo, por la provincia de Elqui, Tatiana Ivonne del Pilar Castillo; por la provincia de Limar\u00ed, Tatiana Alejandra Cort\u00e9s y por la provincia de Choapa, Juan Manuel Barraza.<\/p>\n<p>Tras las palabras de bienvenida del presidente del INTI, Rub\u00e9n Geneyro, quien destac\u00f3 la importancia de la investigaci\u00f3n por parte del INTI y la oferta tecnol\u00f3gica en cada una de las provincias argentinas y puntualiz\u00f3 el agregado de valor a toda la producci\u00f3n primaria en cada una de las provincias, de manera de generar empleo y producci\u00f3n de calidad y remarc\u00f3 una alianza muy importante en especial en el sector minero, en el marco de una agenda permanente y la b\u00fasqueda de una integraci\u00f3n regional desde el punto de vista latinoamericano.<\/p>\n<p>Puso de manifiesto el desarrollo nacional desde el punto de vista cient\u00edfico tecnol\u00f3gico y en materia de desarrollo con ejes centrales en la sustentabilidad, el proceso de la empresa 4.0, de manera de constituirse en aliados de las Pymes.<\/p>\n<p>Luego, lo hizo la titular de la comisi\u00f3n de Fomento Productivo, Ciencia, Tecnolog\u00eda e Innovaci\u00f3n del CORE Coquimbo, consejera regional Tatiana Castillo Gonz\u00e1lez, quien apunt\u00f3 de manera concreta hacia la integraci\u00f3n binacional.<\/p>\n<p>Tambi\u00e9n Juan Carlos Najul, indic\u00f3 la participaci\u00f3n del INTI y la recuperaci\u00f3n del instituto en materia de investigaci\u00f3n y la tecnolog\u00eda en cooperaci\u00f3n con las empresas nacionales.<\/p>\n<p>Cerr\u00f3 la lista de oradores, el presidente de la comisi\u00f3n de Di\u00e1logo Pol\u00edtico, diputado provincial Juan Carlos Abarca, recalc\u00f3 la necesidad de realizar esta reuni\u00f3n e hizo referencia a la importancia de la integraci\u00f3n, destac\u00f3 la presencia del INTI y adem\u00e1s el impacto de la miner\u00eda, \u00e1rea en la que el INTI podr\u00e1 tener una activa participaci\u00f3n.<\/p>\n<p>La reuni\u00f3n culmin\u00f3 con la firma de un acta intenci\u00f3n entre el titular del INTI y el presidente de la comisi\u00f3n de Di\u00e1logo Pol\u00edtico.<\/p>\n<\/div>\n","protected":false},"excerpt":{"rendered":"<p>El titular del bloque Justicialista, diputado de San Juan, Juan Carlos Abarca y presidente de la Comisi\u00f3n de Di\u00e1logo Pol\u00edtico<\/p>\n","protected":false},"author":3,"featured_media":48795,"comment_status":"closed","ping_status":"closed","sticky":false,"template":"","format":"standard","meta":{"_acf_changed":false,"_seopress_robots_primary_cat":"none","_seopress_titles_title":"","_seopress_titles_desc":"","_seopress_robots_index":"","colormag_page_container_layout":"default_layout","colormag_page_sidebar_layout":"default_layout","footnotes":""},"categories":[1],"tags":[],"class_list":["post-48793","post","type-post","status-publish","format-standard","has-post-thumbnail","hentry","category-destacadas"],"acf":[],"_links":{"self":[{"href":"https:\/\/vocesparalelas.com.ar\/sitio\/wp-json\/wp\/v2\/posts\/48793","targetHints":{"allow":["GET"]}}],"collection":[{"href":"https:\/\/vocesparalelas.com.ar\/sitio\/wp-json\/wp\/v2\/posts"}],"about":[{"href":"https:\/\/vocesparalelas.com.ar\/sitio\/wp-json\/wp\/v2\/types\/post"}],"author":[{"embeddable":true,"href":"https:\/\/vocesparalelas.com.ar\/sitio\/wp-json\/wp\/v2\/users\/3"}],"replies":[{"embeddable":true,"href":"https:\/\/vocesparalelas.com.ar\/sitio\/wp-json\/wp\/v2\/comments?post=48793"}],"version-history":[{"count":1,"href":"https:\/\/vocesparalelas.com.ar\/sitio\/wp-json\/wp\/v2\/posts\/48793\/revisions"}],"predecessor-version":[{"id":48796,"href":"https:\/\/vocesparalelas.com.ar\/sitio\/wp-json\/wp\/v2\/posts\/48793\/revisions\/48796"}],"wp:featuredmedia":[{"embeddable":true,"href":"https:\/\/vocesparalelas.com.ar\/sitio\/wp-json\/wp\/v2\/media\/48795"}],"wp:attachment":[{"href":"https:\/\/vocesparalelas.com.ar\/sitio\/wp-json\/wp\/v2\/media?parent=48793"}],"wp:term":[{"taxonomy":"category","embeddable":true,"href":"https:\/\/vocesparalelas.com.ar\/sitio\/wp-json\/wp\/v2\/categories?post=48793"},{"taxonomy":"post_tag","embeddable":true,"href":"https:\/\/vocesparalelas.com.ar\/sitio\/wp-json\/wp\/v2\/tags?post=48793"}],"curies":[{"name":"wp","href":"https:\/\/api.w.org\/{rel}","templated":true}]}}