{"id":48787,"date":"2022-05-12T19:36:09","date_gmt":"2022-05-12T22:36:09","guid":{"rendered":"https:\/\/vocesparalelas.com.ar\/sitio\/?p=48787"},"modified":"2022-05-12T19:36:09","modified_gmt":"2022-05-12T22:36:09","slug":"coleccion-binacional-en-la-biblioteca-de-la-casa-de-san-juan-en-buenos-aires","status":"publish","type":"post","link":"https:\/\/vocesparalelas.com.ar\/sitio\/coleccion-binacional-en-la-biblioteca-de-la-casa-de-san-juan-en-buenos-aires\/","title":{"rendered":"Colecci\u00f3n Binacional en la Biblioteca de la Casa de San Juan en Buenos Aires"},"content":{"rendered":"<div class=\"itemFullText jbintrotext\">\n<p>En la Casa de San Juan en Buenos Aires fue inaugurada la Colecci\u00f3n Binacional Paso de Agua Negra, integrada por trescientas obras literarias de escritores de la regi\u00f3n de Coquimbo, Rep\u00fablica de Chile y de la provincia de San Juan, Rep\u00fablica Argentina, con la participaci\u00f3n de diputados provinciales y consejeros regionales de Coquimbo.<\/p>\n<\/div>\n<div class=\"itemFullText\">\n<p>La ceremonia ocurri\u00f3 en la sede de la casa, ubicada en calle Sarmiento 1251, de la ciudad aut\u00f3noma de Buenos Aires y congreg\u00f3 al presidente de la comisi\u00f3n de Di\u00e1logo Pol\u00edtico, diputado Juan Carlos Abarca; al vicepresidente, legislador Enrique Monta\u00f1o y las diputadas Fernanda Paredes y Florencia Pe\u00f1aloza y por el lado de Coquimbo, los consejeros regionales Tatiana Cort\u00e9s Segovia, Tatiana Castillo Gonz\u00e1lez, Marcelo Castagneto, Juan Barraza y Wladimir Pleticosic, quienes fueron recibidos por el director de la Casa de San Juan, Juan Cruz D\u00e1vila.<\/p>\n<p>Precisamente, el responsable de esta hist\u00f3rica casa ofreci\u00f3 la bienvenida a los consejeros regionales de Chile y a los legisladores sanjuaninos presentes y destac\u00f3 su agradecimiento al vicegobernador Roberto Gattoni, \u201cpor permitirnos ser parte de esta integraci\u00f3n y dejar inaugurada la Colecci\u00f3n Binacional y hacer realidad el sue\u00f1o de nuestro gobernador Sergio U\u00f1ac de llevar a cabo el t\u00fanel de Agua Negra\u201d.<\/p>\n<p>Luego, el secretario Legislativo de la C\u00e1mara de Diputados de San Juan, Nicol\u00e1s Alvo L\u00f3pez, quien tras transmitir el saludo del vicegobernador de San Juan, Roberto Gattoni, destac\u00f3 que \u201ces un honor que nos acompa\u00f1en todos aqu\u00ed en este acto y poder inaugurar la Colecci\u00f3n Binacional Agua Negra y qu\u00e9 mejor que hacerlo en la Casa de Sarmiento, con esta colecci\u00f3n que va a ser \u00fanica en Latinoam\u00e9rica compuesta por m\u00e1s de 300 obras de autores sanjuaninos y coquimbanos, en el marco de un encuentro que genera conciencia tanto en el pueblo chileno como en el argentino, acerca de lo que implica el paso de Agua Negra para un futuro tanto de argentinos como chilenos\u201d.<\/p>\n<p>A continuaci\u00f3n, fue realizado el descubrimiento de la Colecci\u00f3n Binacional Paso de Agua Negra, integrada por m\u00e1s de trescientas obras.<\/p>\n<p>M\u00e1s adelante, hubo palabras de la presidenta de la comisi\u00f3n de Educaci\u00f3n y Cultura del CORE Coquimbo, consejera regional, Tatiana Cort\u00e9s Segovia, quien sostuvo la importancia de fortalecer y nutrir nuestras ra\u00edces, a trav\u00e9s del que calific\u00f3 como\u00a0 \u00a0\u201ceste oficio maravilloso que es escribir y esta pasi\u00f3n que es infinita y m\u00e1gica que es leer\u201d y aludi\u00f3 adem\u00e1s a las historias comunes entre San Juan y Coquimbo\u201d.<\/p>\n<p>Por \u00faltimo, pronunci\u00f3 unos conceptos el titular de la comisi\u00f3n de Di\u00e1logo Pol\u00edtico, diputado Juan Carlos Abarca, quien recalc\u00f3 la importancia de participar de la ceremonia en la hist\u00f3rica casa de Domingo Faustino Sarmiento y evoc\u00f3 la hist\u00f3rica frase acu\u00f1ada por el pr\u00f3cer que rezaba \u201clas ideas no se matan\u201d, para formular una sentencia con respecto a que no debemos matar la idea de la integraci\u00f3n a trav\u00e9s del t\u00fanel de Agua Negra\u201d.<\/p>\n<p>Posteriomente, fue descubierta una placa recordatoria de la ceremonia y, acto seguido una pareja de bailarines ofreci\u00f3 una demostraci\u00f3n de baile folcl\u00f3rico con la interpretaci\u00f3n de varias cuecas cuyanas, que contaron con una gran participaci\u00f3n del p\u00fablico, luego de lo cual finaliz\u00f3 el acto.<\/p>\n<\/div>\n","protected":false},"excerpt":{"rendered":"<p>En la Casa de San Juan en Buenos Aires fue inaugurada la Colecci\u00f3n Binacional Paso de Agua Negra, integrada por<\/p>\n","protected":false},"author":3,"featured_media":48789,"comment_status":"closed","ping_status":"closed","sticky":false,"template":"","format":"standard","meta":{"_acf_changed":false,"_seopress_robots_primary_cat":"none","_seopress_titles_title":"","_seopress_titles_desc":"","_seopress_robots_index":"","colormag_page_container_layout":"default_layout","colormag_page_sidebar_layout":"default_layout","footnotes":""},"categories":[1],"tags":[],"class_list":["post-48787","post","type-post","status-publish","format-standard","has-post-thumbnail","hentry","category-destacadas"],"acf":[],"_links":{"self":[{"href":"https:\/\/vocesparalelas.com.ar\/sitio\/wp-json\/wp\/v2\/posts\/48787","targetHints":{"allow":["GET"]}}],"collection":[{"href":"https:\/\/vocesparalelas.com.ar\/sitio\/wp-json\/wp\/v2\/posts"}],"about":[{"href":"https:\/\/vocesparalelas.com.ar\/sitio\/wp-json\/wp\/v2\/types\/post"}],"author":[{"embeddable":true,"href":"https:\/\/vocesparalelas.com.ar\/sitio\/wp-json\/wp\/v2\/users\/3"}],"replies":[{"embeddable":true,"href":"https:\/\/vocesparalelas.com.ar\/sitio\/wp-json\/wp\/v2\/comments?post=48787"}],"version-history":[{"count":1,"href":"https:\/\/vocesparalelas.com.ar\/sitio\/wp-json\/wp\/v2\/posts\/48787\/revisions"}],"predecessor-version":[{"id":48790,"href":"https:\/\/vocesparalelas.com.ar\/sitio\/wp-json\/wp\/v2\/posts\/48787\/revisions\/48790"}],"wp:featuredmedia":[{"embeddable":true,"href":"https:\/\/vocesparalelas.com.ar\/sitio\/wp-json\/wp\/v2\/media\/48789"}],"wp:attachment":[{"href":"https:\/\/vocesparalelas.com.ar\/sitio\/wp-json\/wp\/v2\/media?parent=48787"}],"wp:term":[{"taxonomy":"category","embeddable":true,"href":"https:\/\/vocesparalelas.com.ar\/sitio\/wp-json\/wp\/v2\/categories?post=48787"},{"taxonomy":"post_tag","embeddable":true,"href":"https:\/\/vocesparalelas.com.ar\/sitio\/wp-json\/wp\/v2\/tags?post=48787"}],"curies":[{"name":"wp","href":"https:\/\/api.w.org\/{rel}","templated":true}]}}