{"id":48783,"date":"2022-05-12T19:32:25","date_gmt":"2022-05-12T22:32:25","guid":{"rendered":"https:\/\/vocesparalelas.com.ar\/sitio\/?p=48783"},"modified":"2022-05-12T19:32:25","modified_gmt":"2022-05-12T22:32:25","slug":"la-hermandad-entre-argentina-y-chile-presente-en-la-biblioteca-nacional-mariano-moreno","status":"publish","type":"post","link":"https:\/\/vocesparalelas.com.ar\/sitio\/la-hermandad-entre-argentina-y-chile-presente-en-la-biblioteca-nacional-mariano-moreno\/","title":{"rendered":"La Hermandad entre Argentina y Chile presente en la Biblioteca Nacional Mariano Moreno"},"content":{"rendered":"<div class=\"itemFullText jbintrotext\">\n<p>La delegaci\u00f3n binacional integrada por diputados provinciales y consejeros regionales presididas por el titular de la comisi\u00f3n de Di\u00e1logo Pol\u00edtico, legislador Juan Carlos Abarca, realiz\u00f3 durante la tarde del Jueves, 12 de Mayo de 2022, una visita a la Biblioteca Nacional Mariano Moreno, en Buenos Aires, recibida por la m\u00e1xima autoridad, el escritor Juan Sasturian.<\/p>\n<\/div>\n<div class=\"itemFullText\">\n<p>La visita transcurri\u00f3 al edificio ubicado en la calle Ag\u00fcero 2502, de Capital Federal y el director Sasturian junto al director de Coordinaci\u00f3n Cultural, Guillermo David, recibieron al grupo integrado por el director de la Casa de San Juan en Buenos Aires, Juan Cruz D\u00e1vila; el secretario Legislativo de la C\u00e1mara de Diputados, Nicol\u00e1s Alvo; la jefa de la Biblioteca \u201cSarmiento Legislador\u201d de la C\u00e1mara de Diputados, M\u00f3nica Riofr\u00edo; el director de la Casa de San Juan en Chile, Luis Enrique Valdebenito; los consejeros regionales Tatiana Ivonne del Pilar Castillo Gonz\u00e1lez, Tatiana Alejandra Cort\u00e9s Segovia, Marcelo Castagneto, Juan Manuel Barraza y Wladimir Alexander Pleticosic Orellana y los diputados provinciales de San Juan, Fernanda Paredes, Florencia Pe\u00f1aloza, Juan Carlos Abarca y Enrique Monta\u00f1o.<\/p>\n<p>El encuentro transcurri\u00f3 en un ambiente de cordialidad y sana camarader\u00eda y permiti\u00f3 profundizar los lazos de amistad, hermandad e integraci\u00f3n a trav\u00e9s de los libros y la cultura entre ambos pueblos.<\/p>\n<p>Asimismo, la oportunidad fue propicia para que la Biblioteca \u201cSarmiento Legislador\u201d de la C\u00e1mara de Diputados de San Juan entregara una colecci\u00f3n de los libros publicados durante el \u00faltimo tiempo para que la Biblioteca Nacional Mariano Moreno conserve en sus archivos.<\/p>\n<p>&nbsp;<\/p>\n<\/div>\n","protected":false},"excerpt":{"rendered":"<p>La delegaci\u00f3n binacional integrada por diputados provinciales y consejeros regionales presididas por el titular de la comisi\u00f3n de Di\u00e1logo Pol\u00edtico,<\/p>\n","protected":false},"author":3,"featured_media":48785,"comment_status":"closed","ping_status":"closed","sticky":false,"template":"","format":"standard","meta":{"_acf_changed":false,"_seopress_robots_primary_cat":"none","_seopress_titles_title":"","_seopress_titles_desc":"","_seopress_robots_index":"","colormag_page_container_layout":"default_layout","colormag_page_sidebar_layout":"default_layout","footnotes":""},"categories":[1],"tags":[],"class_list":["post-48783","post","type-post","status-publish","format-standard","has-post-thumbnail","hentry","category-destacadas"],"acf":[],"_links":{"self":[{"href":"https:\/\/vocesparalelas.com.ar\/sitio\/wp-json\/wp\/v2\/posts\/48783","targetHints":{"allow":["GET"]}}],"collection":[{"href":"https:\/\/vocesparalelas.com.ar\/sitio\/wp-json\/wp\/v2\/posts"}],"about":[{"href":"https:\/\/vocesparalelas.com.ar\/sitio\/wp-json\/wp\/v2\/types\/post"}],"author":[{"embeddable":true,"href":"https:\/\/vocesparalelas.com.ar\/sitio\/wp-json\/wp\/v2\/users\/3"}],"replies":[{"embeddable":true,"href":"https:\/\/vocesparalelas.com.ar\/sitio\/wp-json\/wp\/v2\/comments?post=48783"}],"version-history":[{"count":1,"href":"https:\/\/vocesparalelas.com.ar\/sitio\/wp-json\/wp\/v2\/posts\/48783\/revisions"}],"predecessor-version":[{"id":48786,"href":"https:\/\/vocesparalelas.com.ar\/sitio\/wp-json\/wp\/v2\/posts\/48783\/revisions\/48786"}],"wp:featuredmedia":[{"embeddable":true,"href":"https:\/\/vocesparalelas.com.ar\/sitio\/wp-json\/wp\/v2\/media\/48785"}],"wp:attachment":[{"href":"https:\/\/vocesparalelas.com.ar\/sitio\/wp-json\/wp\/v2\/media?parent=48783"}],"wp:term":[{"taxonomy":"category","embeddable":true,"href":"https:\/\/vocesparalelas.com.ar\/sitio\/wp-json\/wp\/v2\/categories?post=48783"},{"taxonomy":"post_tag","embeddable":true,"href":"https:\/\/vocesparalelas.com.ar\/sitio\/wp-json\/wp\/v2\/tags?post=48783"}],"curies":[{"name":"wp","href":"https:\/\/api.w.org\/{rel}","templated":true}]}}