{"id":48774,"date":"2022-05-13T22:57:59","date_gmt":"2022-05-14T01:57:59","guid":{"rendered":"https:\/\/vocesparalelas.com.ar\/sitio\/?p=48774"},"modified":"2022-05-15T00:18:49","modified_gmt":"2022-05-15T03:18:49","slug":"7-encuentro-nacional-de-musica-y-educacion-del-momusi","status":"publish","type":"post","link":"https:\/\/vocesparalelas.com.ar\/sitio\/7-encuentro-nacional-de-musica-y-educacion-del-momusi\/","title":{"rendered":"7\u00b0 Encuentro Nacional de M\u00fasica y Educaci\u00f3n del MOMUSI"},"content":{"rendered":"<p>MOMUSI celebra su 25 aniversario e invita a participar de los festejos organizados por la Asociaci\u00f3n que sin fines de lucro ha aportado tanto a las infancias y sus familias.<\/p>\n<p>El 7\u00b0 Encuentro Nacional de M\u00fasica y Educaci\u00f3n del MOMUSI comienza el S\u00e1bado, 14 de Mayo, a las 10:30 hs. para compartir su apertura por el canal de YouTube de Momusi &#8211; m\u00fasica para ni\u00f1os y ni\u00f1as.<\/p>\n<p><strong><span style=\"color: #339966;\">Conversan y comentan sobre estos 25 a\u00f1os de MOMUSI<\/span><\/strong><\/p>\n<ul>\n<li>Eduardo Allende, Grupo La Chicharra &#8211; C\u00f3rdoba<\/li>\n<li>Ernesto Del Viso, La Pampa<\/li>\n<li>Fernanda Massa, Grupo Al tun tun, Amba<\/li>\n<li>Sonia Brounstein, Grupo Cielo Arriba, Amba<\/li>\n<\/ul>\n<p><span style=\"color: #339966;\"><strong>Moderadoras:<\/strong><\/span><\/p>\n<ul>\n<li>Alejandra Barybar, Grupo Eureka, La Pampa<\/li>\n<li>Stella Mas, Grupo A Poncho, San Juan Regi\u00f3n Cuyo y<\/li>\n<li>Carolina Ventura, Carito Caroe, MarMawiza Patagonia<\/li>\n<li>Actividad libre y gratuita<\/li>\n<\/ul>\n<p><strong><span style=\"color: #339966;\">Cronograma<\/span><\/strong><\/p>\n<ul>\n<li>Apertura\u00a0 Nacional el 14 de Mayo, a las 10:30 hs.; virtual retransmitido por el canal de YouTube del Movimiento de M\u00fasica para ni\u00f1os y ni\u00f1as<\/li>\n<\/ul>\n<p><span style=\"color: #339966;\"><strong>En sedes, Talleres presenciales<\/strong><\/span><\/p>\n<ul>\n<li>21 de Mayo, AMBA<\/li>\n<li>4 de Junio, MARMAWIZA<\/li>\n<li>11 de Junio, C\u00d3RDOBA- LA PAMPA- BUENOS AIRES INTERIOR<\/li>\n<li>18 de Junio, SANTIAGO DEL ESTERO<\/li>\n<li>25 de Junio, USHUAIA &#8211; SAN JUAN- Regi\u00f3n Cuyo<\/li>\n<\/ul>\n<p>Toda la informaci\u00f3n en redes sociales de MOMUSI Argentina<\/p>\n","protected":false},"excerpt":{"rendered":"<p>MOMUSI celebra su 25 aniversario e invita a participar de los festejos organizados por la Asociaci\u00f3n que sin fines de<\/p>\n","protected":false},"author":3,"featured_media":48682,"comment_status":"closed","ping_status":"closed","sticky":false,"template":"","format":"standard","meta":{"_acf_changed":false,"_seopress_robots_primary_cat":"none","_seopress_titles_title":"","_seopress_titles_desc":"","_seopress_robots_index":"","colormag_page_container_layout":"default_layout","colormag_page_sidebar_layout":"default_layout","footnotes":""},"categories":[9],"tags":[],"class_list":["post-48774","post","type-post","status-publish","format-standard","has-post-thumbnail","hentry","category-cursos"],"acf":[],"_links":{"self":[{"href":"https:\/\/vocesparalelas.com.ar\/sitio\/wp-json\/wp\/v2\/posts\/48774","targetHints":{"allow":["GET"]}}],"collection":[{"href":"https:\/\/vocesparalelas.com.ar\/sitio\/wp-json\/wp\/v2\/posts"}],"about":[{"href":"https:\/\/vocesparalelas.com.ar\/sitio\/wp-json\/wp\/v2\/types\/post"}],"author":[{"embeddable":true,"href":"https:\/\/vocesparalelas.com.ar\/sitio\/wp-json\/wp\/v2\/users\/3"}],"replies":[{"embeddable":true,"href":"https:\/\/vocesparalelas.com.ar\/sitio\/wp-json\/wp\/v2\/comments?post=48774"}],"version-history":[{"count":3,"href":"https:\/\/vocesparalelas.com.ar\/sitio\/wp-json\/wp\/v2\/posts\/48774\/revisions"}],"predecessor-version":[{"id":48854,"href":"https:\/\/vocesparalelas.com.ar\/sitio\/wp-json\/wp\/v2\/posts\/48774\/revisions\/48854"}],"wp:featuredmedia":[{"embeddable":true,"href":"https:\/\/vocesparalelas.com.ar\/sitio\/wp-json\/wp\/v2\/media\/48682"}],"wp:attachment":[{"href":"https:\/\/vocesparalelas.com.ar\/sitio\/wp-json\/wp\/v2\/media?parent=48774"}],"wp:term":[{"taxonomy":"category","embeddable":true,"href":"https:\/\/vocesparalelas.com.ar\/sitio\/wp-json\/wp\/v2\/categories?post=48774"},{"taxonomy":"post_tag","embeddable":true,"href":"https:\/\/vocesparalelas.com.ar\/sitio\/wp-json\/wp\/v2\/tags?post=48774"}],"curies":[{"name":"wp","href":"https:\/\/api.w.org\/{rel}","templated":true}]}}